{"id":129831,"date":"2025-12-02T23:36:09","date_gmt":"2025-12-02T23:36:09","guid":{"rendered":"https:\/\/www.europesays.com\/pl\/129831\/"},"modified":"2025-12-02T23:36:09","modified_gmt":"2025-12-02T23:36:09","slug":"koszmar-roberta-lewandowskiego-co-za-pudlo-z-karnego-brak-slow-przeglad-sportowy-onet","status":"publish","type":"post","link":"https:\/\/www.europesays.com\/pl\/129831\/","title":{"rendered":"Koszmar Roberta Lewandowskiego! Co za pud\u0142o z karnego! Brak s\u0142\u00f3w &#8211; Przegl\u0105d Sportowy Onet"},"content":{"rendered":"<ol>\n<li><a href=\"https:\/\/news.google.com\/rss\/articles\/CBMivwFBVV95cUxNOHNqcnNKTElhcU1NWldNSG9Jd0dOR3R2T2tPaEpabWx5YlIzaHhqMzAydHZBZjVBa18xQi1BVHlQQW5BSGk3YXVvYUo2Z201NFhZT3BzNjZ2bFNNYi16X1ZKLThLNWJqak14Mk9leW5aZnVKZlhPeWRLemE2cjlBSWQxMTlDSUVnbU9zckE1a3ljb1pjZ3hpVDBfcEQ0c00xXzkzSmhBZ3R1TVA5WmtwV1hoUHFNVTJmNE94UkFGQQ?oc=5\" target=\"_blank\" rel=\"nofollow noopener\">Koszmar Roberta Lewandowskiego! Co za pud\u0142o z karnego! Brak s\u0142\u00f3w<\/a>&nbsp;&nbsp;Przegl\u0105d Sportowy Onet<\/li>\n<li><a href=\"https:\/\/news.google.com\/rss\/articles\/CBMivwFBVV95cUxPNEJtQlRFeDJDSFBLRUNLeG16SGlmN3hLOGF6UkxXNk5hOUVWeEJrQUxpbUNxc0Z2aUtCd25pd2dsS3F4TU5KQ1ZTS04yUWJaVGwzRlpIT0hHM2RYaDI5WnJycldYc1BMTWw3OEQ1MFhKWnhzNHpUczlMLUdMQi1lbTlsUWVhQXE4WEVmbWtmZUFOOHNyQ2VPSVhuNmY0VUdNYWdKYmdpdW9DWWhGZ0gwTmFsZGZQUWpmbW81SHhKbw?oc=5\" target=\"_blank\" rel=\"nofollow noopener\">FC Barcelona &#8211; Atletico Madryt [RELACJA NA \u017bYWO]<\/a>&nbsp;&nbsp;Przegl\u0105d Sportowy Onet<\/li>\n<li><a href=\"https:\/\/news.google.com\/rss\/articles\/CBMiqgFBVV95cUxPUDdGaHJjTTAzU3doUU91QzQwbkg0eWlldVhfZHBsRnljREliaXNlY3JpSE9Cb3ZnNmVFLVRFU3FQNTlzMU9adW1wdUlzRjVTQ2laVGtxQ29VbEs5Rm43RTZUNWxDWG0yN0ZrZVFXUlV3UEtCY3QxSWVWa2NPUjd3NGoyYzN0RV93Z3pHX05fR1hqeU05d0p0MVdkRU1rTmZLcWZPd1gzeDBadw?oc=5\" target=\"_blank\" rel=\"nofollow noopener\">Lewandowski na ustach ca\u0142ej Hiszpanii. 'Jeden z najgorszych w historii&#8217; Pi\u0142ka no\u017cna<\/a>&nbsp;&nbsp;Sport.pl<\/li>\n<li><a href=\"https:\/\/news.google.com\/rss\/articles\/CBMimgFBVV95cUxPTGg1ZS1DVm1UZVpEMld2c3AzZ2tCNl9PR0RCQnhmT2hiUHVQOGZjVDJTSDlYWUItRWtxOVNPdFZEVDhVekRqUVhJU1k4Qk9hN0kyeThsUzVteDJvV1JmNWdrUk5Bc25FY1Vzb0szOG9ydHQ1U0VlbjlPLVJ5M0V2R2xLSTExcEJSZTdNSHhULUpkbEJXS2FtLVh3?oc=5\" target=\"_blank\" rel=\"nofollow noopener\">Szokuj\u0105cy wynik Simeone. To jest niewyobra\u017calne<\/a>&nbsp;&nbsp;Meczyki.pl<\/li>\n<li><a href=\"https:\/\/news.google.com\/rss\/articles\/CBMi1wFBVV95cUxOdWJxTzM1aUM5MC1UZVFSdGh0UUU5Q2tRN2F1S0ZncTRLSGFLZHV3LXRPbGwwN3FqcHpJWWI1TEF5U0haUkM5UXVCQXlsX0RHNnh3R0hCeGowVnNWQUp2R2xYMUVWVUdpQ1FkelN6cm52eUlibE0wR3JzSU8wRVFjV0RoNDhyZ25wclM3RW8yclp1Yk15RHJkRUQtSXFERE45Sk1QUEkxMU8tV0dheXJvc2hRd1F0ZzU5WnVSbVFMUW1rUUx2S19LWmxkZ1Q5cl91a2VZcjl6MA?oc=5\" target=\"_blank\" rel=\"nofollow noopener\">Robert Lewandowski nie wykorzysta\u0142 takiej okazji! Zmarnowa\u0142 rzut karny w arcywa\u017cnym meczu<\/a>&nbsp;&nbsp;www.polsatsport.pl<\/li>\n<\/ol>\n","protected":false},"excerpt":{"rendered":"Koszmar Roberta Lewandowskiego! Co za pud\u0142o z karnego! Brak s\u0142\u00f3w&nbsp;&nbsp;Przegl\u0105d Sportowy Onet FC Barcelona &#8211; Atletico Madryt [RELACJA&hellip;\n","protected":false},"author":2,"featured_media":129832,"comment_status":"","ping_status":"","sticky":false,"template":"","format":"standard","meta":{"footnotes":""},"categories":[24],"tags":[937,1157,303,67,2960,2051,948,42,38,40,39,41,136,128,300,47,127,135,126,130],"class_list":{"0":"post-129831","1":"post","2":"type-post","3":"status-publish","4":"format-standard","5":"has-post-thumbnail","7":"category-sport","8":"tag-atletico_madryt","9":"tag-barcelona","10":"tag-fc_barcelona","11":"tag-intextvideo_splayer","12":"tag-la_liga","13":"tag-laliga","14":"tag-pilka_nozna","15":"tag-pl","16":"tag-poland","17":"tag-polish","18":"tag-polska","19":"tag-polski","20":"tag-ps_detal_new","21":"tag-psv2","22":"tag-robert_lewandowski","23":"tag-screening_general","24":"tag-sport","25":"tag-sport_sport","26":"tag-sports","27":"tag-wiadomosci_sportowe"},"share_on_mastodon":{"url":"https:\/\/pubeurope.com\/@pl\/115652603635071270","error":""},"_links":{"self":[{"href":"https:\/\/www.europesays.com\/pl\/wp-json\/wp\/v2\/posts\/129831","targetHints":{"allow":["GET"]}}],"collection":[{"href":"https:\/\/www.europesays.com\/pl\/wp-json\/wp\/v2\/posts"}],"about":[{"href":"https:\/\/www.europesays.com\/pl\/wp-json\/wp\/v2\/types\/post"}],"author":[{"embeddable":true,"href":"https:\/\/www.europesays.com\/pl\/wp-json\/wp\/v2\/users\/2"}],"replies":[{"embeddable":true,"href":"https:\/\/www.europesays.com\/pl\/wp-json\/wp\/v2\/comments?post=129831"}],"version-history":[{"count":0,"href":"https:\/\/www.europesays.com\/pl\/wp-json\/wp\/v2\/posts\/129831\/revisions"}],"wp:featuredmedia":[{"embeddable":true,"href":"https:\/\/www.europesays.com\/pl\/wp-json\/wp\/v2\/media\/129832"}],"wp:attachment":[{"href":"https:\/\/www.europesays.com\/pl\/wp-json\/wp\/v2\/media?parent=129831"}],"wp:term":[{"taxonomy":"category","embeddable":true,"href":"https:\/\/www.europesays.com\/pl\/wp-json\/wp\/v2\/categories?post=129831"},{"taxonomy":"post_tag","embeddable":true,"href":"https:\/\/www.europesays.com\/pl\/wp-json\/wp\/v2\/tags?post=129831"}],"curies":[{"name":"wp","href":"https:\/\/api.w.org\/{rel}","templated":true}]}}