{"id":129862,"date":"2025-12-03T00:00:22","date_gmt":"2025-12-03T00:00:22","guid":{"rendered":"https:\/\/www.europesays.com\/pl\/129862\/"},"modified":"2025-12-03T00:00:22","modified_gmt":"2025-12-03T00:00:22","slug":"autotransporter-na-ekspresie-ponad-20-godzin-jazdy-w-ciagu-24-godzin-przed-kontrola","status":"publish","type":"post","link":"https:\/\/www.europesays.com\/pl\/129862\/","title":{"rendered":"Autotransporter na ekspresie: ponad 20 godzin jazdy w ci\u0105gu 24 godzin przed kontrol\u0105"},"content":{"rendered":"<p><a href=\"https:\/\/www.europesays.com\/pl\/wp-content\/uploads\/2025\/12\/ponad-20-godzin-prowadzenia-1.webp.webp\" data-rel=\"lightbox-gallery-cmE9Y7Ka\" data-rl_title=\"\" data-rl_caption=\"\" title=\"\"><img fetchpriority=\"high\" decoding=\"async\" class=\"aligncenter size-full wp-image-214318\" src=\"https:\/\/www.europesays.com\/pl\/wp-content\/uploads\/2025\/12\/ponad-20-godzin-prowadzenia-1.webp.webp\" alt=\"\" width=\"1280\" height=\"872\"  \/><\/a><\/p>\n<p style=\"text-align: justify;\">To nie by\u0142 transport \u017cywych zwierz\u0105t, ani nawet przew\u00f3z szybko psuj\u0105cej si\u0119 \u017cywno\u015bci, lecz trasa z najzwyklejszymi, u\u017cywanymi samochodami, kt\u00f3re zapewne b\u0119d\u0105 teraz czeka\u0142y na klient\u00f3w. Z jakiego\u015b jednak powodu przejazd postanowiono wykona\u0107 na kompletnym ekspresie, dokonuj\u0105c narusze\u0144 czasu pracy na naprawd\u0119 rzadko spotykan\u0105 skal\u0119.<\/p>\n<p style=\"text-align: justify;\">Autotransporter na bazie Volva FM, nale\u017c\u0105cy do polskiego przewo\u017anika, zosta\u0142 zatrzymany w \u015brod\u0119, 26 listopada, na jednej z g\u0142\u00f3wnych ulic Piotrkowa Trybunalskiego. Pojazd przewozi\u0142 u\u017cywane samochody na trasie z Belgii do Polski, a jego kierowca okaza\u0142 si\u0119 korzysta\u0107 z drugiej karty do tachografu, nale\u017c\u0105cej do innej osoby.<\/p>\n<p style=\"text-align: justify;\">Gdy inspektorzy podliczyli czas z obu kart, nieprzemiennie logowanych do tachografu przez tego samego kierowc\u0119, doszli do nast\u0119puj\u0105cych wynik\u00f3w: w ci\u0105gu minionych 24 godzin m\u0119\u017cczyzna prowadzi\u0142 przez ponad 20 godzin, pokona\u0142 w tym czasie ponad 1500 kilometr\u00f3w, a najd\u0142u\u017cszy wykonany przez niego odpoczynek liczy\u0142 zaledwie 1 godzin\u0119 oraz 16 minut.<\/p>\n<p style=\"text-align: justify;\">Jako \u017ce korzystanie z cudzej karty mia\u0142o miejsce w ci\u0105gu 24 godzin przed kontrol\u0105, kierowca autotransportera zosta\u0142 za to obj\u0119ty 3-miesi\u0119cznym zakazem prowadzenia, musz\u0105c odda\u0107 swoje prawo jazdy. Wystawiono te\u017c mandaty karne dla kieruj\u0105cego, a firma musi liczy\u0107 si\u0119 z kar\u0105 administracyjn\u0105. Konkretnej warto\u015bci obu tych nast\u0119pstw niestety w komunikacie nie podano.<\/p>\n<p style=\"text-align: justify;\">W ramach dodatkowego komentarza przypomn\u0119, \u017ce sprawy takie jak ta mog\u0105 odnosi\u0107 si\u0119 do najnowszej nowelizacji Prawa o ruchu drogowym, opisywanej <a href=\"https:\/\/40ton.net\/nowe-przepisy-prawo-jazdy-za-tacho-17-latkowie-poza-branza-i-ce-za-miastem\/\" rel=\"nofollow noopener\" target=\"_blank\">w dzisiejszym artykule<\/a>. Wed\u0142ug obecnych przepis\u00f3w, je\u015bli omawiany kierowca b\u0119dzie kontynuowa\u0142 prowadzenie w czasie 3-miesi\u0119cznego zakazu, b\u0119dzie grozi\u0142o mu przed\u0142u\u017cenie tego zakazu do 6 miesi\u0119cy. Za to wed\u0142ug nowych przepis\u00f3w, maj\u0105cych wej\u015b\u0107 w \u017cycie na pocz\u0105tku 2026 roku, za prowadzenie podczas 3-miesi\u0119cznego zakazu b\u0119dzie grozi\u0142o ca\u0142kowite anulowanie wszystkich uprawnie\u0144, z konieczno\u015bci\u0105 ponownego zdania wszystkich egzamin\u00f3w.<\/p>\n<p><a href=\"https:\/\/www.europesays.com\/pl\/wp-content\/uploads\/2025\/12\/ponad-20-godzin-prowadzenia-2.webp.webp\" data-rel=\"lightbox-gallery-cmE9Y7Ka\" data-rl_title=\"\" data-rl_caption=\"\" title=\"\"><img loading=\"lazy\" decoding=\"async\" class=\"aligncenter size-full wp-image-214317\" src=\"https:\/\/www.europesays.com\/pl\/wp-content\/uploads\/2025\/12\/ponad-20-godzin-prowadzenia-2.webp.webp\" alt=\"\" width=\"904\" height=\"616\"  \/><\/a>Oryginalna tre\u015b\u0107 komunikatu WITD \u0141\u00f3d\u017a:<\/p>\n<p style=\"text-align: justify;\">W \u015brod\u0119, 26 listopada, w godzinach porannych, inspektorzy zatrzymali na ul. gen. W\u0142adys\u0142awa Sikorskiego w Piotrkowie Trybunalskim zesp\u00f3\u0142 pojazd\u00f3w nale\u017c\u0105cy do krajowego przewo\u017anika. Transportowano nim u\u017cywane samochody osobowe z Belgii do Polski. Ju\u017c na pocz\u0105tku kontroli ustalono, \u017ce kieruj\u0105cy prowadzi\u0142 pojazd, pos\u0142uguj\u0105c si\u0119 kart\u0105 kierowcy wystawion\u0105 na inn\u0105 osob\u0119, co stanowi powa\u017cne naruszenie.<\/p>\n<p style=\"text-align: justify;\">Szczeg\u00f3\u0142owa analiza danych z tachografu wykaza\u0142a dodatkowo, \u017ce w ci\u0105gu 24 godzin poprzedzaj\u0105cych zatrzymanie m\u0119\u017cczyzna sp\u0119dzi\u0142 za kierownic\u0105 ponad 20 godzin, pokonuj\u0105c w tym czasie ponad 1500 kilometr\u00f3w. Najd\u0142u\u017csza przerwa, kt\u00f3r\u0105 w tym czasie odebra\u0142 trwa\u0142a zaledwie 1 godzin\u0119 i 16 minut. Takie skr\u00f3cenie odpoczynku stanowi powa\u017cne zagro\u017cenie bezpiecze\u0144stwa.<\/p>\n<p style=\"text-align: justify;\">W zwi\u0105zku z ujawnionymi nieprawid\u0142owo\u015bciami kierowc\u0119 ukarano mandatami karnymi i zatrzymano mu\u00a0 prawo jazdy na okres 3 miesi\u0119cy, za\u015b wobec przewo\u017anika wszcz\u0119to post\u0119powanie administracyjne.<\/p>\n","protected":false},"excerpt":{"rendered":"To nie by\u0142 transport \u017cywych zwierz\u0105t, ani nawet przew\u00f3z szybko psuj\u0105cej si\u0119 \u017cywno\u015bci, lecz trasa z najzwyklejszymi, u\u017cywanymi&hellip;\n","protected":false},"author":2,"featured_media":129863,"comment_status":"","ping_status":"","sticky":false,"template":"","format":"standard","meta":{"footnotes":""},"categories":[16],"tags":[113,112,14852,42,38,40,39,41,383,1365],"class_list":{"0":"post-129862","1":"post","2":"type-post","3":"status-publish","4":"format-standard","5":"has-post-thumbnail","7":"category-biznes","8":"tag-biznes","9":"tag-business","10":"tag-czas-pracy","11":"tag-pl","12":"tag-poland","13":"tag-polish","14":"tag-polska","15":"tag-polski","16":"tag-prawo","17":"tag-przepisy"},"share_on_mastodon":{"url":"https:\/\/pubeurope.com\/@pl\/115652699058859687","error":""},"_links":{"self":[{"href":"https:\/\/www.europesays.com\/pl\/wp-json\/wp\/v2\/posts\/129862","targetHints":{"allow":["GET"]}}],"collection":[{"href":"https:\/\/www.europesays.com\/pl\/wp-json\/wp\/v2\/posts"}],"about":[{"href":"https:\/\/www.europesays.com\/pl\/wp-json\/wp\/v2\/types\/post"}],"author":[{"embeddable":true,"href":"https:\/\/www.europesays.com\/pl\/wp-json\/wp\/v2\/users\/2"}],"replies":[{"embeddable":true,"href":"https:\/\/www.europesays.com\/pl\/wp-json\/wp\/v2\/comments?post=129862"}],"version-history":[{"count":0,"href":"https:\/\/www.europesays.com\/pl\/wp-json\/wp\/v2\/posts\/129862\/revisions"}],"wp:featuredmedia":[{"embeddable":true,"href":"https:\/\/www.europesays.com\/pl\/wp-json\/wp\/v2\/media\/129863"}],"wp:attachment":[{"href":"https:\/\/www.europesays.com\/pl\/wp-json\/wp\/v2\/media?parent=129862"}],"wp:term":[{"taxonomy":"category","embeddable":true,"href":"https:\/\/www.europesays.com\/pl\/wp-json\/wp\/v2\/categories?post=129862"},{"taxonomy":"post_tag","embeddable":true,"href":"https:\/\/www.europesays.com\/pl\/wp-json\/wp\/v2\/tags?post=129862"}],"curies":[{"name":"wp","href":"https:\/\/api.w.org\/{rel}","templated":true}]}}