{"id":129900,"date":"2025-12-03T00:45:08","date_gmt":"2025-12-03T00:45:08","guid":{"rendered":"https:\/\/www.europesays.com\/pl\/129900\/"},"modified":"2025-12-03T00:45:08","modified_gmt":"2025-12-03T00:45:08","slug":"prezydent-zawetowal-ustawe-lancuchowa-szef-kancelarii-wyjasnia","status":"publish","type":"post","link":"https:\/\/www.europesays.com\/pl\/129900\/","title":{"rendered":"Prezydent zawetowa\u0142 &#8222;ustaw\u0119 \u0142a\u0144cuchow\u0105&#8221;. Szef kancelarii wyja\u015bnia"},"content":{"rendered":"<p class=\"ods-c-paragraph \">Prezydent Karol Nawrocki poinformowa\u0142 we wtorek, \u017ce podj\u0105\u0142 decyzj\u0119 o <a href=\"https:\/\/www.onet.pl\/informacje\/onetwiadomosci\/karol-nawrocki-wetuje-kolejna-ustawe-chodzi-o-ochrone-zwierzat\/397gsmz,79cfc278\" id=\"fb37a19a-56fa-43f2-89bc-7ac02a61155c\" rel=\"nofollow noopener\" target=\"_blank\">zawetowaniu tzw. ustawy \u0142a\u0144cuchowej,<\/a> kt\u00f3ra mia\u0142a wprowadzi\u0107 zakaz trzymania ps\u00f3w na uwi\u0119zi. Zapowiedzia\u0142, \u017ce w tej sprawie z\u0142o\u017cy do Sejmu w\u0142asny projekt. We wtorek wieczorem szef jego kancelarii poinformowa\u0142 na platformie X, \u017ce projekt zosta\u0142 ju\u017c z\u0142o\u017cony. Bogucki we wpisie oceni\u0142, \u017ce &#8222;kojce wielko\u015bci ma\u0142ego miejskiego mieszkania to absurd&#8221;.<\/p>\n<p>Dalszy ci\u0105g artyku\u0142u pod materia\u0142em wideo<\/p>\n<p> Jakie by\u0142y powody weta prezydenta do ustawy \u0142a\u0144cuchowej? <\/p>\n<p> Co zak\u0142ada prezydencki projekt dotycz\u0105cy ps\u00f3w? <\/p>\n<p> Jakie wymagania dotycz\u0105ce kojc\u00f3w by\u0142y w zawetowanej ustawie? <\/p>\n<p> Co oznacza obecne prawo dotycz\u0105ce trzymania zwierz\u0105t na uwi\u0119zi? <\/p>\n<p>  Zbigniew Bogucki t\u0142umaczy powody weta<\/p>\n<p class=\"ods-c-paragraph \">&#8222;Zawetowana ustawa nakazywa\u0142a budowanie przede wszystkim dla ps\u00f3w, kt\u00f3re nie s\u0105 trzymane w domach, kojc\u00f3w wielko\u015bci nawet 20 m kw., a w przypadku trzech du\u017cych ps\u00f3w to musia\u0142oby by\u0107 ju\u017c 30 m kw., ewentualnie trzy kojce po 20 mkw., wi\u0119c \u0142\u0105cznie 60 mkw. Te kojce mia\u0142y mie\u0107 wysoko\u015b\u0107 nie mniejsz\u0105 ni\u017c 1,7 m (nawet w przypadku ma\u0142ego psa) oraz spe\u0142nia\u0107 dodatkowo jeszcze kilka \u015bci\u015ble okre\u015blonych wymog\u00f3w&#8221; \u2014 napisa\u0142 Bogucki.<\/p>\n<p class=\"ods-c-paragraph \">Wyja\u015bniaj\u0105c powody weta, wymieni\u0142, \u017ce regulacja &#8222;w konsekwencji zak\u0142ada\u0142a wa\u017cenie ps\u00f3w, aby ustali\u0107 w\u0142a\u015bciwy rozmiar kojca&#8221;. Doda\u0142, \u017ce wymagania te dotyczy\u0142y &#8222;przede wszystkim polskiej wsi, poniewa\u017c w miastach, co do zasady, psy s\u0105 w mieszkaniach&#8221;.<\/p>\n<p class=\"ods-c-paragraph \">&#8222;Jednocze\u015bnie warto zauwa\u017cy\u0107, \u017ce los wielkiego doga niemieckiego trzymanego w malutkim mieszkaniu albo husky wypuszczanego na dwumetrowy balkon na czas kilkunastogodzinnych codziennych nieobecno\u015bci w\u0142a\u015bcicieli nie razi\u0142 tw\u00f3rc\u00f3w ustawy, cho\u0107 \u017cycie tych zwierz\u0105t jest du\u017co gorsze ni\u017c wielu ps\u00f3w na wsi&#8221; \u2014 oceni\u0142.<\/p>\n<p class=\"ods-c-paragraph \">Zaznaczy\u0142, \u017ce ustawa oznacza\u0142a bardzo du\u017ce obci\u0105\u017cenia finansowe, a wielu w\u0142a\u015bcicieli nie by\u0142oby w stanie \u2014 w jego ocenie \u2014 ponie\u015b\u0107 takich koszt\u00f3w, &#8222;a to rodzi\u0142o realne zagro\u017cenia: ryzyko porzucania ps\u00f3w przez osoby, kt\u00f3re nie by\u0142yby w stanie sprosta\u0107 takim wymaganiom; uderzy\u0142aby w adopcje ps\u00f3w \u2014 ludzie przestaliby adoptowa\u0107 psy ze schronisk, wiedz\u0105c, \u017ce nie spe\u0142ni\u0105 kosztownych i nierealnych norm; dawa\u0142a podstaw\u0119 do odebrania du\u017cego psa, poniewa\u017c jego kojec mia\u0142by np. 15 m kw., a nie wymagane 20 m kw. i umieszczenia go w schronisku na zaledwie kilku metrach kwadratowych&#8221; \u2014 wyliczy\u0142.<\/p>\n<p class=\"ods-c-paragraph \">&#8222;To nie jest weto przeciwko zwierz\u0119tom. To jest weto przeciwko z\u0142emu, szkodliwemu dla ludzi i zwierz\u0105t, nie\u017cyciowemu prawu&#8221; \u2014 napisa\u0142.<\/p>\n<p>Co znalaz\u0142o si\u0119 w prezydenckim projekcie<\/p>\n<p class=\"ods-c-paragraph \">Szef KPRP przekaza\u0142, \u017ce projekt prezydencki zak\u0142ada zakaz trzymania ps\u00f3w na uwi\u0119zi, a wi\u0119c \u2014 jak zaznaczy\u0142 \u2014 realnie zdejmuje psom \u0142a\u0144cuchy. Doda\u0142, \u017ce projekt wprowadza w przypadku ps\u00f3w trzymanych w kojcu, nieogrzewanym pomieszczeniu lub na otwartej przestrzeni obowi\u0105zek zapewnienia zwierz\u0119ciu odpowiedniego schronienia przed warunkami atmosferycznymi o wielko\u015bci dostosowanej do rozmiar\u00f3w psa.<\/p>\n<p class=\"ods-c-paragraph \">Proponowana regulacja ma wprowadza\u0107 tak\u017ce obowi\u0105zek w\u0142a\u015bciciela psa dotychczas trzymanego na uwi\u0119zi zastosowania wobec tego zwierz\u0119cia \u015brodk\u00f3w ostro\u017cno\u015bci uniemo\u017cliwiaj\u0105cych niekontrolowane wydostanie si\u0119 takiego zwierz\u0119cia na zewn\u0105trz, poza miejsce sta\u0142ego bytowania.<\/p>\n<p class=\"ods-c-paragraph \">&#8222;Projekt prezydenta Karola Nawrockiego to dobre prawo bez populizmu, bez fikcji, bez przerzucania odpowiedzialno\u015bci na ludzi i stawiania im wymaga\u0144, kt\u00f3re ma\u0142o kto mo\u017ce spe\u0142ni\u0107, a jednocze\u015bnie zapewnienie dobrego traktowania zwierz\u0105t. Wszystkich zainteresowanych realnymi rozwi\u0105zaniami s\u0142u\u017c\u0105cymi i ludziom, i zwierz\u0119tom zapraszamy do wsp\u00f3\u0142pracy, bez dzielenia wsi i miast&#8221; \u2014 napisa\u0142 Bogucki.<\/p>\n<p class=\"ods-c-paragraph \">Obecnie obowi\u0105zuj\u0105ce przepisy zakazuj\u0105 trzymania zwierz\u0105t domowych na uwi\u0119zi w spos\u00f3b sta\u0142y d\u0142u\u017cej ni\u017c 12 godzin w ci\u0105gu doby lub powoduj\u0105cy u nich uszkodzenie cia\u0142a lub cierpienie oraz niezapewniaj\u0105cy mo\u017cliwo\u015bci niezb\u0119dnego ruchu. D\u0142ugo\u015b\u0107 uwi\u0119zi nie mo\u017ce by\u0107 kr\u00f3tsza ni\u017c trzy metry.<\/p>\n<p>Co zak\u0142ada\u0142a zawetowana tzw. ustawa \u0142a\u0144cuchowa<\/p>\n<p class=\"ods-c-paragraph \">Zawetowane przepisy wprowadza\u0142y definicj\u0119 kojca \u2014 miejsca, gdzie utrzymuje si\u0119 psa na ograniczonej przestrzeni poza lokalem mieszkalnym i z kt\u00f3rego nieuwi\u0105zany pies nie mo\u017ce samodzielnie wyj\u015b\u0107, znajduj\u0105cego si\u0119 na ogrodzonym lub nieogrodzonym terenie.<\/p>\n<p class=\"ods-c-paragraph \">W\u0142a\u015bciciel utrzymuj\u0105cy psa w kojcu musia\u0142by zapewni\u0107 mu kojec utwardzony i zadaszony w wi\u0119kszej cz\u0119\u015bci, o powierzchni nie mniejszej ni\u017c 10 m kw. w przypadku psa o masie cia\u0142a poni\u017cej 20 kg, 15 m kw. dla psa o masie cia\u0142a od 20 do 30 kg i 20 m kw. dla psa o masie cia\u0142a powy\u017cej 30 kg. Ponadto kojec mia\u0142by by\u0107 powi\u0119kszany wraz z liczb\u0105 przebywaj\u0105cych w nim ps\u00f3w.<\/p>\n<p class=\"ods-c-paragraph \">Regulacje zak\u0142ada\u0142y, \u017ce kojec mia\u0142 mie\u0107 wysoko\u015b\u0107 nie mniejsz\u0105 ni\u017c 1,7 m oraz trwa\u0142\u0105 i stabiln\u0105 konstrukcj\u0119, ze sta\u0142ym dost\u0119pem do \u015bwiat\u0142a dziennego, z ogrodzeniem, w kt\u00f3rym co najmniej dwa boki zawieraj\u0105 prze\u015bwity przepuszczaj\u0105ce \u015bwiat\u0142o i umo\u017cliwiaj\u0105ce naturalny przep\u0142yw powietrza. Ponadto osoba trzymaj\u0105ca psa w kojcu, w nieogrzewanym pomieszczeniu lub na otwartej przestrzeni, mia\u0142a by\u0107 zobowi\u0105zana do zapewnienia zwierz\u0119ciu budy wykonanej z drewna lub materia\u0142\u00f3w drewnopochodnych stanowi\u0105cych barier\u0119 termiczn\u0105, z izolacj\u0105 ciepln\u0105, chroni\u0105cej przed warunkami atmosferycznymi oraz o wielko\u015bci dostosowanej do wielko\u015bci psa.<\/p>\n<p class=\"ods-c-paragraph \">Nowelizacja zak\u0142ada\u0142a r\u00f3wnie\u017c wy\u0142\u0105czenia od zakazu trzymania ps\u00f3w na uwi\u0119zi \u2014 jedynie poza miejscem sta\u0142ego bytowania psa. Mo\u017cliwe by\u0142oby m.in. prowadzenie na smyczy lub uwi\u0105zanie psa na czas spaceru, transportu czy te\u017c kr\u00f3tkotrwale w okre\u015blonych warunkach wskazanych przez w\u0142a\u015bciciela \u2014 w spos\u00f3b niepowoduj\u0105cy naruszenia dobrostanu zwierz\u0119cia (np. na czas zakup\u00f3w).<\/p>\n<p class=\"ods-c-paragraph \">Z regulacji w sprawie kojc\u00f3w mia\u0142y zosta\u0107 wy\u0142\u0105czone psy wykorzystywane do cel\u00f3w specjalnych i psy utrzymywane w schroniskach dla zwierz\u0105t.<\/p>\n","protected":false},"excerpt":{"rendered":"Prezydent Karol Nawrocki poinformowa\u0142 we wtorek, \u017ce podj\u0105\u0142 decyzj\u0119 o zawetowaniu tzw. ustawy \u0142a\u0144cuchowej, kt\u00f3ra mia\u0142a wprowadzi\u0107 zakaz&hellip;\n","protected":false},"author":2,"featured_media":129901,"comment_status":"","ping_status":"","sticky":false,"template":"","format":"standard","meta":{"footnotes":""},"categories":[12],"tags":[32,33,36,37,27,43,34,35,28,31,48,25,46,42,38,40,39,41,47,80,29,30,6158,8206,26,788],"class_list":{"0":"post-129900","1":"post","2":"type-post","3":"status-publish","4":"format-standard","5":"has-post-thumbnail","7":"category-polska","8":"tag-breaking-news","9":"tag-breakingnews","10":"tag-featured-news","11":"tag-featurednews","12":"tag-headlines","13":"tag-karol_nawrocki","14":"tag-latest-news","15":"tag-latestnews","16":"tag-naglowki","17":"tag-najwazniejsze-artykuly","18":"tag-nat_styl","19":"tag-news","20":"tag-omp","21":"tag-pl","22":"tag-poland","23":"tag-polish","24":"tag-polska","25":"tag-polski","26":"tag-screening_general","27":"tag-swiat","28":"tag-top-stories","29":"tag-topstories","30":"tag-ustawa","31":"tag-weto","32":"tag-wiadomosci","33":"tag-zbigniew_bogucki"},"share_on_mastodon":{"url":"https:\/\/pubeurope.com\/@pl\/115652874926817302","error":""},"_links":{"self":[{"href":"https:\/\/www.europesays.com\/pl\/wp-json\/wp\/v2\/posts\/129900","targetHints":{"allow":["GET"]}}],"collection":[{"href":"https:\/\/www.europesays.com\/pl\/wp-json\/wp\/v2\/posts"}],"about":[{"href":"https:\/\/www.europesays.com\/pl\/wp-json\/wp\/v2\/types\/post"}],"author":[{"embeddable":true,"href":"https:\/\/www.europesays.com\/pl\/wp-json\/wp\/v2\/users\/2"}],"replies":[{"embeddable":true,"href":"https:\/\/www.europesays.com\/pl\/wp-json\/wp\/v2\/comments?post=129900"}],"version-history":[{"count":0,"href":"https:\/\/www.europesays.com\/pl\/wp-json\/wp\/v2\/posts\/129900\/revisions"}],"wp:featuredmedia":[{"embeddable":true,"href":"https:\/\/www.europesays.com\/pl\/wp-json\/wp\/v2\/media\/129901"}],"wp:attachment":[{"href":"https:\/\/www.europesays.com\/pl\/wp-json\/wp\/v2\/media?parent=129900"}],"wp:term":[{"taxonomy":"category","embeddable":true,"href":"https:\/\/www.europesays.com\/pl\/wp-json\/wp\/v2\/categories?post=129900"},{"taxonomy":"post_tag","embeddable":true,"href":"https:\/\/www.europesays.com\/pl\/wp-json\/wp\/v2\/tags?post=129900"}],"curies":[{"name":"wp","href":"https:\/\/api.w.org\/{rel}","templated":true}]}}