{"id":129904,"date":"2025-12-03T00:50:20","date_gmt":"2025-12-03T00:50:20","guid":{"rendered":"https:\/\/www.europesays.com\/pl\/129904\/"},"modified":"2025-12-03T00:50:20","modified_gmt":"2025-12-03T00:50:20","slug":"chcieli-nakarmic-jelenia-w-tatrach-do-sieci-trafilo-oburzajace-nagranie","status":"publish","type":"post","link":"https:\/\/www.europesays.com\/pl\/129904\/","title":{"rendered":"Chcieli nakarmi\u0107 jelenia w Tatrach. Do sieci trafi\u0142o oburzaj\u0105ce nagranie"},"content":{"rendered":"<p class=\"ods-c-paragraph \">Nie od dzi\u015b wiadomo, \u017ce dokarmianie dzikich zwierz\u0105t mo\u017ce zako\u0144czy\u0107 si\u0119 wypadkiem. Mimo to wielu turyst\u00f3w wci\u0105\u017c nie stosuje si\u0119 do zasad panuj\u0105cych w Tatrach. Tym razem na Facebooku na profilu &#8222;Tatry_official&#8221; pojawi\u0142o si\u0119 nagranie ze s\u0142owackich Tatr, kt\u00f3re poruszy\u0142o internaut\u00f3w.<\/p>\n<p> Gdzie dosz\u0142o do incydentu z jeleniem? <\/p>\n<p> Jakie by\u0142y skutki ataku na turystk\u0119? <\/p>\n<p> Dlaczego karmienie dzikich zwierz\u0105t jest niebezpieczne? <\/p>\n<p> Co powiedzia\u0142 autor nagrania? <\/p>\n<p class=\"ods-c-paragraph \">Wida\u0107 na nim jelenia podchodz\u0105cego do ludzi w poszukiwaniu jedzenia, a tury\u015bci bez wahania zacz\u0119li podawa\u0107 mu przek\u0105ski z r\u0119ki. Zwierz\u0119 reagowa\u0142o spokojnie \u2014 a\u017c do momentu, w kt\u00f3rym kobieta przykucn\u0119\u0142a przy jego pysku i pr\u00f3bowa\u0142a pog\u0142aska\u0107 go pod szyj\u0105, ponownie oferuj\u0105c jedzenie.<\/p>\n<p class=\"ods-c-paragraph \">To w\u0142a\u015bnie wtedy jele\u0144 niespodziewanie j\u0105 zaatakowa\u0142. Na nagraniu mo\u017cna zauwa\u017cy\u0107, jak zwierz\u0119 wykona\u0142o szybki ruch g\u0142ow\u0105 i uderza turystk\u0119 poro\u017cem, po czym nagranie si\u0119 urywa. Na szcz\u0119\u015bcie nic nie wskazuje na to, by kobieta odnios\u0142a powa\u017cniejsze obra\u017cenia.<\/p>\n<p class=\"ods-c-paragraph \">&#8222;Ci\u0105gle powtarzam \u2014 nie karm dzikiej przyrody. To nie jest Disney. Zostaw dzikie zwierz\u0119ta&#8221; \u2014 napisa\u0142 autor nagrania.<\/p>\n<p class=\"ods-c-paragraph \">Eksperci od lat ostrzegaj\u0105, \u017ce karmienie dzikich zwierz\u0105t jest skrajnie niebezpieczne, zar\u00f3wno dla ludzi, jak i samych zwierz\u0105t. Te przyzwyczajone do \u0142atwego pokarmu trac\u0105 naturalny l\u0119k przed cz\u0142owiekiem i mog\u0105 reagowa\u0107 nieprzewidywalnie.<\/p>\n","protected":false},"excerpt":{"rendered":"Nie od dzi\u015b wiadomo, \u017ce dokarmianie dzikich zwierz\u0105t mo\u017ce zako\u0144czy\u0107 si\u0119 wypadkiem. Mimo to wielu turyst\u00f3w wci\u0105\u017c nie&hellip;\n","protected":false},"author":2,"featured_media":129905,"comment_status":"","ping_status":"","sticky":false,"template":"","format":"standard","meta":{"footnotes":""},"categories":[16],"tags":[210,113,112,6521,48,46,42,38,40,39,41,47,596,27234,723],"class_list":{"0":"post-129904","1":"post","2":"type-post","3":"status-publish","4":"format-standard","5":"has-post-thumbnail","7":"category-biznes","8":"tag-aktualnosci","9":"tag-biznes","10":"tag-business","11":"tag-jelen","12":"tag-nat_styl","13":"tag-omp","14":"tag-pl","15":"tag-poland","16":"tag-polish","17":"tag-polska","18":"tag-polski","19":"tag-screening_general","20":"tag-slowacja","21":"tag-tatry_wysokie","22":"tag-turysci"},"share_on_mastodon":{"url":"https:\/\/pubeurope.com\/@pl\/115652894619322832","error":""},"_links":{"self":[{"href":"https:\/\/www.europesays.com\/pl\/wp-json\/wp\/v2\/posts\/129904","targetHints":{"allow":["GET"]}}],"collection":[{"href":"https:\/\/www.europesays.com\/pl\/wp-json\/wp\/v2\/posts"}],"about":[{"href":"https:\/\/www.europesays.com\/pl\/wp-json\/wp\/v2\/types\/post"}],"author":[{"embeddable":true,"href":"https:\/\/www.europesays.com\/pl\/wp-json\/wp\/v2\/users\/2"}],"replies":[{"embeddable":true,"href":"https:\/\/www.europesays.com\/pl\/wp-json\/wp\/v2\/comments?post=129904"}],"version-history":[{"count":0,"href":"https:\/\/www.europesays.com\/pl\/wp-json\/wp\/v2\/posts\/129904\/revisions"}],"wp:featuredmedia":[{"embeddable":true,"href":"https:\/\/www.europesays.com\/pl\/wp-json\/wp\/v2\/media\/129905"}],"wp:attachment":[{"href":"https:\/\/www.europesays.com\/pl\/wp-json\/wp\/v2\/media?parent=129904"}],"wp:term":[{"taxonomy":"category","embeddable":true,"href":"https:\/\/www.europesays.com\/pl\/wp-json\/wp\/v2\/categories?post=129904"},{"taxonomy":"post_tag","embeddable":true,"href":"https:\/\/www.europesays.com\/pl\/wp-json\/wp\/v2\/tags?post=129904"}],"curies":[{"name":"wp","href":"https:\/\/api.w.org\/{rel}","templated":true}]}}