{"id":129929,"date":"2025-12-03T01:23:23","date_gmt":"2025-12-03T01:23:23","guid":{"rendered":"https:\/\/www.europesays.com\/pl\/129929\/"},"modified":"2025-12-03T01:23:23","modified_gmt":"2025-12-03T01:23:23","slug":"helena-englert-na-premierze-filmu-o-ojcu-uciekla-przed-fotoreporterami","status":"publish","type":"post","link":"https:\/\/www.europesays.com\/pl\/129929\/","title":{"rendered":"Helena Englert na premierze filmu o ojcu. Uciek\u0142a przed fotoreporterami"},"content":{"rendered":"<p class=\"ods-c-paragraph \">Film dokumentalny Macieja Dancewicza zadebiutowa\u0142 1 grudnia w warszawskim Kinie Kultura. Produkcja przedstawia sylwetk\u0119 wybitnego aktora, pedagoga i re\u017cysera, kt\u00f3ry od dekad pozostaje jedn\u0105 z najwa\u017cniejszych postaci polskiej sceny teatralnej i filmowej.<\/p>\n<p>Dalszy ci\u0105g artyku\u0142u pod materia\u0142em wideo<\/p>\n<p> Gdzie odby\u0142a si\u0119 premiera filmu o Janie Englertcie? <\/p>\n<p> Kto by\u0142 re\u017cyserem filmu dokumentalnego? <\/p>\n<p> Jakie osi\u0105gni\u0119cia przedstawia film o Janie Englertcie? <\/p>\n<p> Co powiedzia\u0142a Helena Englert o swoich ostatnich piosenkach? <\/p>\n<p>  Jan Englert tylko patrzy\u0142. Tak Helena zachowa\u0142a si\u0119 na premierze<\/p>\n<p class=\"ods-c-paragraph \">Tw\u00f3rca podkre\u015bli\u0142, \u017ce Jan Englert nie chcia\u0142, by dokument by\u0142 typow\u0105 jubileuszow\u0105 celebracj\u0105 czy szczeg\u00f3\u0142owym podsumowaniem jego dorobku. Celem by\u0142o pokazanie nie tylko zawodowych osi\u0105gni\u0119\u0107, ale tak\u017ce jego codzienno\u015bci i osobowo\u015bci. W efekcie widzowie nie zobacz\u0105 klasycznej, chronologicznej narracji biograficznej. Zamiast tego film prezentuje dynamicznie zestawione sceny z \u017cycia prywatnego aktora oraz przegl\u0105d najwa\u017cniejszych r\u00f3l teatralnych i filmowych.<\/p>\n<p class=\"ods-c-paragraph \">Przed kamer\u0105 wypowiedzieli si\u0119 m.in. \u017cona Englerta Beata \u015acibak\u00f3wna, c\u00f3rka Helena oraz przyjaciele i wsp\u00f3\u0142pracownicy. 25-letniej aktorki nie zabrak\u0142o na samej premierze, chocia\u017c stara\u0142a si\u0119 nie zwraca\u0107 na siebie uwagi. Pogratulowa\u0142a ojcu i czmychn\u0119\u0142a do wyj\u015bcia.<\/p>\n<p class=\"ods-c-paragraph \">Ostatnio Englert\u00f3wna wyda\u0142a dwie piosenki, o kt\u00f3rych opowiedzia\u0142a dziennikarzowi Onetu Mateuszowi Kami\u0144skiemu.<\/p>\n<blockquote class=\"ods-o-quota\">\n<p class=\"ods-o-quota__paragraph\">Dopiero teraz jestem pewna, \u017ce to, co napisa\u0142am, jest wystarczaj\u0105co dobre. Na pocz\u0105tku roku postanowi\u0142am sobie: niewa\u017cne, jak, wydaj\u0119 w tym roku singla. Z wytw\u00f3rni\u0105, bez; jako pojedynczy projekt, czy cz\u0119\u015b\u0107 czego\u015b wi\u0119kszego. A tak ju\u017c mam, \u017ce jak sobie co\u015b postanowi\u0119, to doprowadzam to do ko\u0144ca. [&#8230;] To nie jest eksperyment. To nie jest jednorazowa fanaberia. Traktuj\u0119 muzyk\u0119 powa\u017cnie<\/p>\n<\/blockquote>\n<p class=\"ods-c-paragraph \">\u2014 wyzna\u0142a.<\/p>\n","protected":false},"excerpt":{"rendered":"Film dokumentalny Macieja Dancewicza zadebiutowa\u0142 1 grudnia w warszawskim Kinie Kultura. Produkcja przedstawia sylwetk\u0119 wybitnego aktora, pedagoga i&hellip;\n","protected":false},"author":2,"featured_media":129930,"comment_status":"","ping_status":"","sticky":false,"template":"","format":"standard","meta":{"footnotes":""},"categories":[22],"tags":[16915,1942,122,13670,4688,48,46,42,38,40,39,41,123,47],"class_list":{"0":"post-129929","1":"post","2":"type-post","3":"status-publish","4":"format-standard","5":"has-post-thumbnail","7":"category-rozrywka","8":"tag-beata_scibakowna","9":"tag-celebryci","10":"tag-entertainment","11":"tag-helena_englert","12":"tag-jan_englert","13":"tag-nat_styl","14":"tag-omp","15":"tag-pl","16":"tag-poland","17":"tag-polish","18":"tag-polska","19":"tag-polski","20":"tag-rozrywka","21":"tag-screening_general"},"share_on_mastodon":{"url":"https:\/\/pubeurope.com\/@pl\/115653024370003498","error":""},"_links":{"self":[{"href":"https:\/\/www.europesays.com\/pl\/wp-json\/wp\/v2\/posts\/129929","targetHints":{"allow":["GET"]}}],"collection":[{"href":"https:\/\/www.europesays.com\/pl\/wp-json\/wp\/v2\/posts"}],"about":[{"href":"https:\/\/www.europesays.com\/pl\/wp-json\/wp\/v2\/types\/post"}],"author":[{"embeddable":true,"href":"https:\/\/www.europesays.com\/pl\/wp-json\/wp\/v2\/users\/2"}],"replies":[{"embeddable":true,"href":"https:\/\/www.europesays.com\/pl\/wp-json\/wp\/v2\/comments?post=129929"}],"version-history":[{"count":0,"href":"https:\/\/www.europesays.com\/pl\/wp-json\/wp\/v2\/posts\/129929\/revisions"}],"wp:featuredmedia":[{"embeddable":true,"href":"https:\/\/www.europesays.com\/pl\/wp-json\/wp\/v2\/media\/129930"}],"wp:attachment":[{"href":"https:\/\/www.europesays.com\/pl\/wp-json\/wp\/v2\/media?parent=129929"}],"wp:term":[{"taxonomy":"category","embeddable":true,"href":"https:\/\/www.europesays.com\/pl\/wp-json\/wp\/v2\/categories?post=129929"},{"taxonomy":"post_tag","embeddable":true,"href":"https:\/\/www.europesays.com\/pl\/wp-json\/wp\/v2\/tags?post=129929"}],"curies":[{"name":"wp","href":"https:\/\/api.w.org\/{rel}","templated":true}]}}