{"id":129943,"date":"2025-12-03T01:44:11","date_gmt":"2025-12-03T01:44:11","guid":{"rendered":"https:\/\/www.europesays.com\/pl\/129943\/"},"modified":"2025-12-03T01:44:11","modified_gmt":"2025-12-03T01:44:11","slug":"tak-wygladala-pierwsza-randka-serowskiej-i-hakiela-dominika-sie-przyznala","status":"publish","type":"post","link":"https:\/\/www.europesays.com\/pl\/129943\/","title":{"rendered":"Tak wygl\u0105da\u0142a pierwsza randka Serowskiej i Hakiela. Dominika si\u0119 przyzna\u0142a"},"content":{"rendered":"<p class=\"typography ids-typeset-body ids-typeset-body--preset-large link paragraph ids-paragraph ids-paragraph--default\"><a href=\"https:\/\/www.pomponik.pl\/gwiazdy-i-produkcje-marcin-hakiel,gsbi,63\" target=\"_self\" rel=\"nofollow noopener\">Marcin Hakiel<\/a> po rozwodzie przez pewien czas anga\u017cowa\u0142 si\u0119 w r\u00f3\u017cne mniej lub bardziej powa\u017cne relacje. Tancerz szuka\u0142 szcz\u0119\u015bcia do czasu, a\u017c w jego \u017cyciu pojawi\u0142a si\u0119 Dominika Serowska. Para jest ze sob\u0105 ju\u017c od blisko dw\u00f3ch lat, a rok temu na \u015bwiat przyszed\u0142 ich syn Romeo.<\/p>\n<p class=\"typography ids-typeset-body ids-typeset-body--preset-large link paragraph ids-paragraph ids-paragraph--default\">Ukochana Hakiela do\u015b\u0107 szybko odnalaz\u0142a si\u0119 w \u015bwiecie show-biznesu. Jest bardzo aktywna w mediach spo\u0142eczno\u015bciowych, gdzie organizuje sesje Q&amp;A, podczas kt\u00f3rych otwiera si\u0119 na prywatne tematy.\u00a0Nied\u0142ugo pojawi si\u0119 tak\u017ce w reality show &#8222;Kr\u00f3lowa przetrwania&#8221;, a teraz udzieli\u0142a wywiadu serwisowi Plotek, w kt\u00f3rym to opowiedzia\u0142a o pocz\u0105tkach relacji z Hakielem.<\/p>\n<p>Olek Sikora i Daria Syta o wygranej Bagiego i wpisie Rogacewicza. Co my\u015bl\u0105?pomponik.pl<\/p>\n<p>Tak wygl\u0105da\u0142a pierwsza randka Serowskiej i Hakiela. Nagle Dominika si\u0119 wygada\u0142a<\/p>\n<p class=\"typography ids-typeset-body ids-typeset-body--preset-large link paragraph ids-paragraph ids-paragraph--default\">Wysz\u0142o na jaw, \u017ce pierwsza randka pary wygl\u0105da\u0142a zupe\u0142nie inaczej, ni\u017c ludzie mogli przypuszcza\u0107.<\/p>\n<p class=\"typography ids-typeset-body ids-typeset-body--preset-large link paragraph ids-paragraph ids-paragraph--default\">&#8222;Jak sz\u0142am na pierwsze spotkanie z Marcinem, to traktowa\u0142am to [&#8230;] troch\u0119 na zasadzie zabawy, takiego \u017cartu, w takim sensie, \u017ce zobacz\u0119, jak to si\u0119 rozwinie. Po pierwszym spotkaniu oboje czuli\u015bmy, \u017ce spotykasz kogo\u015b i od razu czujesz, \u017ce jest jaka\u015b chemia, \u017ce co\u015b si\u0119 mo\u017ce wydarzy\u0107 w tym kierunku &#8211; zacz\u0119\u0142a sw\u00f3j wyw\u00f3d Serowska.<\/p>\n<p class=\"typography ids-typeset-body ids-typeset-body--preset-large link paragraph ids-paragraph ids-paragraph--default\">Jej opinia o tancerzu bardzo szybko uleg\u0142a jednak zmianie.\u00a0<\/p>\n<p class=\"typography ids-typeset-body ids-typeset-body--preset-large link paragraph ids-paragraph ids-paragraph--default\">&#8222;Marcin te\u017c do\u015b\u0107 szybko chcia\u0142, \u017ceby nasza znajomo\u015b\u0107 nabiera\u0142a tempa i tak si\u0119 dzia\u0142o. My\u015bla\u0142am, \u017ce to b\u0119dzie typ show-biznesowy, \u017ce teraz rozwi\u00f3d\u0142 si\u0119 z \u017con\u0105, to b\u0119dzie si\u0119 bawi\u0142&#8230;&#8221; &#8211; podsumowa\u0142a partnerka Hakiela.<\/p>\n<p class=\"typography ids-typeset-body ids-typeset-body--preset-large link paragraph ids-paragraph ids-paragraph--default\">Jak wida\u0107 pozory mog\u0105 myli\u0107 i wa\u017cne by na w\u0142asnej sk\u00f3rze przekona\u0107 si\u0119 o tym, jaka jest druga osoba.<\/p>\n<p>Czytaj tak\u017ce:<a id=\"a-img\" class=\"hl-6\"><img class=\"hl-8\"\/><\/a><a id=\"a-main\" class=\"hl-9\"\/>Halo! Wejd\u017a na <a id=\"halo-text-a\" href=\"https:\/\/halotu.polsat.pl#parametr=link_halo\" rel=\"nofollow noopener\" target=\"_blank\">halotu.polsat.pl<\/a> i nie przegap naj\u015bwie\u017cszych informacji z poranka w Polsacie.<\/p>\n<ul class=\"typography ids-typeset-body ids-typeset-body--preset-small list--article-list ids-list ids-list--unordered ids-list--size-small \" datatype=\"disc\">\n<li class=\"ids-list-item ids-list-item__content brief-list-item\"><a class=\"ids-undecorated-link link ids-link \" data-spons=\"false\" href=\"https:\/\/www.pomponik.pl\/plotki\/news-hakiel-powiedzial-stanowcze-nie-serowska-musiala-sie-z-tym-p,nId,22462685\" rel=\"nofollow noopener\" target=\"_blank\">Hakiel powiedzia\u0142 stanowcze &#8222;nie&#8221;. Serowska musia\u0142a si\u0119 z tym pogodzi\u0107<\/a><\/li>\n<li class=\"ids-list-item ids-list-item__content brief-list-item\"><a class=\"ids-undecorated-link link ids-link \" data-spons=\"false\" href=\"https:\/\/www.pomponik.pl\/plotki\/news-dominika-serowska-zareagowala-na-gest-marcina-hakiela-zniena,nId,22461981\" rel=\"nofollow noopener\" target=\"_blank\">Dominika Serowska zareagowa\u0142a na gest Marcina Hakiela. Znienacka pad\u0142o s\u0142owo &#8222;m\u0105\u017c&#8221;<\/a><\/li>\n<\/ul>\n","protected":false},"excerpt":{"rendered":"Marcin Hakiel po rozwodzie przez pewien czas anga\u017cowa\u0142 si\u0119 w r\u00f3\u017cne mniej lub bardziej powa\u017cne relacje. Tancerz szuka\u0142&hellip;\n","protected":false},"author":2,"featured_media":127600,"comment_status":"","ping_status":"","sticky":false,"template":"","format":"standard","meta":{"footnotes":""},"categories":[22],"tags":[122,42,38,40,39,41,123],"class_list":{"0":"post-129943","1":"post","2":"type-post","3":"status-publish","4":"format-standard","5":"has-post-thumbnail","7":"category-rozrywka","8":"tag-entertainment","9":"tag-pl","10":"tag-poland","11":"tag-polish","12":"tag-polska","13":"tag-polski","14":"tag-rozrywka"},"share_on_mastodon":{"url":"https:\/\/pubeurope.com\/@pl\/115653106929347548","error":""},"_links":{"self":[{"href":"https:\/\/www.europesays.com\/pl\/wp-json\/wp\/v2\/posts\/129943","targetHints":{"allow":["GET"]}}],"collection":[{"href":"https:\/\/www.europesays.com\/pl\/wp-json\/wp\/v2\/posts"}],"about":[{"href":"https:\/\/www.europesays.com\/pl\/wp-json\/wp\/v2\/types\/post"}],"author":[{"embeddable":true,"href":"https:\/\/www.europesays.com\/pl\/wp-json\/wp\/v2\/users\/2"}],"replies":[{"embeddable":true,"href":"https:\/\/www.europesays.com\/pl\/wp-json\/wp\/v2\/comments?post=129943"}],"version-history":[{"count":0,"href":"https:\/\/www.europesays.com\/pl\/wp-json\/wp\/v2\/posts\/129943\/revisions"}],"wp:featuredmedia":[{"embeddable":true,"href":"https:\/\/www.europesays.com\/pl\/wp-json\/wp\/v2\/media\/127600"}],"wp:attachment":[{"href":"https:\/\/www.europesays.com\/pl\/wp-json\/wp\/v2\/media?parent=129943"}],"wp:term":[{"taxonomy":"category","embeddable":true,"href":"https:\/\/www.europesays.com\/pl\/wp-json\/wp\/v2\/categories?post=129943"},{"taxonomy":"post_tag","embeddable":true,"href":"https:\/\/www.europesays.com\/pl\/wp-json\/wp\/v2\/tags?post=129943"}],"curies":[{"name":"wp","href":"https:\/\/api.w.org\/{rel}","templated":true}]}}