{"id":129961,"date":"2025-12-03T02:25:08","date_gmt":"2025-12-03T02:25:08","guid":{"rendered":"https:\/\/www.europesays.com\/pl\/129961\/"},"modified":"2025-12-03T02:25:08","modified_gmt":"2025-12-03T02:25:08","slug":"adamczuk-wykluczyl-jego-zimowy-transfer-chodzi-o-finanse","status":"publish","type":"post","link":"https:\/\/www.europesays.com\/pl\/129961\/","title":{"rendered":"Adamczuk wykluczy\u0142 jego zimowy transfer. Chodzi o finanse"},"content":{"rendered":"<p>Dariusz Adamczuk przez\u00a0wiele lat pracowa\u0142 w\u00a0Pogoni Szczecin. To\u00a0za\u00a0jego kadencji funkcj\u0119 trenera pe\u0142nili tam m.in.\u00a0Maciej Skor\u017ca czy\u00a0Kosta Runjaic. Teraz by\u0142y pi\u0142karz Dumy Pomorza jest jednym z\u00a0dzia\u0142aczy pracuj\u0105cych dla Widzewa. \u0141odzianie marz\u0105 o\u00a0powrocie na\u00a0szczyt na\u00a0polskim podw\u00f3rku i\u00a0grze w\u00a0europejskiej pucharach. Okienko transferowe otworzy si\u0119 w\u00a0Polsce dopiero za\u00a0kilka tygodni, ale\u00a0ju\u017c na\u00a0tym etapie jeden transfer do\u00a0Widzewa mo\u017cna wykluczy\u0107.\u00a0<\/p>\n<p>Adamczuk zdecydowanie \u2013 transferu nie\u00a0b\u0119dzie<\/p>\n<p>Kojarzony z\u00a0Pogoni\u0105 by\u0142y reprezentant Polski pracuje w\u00a0Widzewie od\u00a0pocz\u0105tku pa\u017adziernika. Zosta\u0142 on\u00a0pe\u0142nomocnikiem zarz\u0105du do\u00a0spraw sportu. \u0141\u00f3dzki klub og\u0142osi\u0142 te\u017c przy okazji zatrudnienie Piotra Burlikowskiego oraz\u00a0S\u0142awomira Rafa\u0142owicza.<\/p>\n<p>By\u0142y dyrektor Pogoni Szczecin ju\u017c po\u00a0dw\u00f3ch tygodniach od\u00a0obj\u0119cia nowej funkcji zdecydowa\u0142 si\u0119 zmieni\u0107 trenera. Na\u00a0sam koniec pa\u017adziernikowej przerwy reprezentacyjnej \u2013 Widzew og\u0142osi\u0142 Igora Jovicevicia, kt\u00f3ry\u00a0pracowa\u0142 w\u00a0Szachtarze Donieck i\u00a0\u0141udogorcu Razgrad.<\/p>\n<blockquote class=\"twitter-tweet\">\n<p dir=\"ltr\" lang=\"pl\">Od\u00a0pocz\u0105tku pa\u017adziernika Pion Sportowy Widzewa \u0141\u00f3d\u017a zosta\u0142 znacz\u0105co wzmocniony \u26bd\ufe0f<\/p>\n<p>Do\u0142\u0105czaj\u0105 do\u00a0niego:<br \/>\ud83d\udd34 Pe\u0142nomocnik Zarz\u0105du ds.\u00a0sportu Dariusz Adamczuk<br \/>\u26aa\ufe0f Dyrektor ds.\u00a0Pionu Sportowego Piotr Burlikowski<br \/>\ud83d\udd34 Koordynator ds.\u00a0rekrutacji S\u0142awomir Rafa\u0142owicz<\/p>\n<p>Wszyscy trzej b\u0119d\u0105\u2026 <a href=\"https:\/\/t.co\/fQPF8r8uVT\" target=\"_blank\" rel=\"noopener noreferrer nofollow\">pic.twitter.com\/fQPF8r8uVT<\/a><\/p>\n<p>\u2014\u00a0Widzew \u0141\u00f3d\u017a (@RTS_Widzew_Lodz) <a href=\"https:\/\/twitter.com\/RTS_Widzew_Lodz\/status\/1974112268859093362?ref_src=twsrc%5Etfw\" target=\"_blank\" rel=\"noopener noreferrer nofollow\">October 3, 2025<\/a><\/p>\n<\/blockquote>\n<p>W\u00a0listopadzie, czyli po\u00a0o\u015bmiu miesi\u0105cach od\u00a0zatrudnienia \u2013 zwolniono dyrektora sportowego Mindaugasa Nikoliciusa. Wielu zawodnik\u00f3w, kt\u00f3rzy\u00a0wzmocnili kadr\u0119 Widzewa latem nie\u00a0prezentuje si\u0119 na\u00a0miar\u0119 swojego potencja\u0142u.<\/p>\n<p>Ostatnie tygodnie 2025 roku to\u00a0ko\u0144c\u00f3wka przygotowa\u0144 do\u00a0zimowego okna transferowego. A\u00a0to\u00a0\u2013 jest ostatni\u0105 okazj\u0105 do\u00a0zmian w\u00a0sk\u0142adach dru\u017cyn w\u00a0trwaj\u0105cych rozgrywkach. G\u0142\u00f3wnie dokonuje si\u0119 wi\u0119c\u00a0w\u00a0nich ewolucja ani\u017celi rewolucja.<\/p>\n<p>Adamczuk musi wi\u0119c\u00a0skupi\u0107 si\u0119 na\u00a0tym gdzie dokona\u0107 koniecznych roszad. Od\u00a0kilku tygodni kr\u0105\u017c\u0105 plotki jakoby do\u00a0\u0141odzi mia\u0142 trafi\u0107 Kacper Koz\u0142owski. Pomocnik tureckiego Gaziantepu FK jest rozchwytywany w\u00a0swojej lidze \u2013 i\u00a0to\u00a0po\u015br\u00f3d klub\u00f3w z\u00a0czo\u0142\u00f3wki. Z\u00a0tego powodu wi\u0119c,\u00a0 prawdopodobnie zmniejsza to\u00a0do\u00a0zera jego szanse na\u00a0powr\u00f3t do\u00a0Ekstraklasy.<\/p>\n<blockquote class=\"twitter-tweet\">\n<p dir=\"ltr\" lang=\"pl\">\ud83d\udcdd\u274c \u201eTemat Kacpra jest niemo\u017cliwy.\u201d<\/p>\n<p>Dariusz Adamczuk, pe\u0142nomocnik zarz\u0105du ds.\u00a0sportu w\u00a0Widzewie \u0141\u00f3d\u017a, w\u00a0rozmowie z\u00a0TVP Sport uci\u0105\u0142 temat powrotu Kacpra Koz\u0142owskiego do\u00a0Polski i\u00a0do\u00a0\u0141odzi.<\/p>\n<p>Wyja\u015bni\u0142, \u017ce\u00a0prezes Gaziantepu wyceni\u0142 pomocnika na\u00a0co\u00a0najmniej 10 milion\u00f3w euro, a\u00a0kluby\u2026 <a href=\"https:\/\/t.co\/XFet8bGstW\" target=\"_blank\" rel=\"noopener noreferrer nofollow\">pic.twitter.com\/XFet8bGstW<\/a><\/p>\n<p>\u2014\u00a0Szybka Pi\u0142ka (@SzybkaPilka_) <a href=\"https:\/\/twitter.com\/SzybkaPilka_\/status\/1995950207763378469?ref_src=twsrc%5Etfw\" target=\"_blank\" rel=\"noopener noreferrer nofollow\">December 2, 2025<\/a><\/p>\n<\/blockquote>\n<p>Podczas wizyty na\u00a0stadionie dobrze znanego sobie klubu, Adamczuk wypowiedzia\u0142 si\u0119 dla TVP Sport. Przed\u00a0spotkaniem z\u00a0Pogoni\u0105 zapytano go\u00a0o\u00a0transfer Koz\u0142owskiego do\u00a0Widzewa. Temat ten nie\u00a0zostanie zrealizowany. Na\u00a0przeszkodzie stoj\u0105 pieni\u0105dze.<\/p>\n<p>\u2013 Temat Kacpra nie\u00a0jest mo\u017cliwy. Czyta\u0142em wywiad z\u00a0prezesem Gaziantepu, kt\u00f3ry\u00a0stwierdzi\u0142, \u017ce\u00a0Kacpra sprzeda za\u00a0co\u00a0najmniej 10 milion\u00f3w euro. Kacper gra tam dobrze. Jak zg\u0142osz\u0105 si\u0119 po\u00a0niego takie kluby jak Besiktas, Fenerbahce czy\u00a0Galatasaray to\u00a0wiadomo, \u017ce\u00a0\u017caden zesp\u00f3\u0142 z\u00a0Polski nie\u00a0mo\u017ce z\u00a0nimi konkurowa\u0107. Na\u00a0pewno chcemy w\u00a0przysz\u0142o\u015bci \u015bci\u0105gn\u0105\u0107 z\u00a0Polski kilku zawodnik\u00f3w \u2013 wyja\u015bni\u0142 w\u0105tpliwo\u015bci w\u00a0tej\u00a0sprawie Adamczuk.<\/p>\n<p>CZYTAJ WI\u0118CEJ NA\u00a0WESZ\u0141O:<\/p>\n<p>Fot.\u00a0Newspix<\/p>\n<p>                    <script async src=\"https:\/\/platform.twitter.com\/widgets.js\" charset=\"utf-8\"><\/script><\/p>\n","protected":false},"excerpt":{"rendered":"Dariusz Adamczuk przez\u00a0wiele lat pracowa\u0142 w\u00a0Pogoni Szczecin. To\u00a0za\u00a0jego kadencji funkcj\u0119 trenera pe\u0142nili tam m.in.\u00a0Maciej Skor\u017ca czy\u00a0Kosta Runjaic. Teraz&hellip;\n","protected":false},"author":2,"featured_media":129962,"comment_status":"","ping_status":"","sticky":false,"template":"","format":"standard","meta":{"footnotes":""},"categories":[24],"tags":[8572,9088,42,38,40,39,41,127,126,4065],"class_list":{"0":"post-129961","1":"post","2":"type-post","3":"status-publish","4":"format-standard","5":"has-post-thumbnail","7":"category-sport","8":"tag-dariusz-adamczuk","9":"tag-kacper-kozlowski","10":"tag-pl","11":"tag-poland","12":"tag-polish","13":"tag-polska","14":"tag-polski","15":"tag-sport","16":"tag-sports","17":"tag-widzew-lodz"},"share_on_mastodon":{"url":"https:\/\/pubeurope.com\/@pl\/115653268156213961","error":""},"_links":{"self":[{"href":"https:\/\/www.europesays.com\/pl\/wp-json\/wp\/v2\/posts\/129961","targetHints":{"allow":["GET"]}}],"collection":[{"href":"https:\/\/www.europesays.com\/pl\/wp-json\/wp\/v2\/posts"}],"about":[{"href":"https:\/\/www.europesays.com\/pl\/wp-json\/wp\/v2\/types\/post"}],"author":[{"embeddable":true,"href":"https:\/\/www.europesays.com\/pl\/wp-json\/wp\/v2\/users\/2"}],"replies":[{"embeddable":true,"href":"https:\/\/www.europesays.com\/pl\/wp-json\/wp\/v2\/comments?post=129961"}],"version-history":[{"count":0,"href":"https:\/\/www.europesays.com\/pl\/wp-json\/wp\/v2\/posts\/129961\/revisions"}],"wp:featuredmedia":[{"embeddable":true,"href":"https:\/\/www.europesays.com\/pl\/wp-json\/wp\/v2\/media\/129962"}],"wp:attachment":[{"href":"https:\/\/www.europesays.com\/pl\/wp-json\/wp\/v2\/media?parent=129961"}],"wp:term":[{"taxonomy":"category","embeddable":true,"href":"https:\/\/www.europesays.com\/pl\/wp-json\/wp\/v2\/categories?post=129961"},{"taxonomy":"post_tag","embeddable":true,"href":"https:\/\/www.europesays.com\/pl\/wp-json\/wp\/v2\/tags?post=129961"}],"curies":[{"name":"wp","href":"https:\/\/api.w.org\/{rel}","templated":true}]}}