{"id":129963,"date":"2025-12-03T02:33:16","date_gmt":"2025-12-03T02:33:16","guid":{"rendered":"https:\/\/www.europesays.com\/pl\/129963\/"},"modified":"2025-12-03T02:33:16","modified_gmt":"2025-12-03T02:33:16","slug":"polskie-pilkarki-beda-walczyc-o-mundial-sa-na-to-gotowe","status":"publish","type":"post","link":"https:\/\/www.europesays.com\/pl\/129963\/","title":{"rendered":"Polskie pi\u0142karki b\u0119d\u0105 walczy\u0107 o mundial. &#8222;S\u0105 na to gotowe&#8221;"},"content":{"rendered":"<p>Bohaterk\u0105 starcia ze S\u0142oweni\u0105 zosta\u0142a Weronika Zawistowska, czyli strzelczyni jedynego gola. \u2014 Mecze towarzyskie to przede wszystkim poligon do\u015bwiadczalny przed nadchodz\u0105c\u0105 Lig\u0105 Narod\u00f3w, a tam wyst\u0105pimy w dywizji A. W spotkaniu ze S\u0142oweni\u0105 zagra\u0142y\u015bmy najmocniejszym sk\u0142adem, a to pokazuje, czego mo\u017cemy spodziewa\u0107 si\u0119 wiosn\u0105. Bramka zdobyta przez Zawistowsk\u0105 cieszy tym bardziej, \u017ce to pi\u0142karka, kt\u00f3ra ma za sob\u0105 trudne kilka miesi\u0119cy. Poszukiwa\u0142a nowego klubu, zmala\u0142a jej rola w kadrze. Po tym, jak zala\u0142a si\u0119 \u0142zami po strzeleniu gola i pu\u015bci\u0142y jej du\u017ce emocje, by\u0142o wida\u0107, jak wa\u017cna to dla niej chwila \u2014 m\u00f3wi w rozmowie z &#8222;PS&#8221; Weronika Mo\u017cejko, ekspertka i komentatorka pi\u0142ki kobiecej.<\/p>\n<p class=\"Paragraph_desktopParagraph__Fd2e9\">Mo\u017cejko oceni\u0142a r\u00f3wnie\u017c wyst\u0119p Emilii Szymczak, czyli jednej z najbardziej utalentowanych zawodniczek w kraju. 19-latka jest zawodniczk\u0105 FC Barcelony i ma kontrakt z Dum\u0105 Katalonii do 2029 r. W lipcu by\u0142a jedn\u0105 z wiod\u0105cych postaci podczas Euro, po czym zosta\u0142a wypo\u017cyczona do Liverpoolu, ale tam nie mo\u017ce liczy\u0107 na regularne wyst\u0119py.<\/p>\n<p class=\"Paragraph_desktopParagraph__Fd2e9\">\u2014 Na pocz\u0105tku ka\u017cdy my\u015bla\u0142, \u017ce to b\u0119dzie \u015bwietny ruch dla Szymczak. Mija\u0142y kolejne tygodnie, czekali\u015bmy, a\u017c ona zadebiutuje w Anglii, ale to nast\u0105pi\u0142o dopiero w listopadzie. Niestety mo\u017cna powiedzie\u0107, \u017ce zaliczy\u0142a prawie ca\u0142\u0105 rund\u0119 jesienn\u0105 bez gry i w pi\u0105tek w Gda\u0144sku podczas spotkania ze S\u0142oweni\u0105 by\u0142o to widoczne. Otoczenie pi\u0142karki oraz sama Barcelona powinni si\u0119 zastanowi\u0107, czy Liverpool obecnie faktycznie jest dla niej odpowiednim miejscem. Je\u017celi nadal ma otrzymywa\u0107 tylko pojedyncze minuty, nie b\u0119dzie to dobre dla nikogo \u2014 ocenia ekspertka.<\/p>\n<p><img decoding=\"async\" src=\"https:\/\/www.europesays.com\/pl\/wp-content\/uploads\/2025\/12\/emilia-szymczak.jpeg\" alt=\"Emilia Szymczak \" width=\"944\" height=\"629\" loading=\"lazy\" class=\"\" \/>Emilia Szymczak  (Foto: PAP\/Adam War\u017cawa)<\/p>\n<p class=\"Paragraph_desktopParagraph__Fd2e9\">Jedn\u0105 z tych zawodniczek, kt\u00f3re wracaj\u0105 do kadry i walcz\u0105 o miejsce w sk\u0142adzie, jest Gabriela Grzybowska. 23-latka nie gra\u0142a na Euro, ale teraz zanotowa\u0142a udane wej\u015bcie ju\u017c w 11. minucie zast\u0119puj\u0105c kontuzjowan\u0105 Milen\u0119 Kokosz i asystowa\u0142a przy trafieniu Zawistowskiej. \u2014 Konkurencja w kadrze w ostatnich latach zdecydowanie wzros\u0142a. Grzybowska do niedawna wyst\u0119powa\u0142a w GKS Katowice, ale zdecydowa\u0142a si\u0119 na transfer do francuskiego Dijon, gdzie wygl\u0105da bardzo dobrze. Udowodni\u0142a tam, \u017ce ma du\u017cy potencja\u0142, szybko si\u0119 aklimatyzuj\u0105c i wywalczaj\u0105c sobie miejsce w jedenastce. Uwa\u017cam, \u017ce to jedna z wygranych ostatnich dw\u00f3ch jesiennych zgrupowa\u0144 \u2014 ocenia Mo\u017cejko.<\/p>\n<p class=\"VideoPlayerText_videoPlayerText__zrtJk\">Dalszy ci\u0105g materia\u0142u pod wideo<\/p>\n<p>Z ligi polskiej te\u017c mo\u017cna<\/p>\n<p class=\"Paragraph_desktopParagraph__Fd2e9\">Rok 2025 na zawsze pozostanie historyczny dla reprezentacji Polski kobiet, a to dlatego, \u017ce w lipcu Bia\u0142o-Czerwone po raz pierwszy zagra\u0142y w du\u017cym turnieju, kt\u00f3rym by\u0142y wspomniane mistrzostwa Europy. \u2014 Nasza kadra zadebiutowa\u0142a na Euro, a mimo to nie mia\u0142a \u017cadnych kompleks\u00f3w. To mocne fundamenty pod rozw\u00f3j pi\u0142ki kobiecej w naszym kraju i w tym przypadku wychodzimy poza sam aspekt sportowy. W lipcu Bia\u0142o-Czerwone przyci\u0105gn\u0119\u0142y przed telewizory mn\u00f3stwo kibic\u00f3w, zainspirowa\u0142y mn\u00f3stwo dziewczynek, aby gra\u0107 w pi\u0142k\u0119 i pokaza\u0142y, \u017ce jest to sport dla ka\u017cdego. Pi\u0142ka kobieca wysz\u0142a z cienia i uwa\u017cam, \u017ce ten rok b\u0119dziemy wspomina\u0107 jako prze\u0142omowy \u2014 t\u0142umaczy Mo\u017cejko.<\/p>\n<p class=\"Paragraph_desktopParagraph__Fd2e9\">Kt\u00f3re zawodniczki zatem mo\u017cemy uznawa\u0107 za najwi\u0119ksze odkrycie ko\u0144cz\u0105cego si\u0119 roku? \u2014 Nadia Krezyman, ona ro\u015bnie wraz z t\u0105 reprezentacj\u0105. To zawodniczka z rocznika 2004, kt\u00f3ra wesz\u0142a do dru\u017cyny bez kompleks\u00f3w. Kolejn\u0105 tak\u0105 zawodniczk\u0105 jest Paulina Tomasiak. Jak m\u00f3wi\u0142am, wiele zawodniczek wyje\u017cd\u017ca, ale akurat w tym przypadku m\u00f3wimy o pi\u0142karce wyst\u0119puj\u0105cej w G\u00f3rniku \u0141\u0119czna. W ten spos\u00f3b udowadnia, \u017ce z polskiej ligi te\u017c jest droga do reprezentacji Polski. Z perspektywy dw\u00f3ch ostatnich zgrupowa\u0144 m\u00f3wili\u015bmy ju\u017c o Grzybowskiej, ale doda\u0142abym te\u017c Milen\u0119 Kokosz. Latem zmieni\u0142a klub i wykona\u0142a kolejny krok w karierze. Jestem przekonana, \u017ce te nazwiska b\u0119d\u0105 stanowi\u0107 si\u0142\u0119 naszej kadry w nadchodz\u0105cych latach \u2014 uwa\u017ca nasza rozm\u00f3wczyni. \u2014 A kto mo\u017ce czu\u0107 niedosyt? My\u015bl\u0119, \u017ce na przyk\u0142ad Aleksandra Zaremba. 24-latka nie\u017ale radzi sobie w lidze hiszpa\u0144skiej, ale nie pojecha\u0142a na Euro i ci\u0105gle walczy o miejsce w kadrze \u2014 dodaje.<\/p>\n<p><img decoding=\"async\" src=\"https:\/\/www.europesays.com\/pl\/wp-content\/uploads\/2025\/12\/paulina-tomasiak.jpeg\" alt=\"Paulina Tomasiak\" width=\"944\" height=\"629\" loading=\"lazy\" class=\"\" \/>Paulina Tomasiak (Foto: \u0141ukasz Grochala \/ Cyfrasport)Walka o kolejne marzenia<\/p>\n<p class=\"Paragraph_desktopParagraph__Fd2e9\">W marcu 2026 Polki rozpoczn\u0105 zmagania w dywizji A Ligi Narod\u00f3w. Jednocze\u015bnie b\u0119d\u0105 to kwalifikacje do mistrzostw \u015bwiata 2027, ale bezpo\u015bredni awans na turniej w Brazylii uzyskaj\u0105 tylko zwyci\u0119zcy grup. Pozosta\u0142e zespo\u0142y potem wezm\u0105 udzia\u0142 w bara\u017cach. <\/p>\n<p class=\"Paragraph_desktopParagraph__Fd2e9\">\u2014 W Lidze Narod\u00f3w zagramy z Francj\u0105, Holandi\u0105 oraz Irlandi\u0105 i zdecydowanym faworytem b\u0119d\u0105 Tr\u00f3jkolorowe. Mamy wiele zawodniczek, kt\u00f3re wyst\u0119puj\u0105 we Francji, co mo\u017ce by\u0107 naszym atutem. Przeciwko Holenderkom w pa\u017adzierniku mierzyli\u015bmy si\u0119 w Gda\u0144sku podczas meczu towarzyskiego i pad\u0142 remis 0:0, ale Oranje to zesp\u00f3\u0142 utytu\u0142owany, maj\u0105cy wielkie ambicje i taki, kt\u00f3ry znacznie lepiej czuje si\u0119 w spotkaniach o punkty. Wiele os\u00f3b skre\u015bla Irlandi\u0119, lecz ja bym tego nie robi\u0142a. To dru\u017cyna, kt\u00f3ra na mundialu w 2023 r. ju\u017c by\u0142a, prezentuje futbol bardzo fizyczny i z pewno\u015bci\u0105 b\u0119dzie wymagaj\u0105cym przeciwnikiem. Przy tym wszystkim warto doda\u0107, \u017ce Polki pokaza\u0142y, i\u017c potrafi\u0105 mierzy\u0107 si\u0119 z teoretycznie silniejszymi rywalami, czego najlepszym dowodem by\u0142o zwyci\u0119stwo z Dani\u0105 na Euro \u2014 opisuje Mo\u017cejko.<\/p>\n<p class=\"Paragraph_desktopParagraph__Fd2e9\">Awans na mistrzostwa \u015bwiata b\u0119dzie g\u0142\u00f3wnym celem Bia\u0142o-Czerwonych na kolejne dwana\u015bcie miesi\u0119cy. \u2014 Mam nadziej\u0119, \u017ce jak porozmawiamy za rok, b\u0119dziemy cieszy\u0107 si\u0119 z awansu na mundial. Moim zdaniem jeste\u015bmy na to gotowi. Kiedy mierzyli\u015bmy si\u0119 z Austri\u0105 i stawk\u0105 by\u0142 awans na Euro, niewielu na nas stawia\u0142o. Wiele zawodniczek b\u0119d\u0105cych liderkami kadry znajduje si\u0119 w najlepszym momencie swoich karier i one zdaj\u0105 sobie z tego spraw\u0119 \u2014 dodaje Weronika Mo\u017cejko.<\/p>\n","protected":false},"excerpt":{"rendered":"Bohaterk\u0105 starcia ze S\u0142oweni\u0105 zosta\u0142a Weronika Zawistowska, czyli strzelczyni jedynego gola. \u2014 Mecze towarzyskie to przede wszystkim poligon&hellip;\n","protected":false},"author":2,"featured_media":129964,"comment_status":"","ping_status":"","sticky":false,"template":"","format":"standard","meta":{"footnotes":""},"categories":[24],"tags":[67,4003,42,38,40,39,41,136,128,47,127,135,126,130],"class_list":{"0":"post-129963","1":"post","2":"type-post","3":"status-publish","4":"format-standard","5":"has-post-thumbnail","7":"category-sport","8":"tag-intextvideo_splayer","9":"tag-pilka_nozna_kobiet","10":"tag-pl","11":"tag-poland","12":"tag-polish","13":"tag-polska","14":"tag-polski","15":"tag-ps_detal_new","16":"tag-psv2","17":"tag-screening_general","18":"tag-sport","19":"tag-sport_sport","20":"tag-sports","21":"tag-wiadomosci_sportowe"},"share_on_mastodon":{"url":"https:\/\/pubeurope.com\/@pl\/115653299967519424","error":""},"_links":{"self":[{"href":"https:\/\/www.europesays.com\/pl\/wp-json\/wp\/v2\/posts\/129963","targetHints":{"allow":["GET"]}}],"collection":[{"href":"https:\/\/www.europesays.com\/pl\/wp-json\/wp\/v2\/posts"}],"about":[{"href":"https:\/\/www.europesays.com\/pl\/wp-json\/wp\/v2\/types\/post"}],"author":[{"embeddable":true,"href":"https:\/\/www.europesays.com\/pl\/wp-json\/wp\/v2\/users\/2"}],"replies":[{"embeddable":true,"href":"https:\/\/www.europesays.com\/pl\/wp-json\/wp\/v2\/comments?post=129963"}],"version-history":[{"count":0,"href":"https:\/\/www.europesays.com\/pl\/wp-json\/wp\/v2\/posts\/129963\/revisions"}],"wp:featuredmedia":[{"embeddable":true,"href":"https:\/\/www.europesays.com\/pl\/wp-json\/wp\/v2\/media\/129964"}],"wp:attachment":[{"href":"https:\/\/www.europesays.com\/pl\/wp-json\/wp\/v2\/media?parent=129963"}],"wp:term":[{"taxonomy":"category","embeddable":true,"href":"https:\/\/www.europesays.com\/pl\/wp-json\/wp\/v2\/categories?post=129963"},{"taxonomy":"post_tag","embeddable":true,"href":"https:\/\/www.europesays.com\/pl\/wp-json\/wp\/v2\/tags?post=129963"}],"curies":[{"name":"wp","href":"https:\/\/api.w.org\/{rel}","templated":true}]}}