{"id":129969,"date":"2025-12-03T03:37:13","date_gmt":"2025-12-03T03:37:13","guid":{"rendered":"https:\/\/www.europesays.com\/pl\/129969\/"},"modified":"2025-12-03T03:37:13","modified_gmt":"2025-12-03T03:37:13","slug":"la-toya-jackson-prezentuje-przerazajaco-chuda-sylwetke-fani-zaniepokojeni-2","status":"publish","type":"post","link":"https:\/\/www.europesays.com\/pl\/129969\/","title":{"rendered":"La Toya Jackson prezentuje przera\u017caj\u0105co chud\u0105 sylwetk\u0119. Fani zaniepokojeni"},"content":{"rendered":"<p class=\"Paragraph_desktopParagraph__U31Gm\"><a href=\"https:\/\/plejada.pl\/styl-gwiazd\/la-toya-jackson-robila-cos-z-twarza-fani-zaniepokojeni-jej-wygladem\/ykmjb77\" id=\"08c14470-92cd-4bbb-9314-180f17bc8d07\" rel=\"nofollow noopener\" target=\"_blank\">La Toya Jackson<\/a> od lat zmaga si\u0119 z \u0142atk\u0105 &#8222;najmniej utalentowanego dziecka&#8221; w rodzinie Jackson\u00f3w. Bycie w cieniu s\u0142awnego rodze\u0144stwa \u2014 Michaela i Janet Jackson\u00f3w, a tak\u017ce nieudane pr\u00f3by podbicia rynku muzycznego, odcisn\u0119\u0142y pi\u0119tno na jej \u017cyciu zawodowym i osobistym.<\/p>\n<p class=\"Paragraph_desktopParagraph__U31Gm\">W ostatnich latach jej obecno\u015b\u0107 w mediach ogranicza si\u0119 g\u0142\u00f3wnie do udzia\u0142u w r\u00f3\u017cnego rodzaju wydarzeniach i aktywno\u015bci w mediach spo\u0142eczno\u015bciowych. Dla wielu fan\u00f3w to w\u0142a\u015bnie jej ewoluuj\u0105cy wygl\u0105d, b\u0119d\u0105cy efektem licznych operacji plastycznych, pozostaje g\u0142\u00f3wnym tematem zainteresowania.<\/p>\n<ul class=\"OchatFollowUps_wrapper__1ry7X\">\n<li class=\"OchatFollowUps_item__Dhyly OchatFollowUps_itemDesktop__R6aBv\">Co wywo\u0142a\u0142o fal\u0119 niepokoju w\u015br\u00f3d fan\u00f3w La Toyi Jackson?<\/li>\n<li class=\"OchatFollowUps_item__Dhyly OchatFollowUps_itemDesktop__R6aBv\">Jak wygl\u0105da najnowszy filmik La Toyi na Instagramie?<\/li>\n<li class=\"OchatFollowUps_item__Dhyly OchatFollowUps_itemDesktop__R6aBv\">Co powiedzia\u0142a La Toya na swoim nagraniu z gabinetu lekarskiego?<\/li>\n<li class=\"OchatFollowUps_item__Dhyly OchatFollowUps_itemDesktop__R6aBv\">Jakie by\u0142y reakcje fan\u00f3w na zdj\u0119cia La Toyi Jackson?<\/li>\n<\/ul>\n<p>Fani zaniepokojeni wygl\u0105dem La Toi Jackson. &#8222;Przera\u017caj\u0105ce&#8221; <\/p>\n<p class=\"Paragraph_desktopParagraph__U31Gm\">Kilka dni temu La Toya opublikowa\u0142a na swoim Instagramie wideo z gabinetu lekarskiego, kt\u00f3re wywo\u0142a\u0142o lawin\u0119 spekulacji. W kr\u00f3tkim nagraniu celebrytka m\u00f3wi\u0142a: &#8222;Cze\u015b\u0107 wszystkim, mam nadziej\u0119, \u017ce u wszystkich wszystko w porz\u0105dku. Jestem znowu u lekarza, wi\u0119c mam nadziej\u0119, \u017ce wszystko b\u0119dzie ze mn\u0105 okej, a wyniki b\u0119d\u0105 dobre&#8221;.<\/p>\n<p class=\"Paragraph_desktopParagraph__U31Gm\">Nie zdradzi\u0142a jednak, co dok\u0142adnie sk\u0142oni\u0142o j\u0105 do wizyty u specjalisty, co jeszcze bardziej podsyci\u0142o obawy fan\u00f3w o jej stan zdrowia.<\/p>\n<p class=\"Paragraph_desktopParagraph__U31Gm\">Nied\u0142ugo p\u00f3\u017aniej La Toya podzieli\u0142a si\u0119 z obserwatorami nowymi zdj\u0119ciami, na kt\u00f3rych pozuje w eleganckim hotelowym korytarzu. Jednak to nie luksusowe wn\u0119trza przyci\u0105gn\u0119\u0142y uwag\u0119 internaut\u00f3w, lecz jej wyj\u0105tkowo szczup\u0142a sylwetka. Na jednym z uj\u0119\u0107, gdzie celebrytka pozuje bokiem do obiektywu, wida\u0107, jak bardzo schud\u0142a.<\/p>\n<p class=\"Paragraph_desktopParagraph__U31Gm\">W komentarzach pod postem pojawi\u0142y si\u0119 zar\u00f3wno s\u0142owa troski, jak i krytyki. &#8222;Nie b\u0105d\u017acie dla niej niemili, La Toya zmaga si\u0119 z problemami zdrowotnymi&#8221; \u2014 apelowa\u0142 jeden z fan\u00f3w, pr\u00f3buj\u0105c broni\u0107 idolki przed z\u0142o\u015bliwymi uwagami. &#8222;No c\u00f3\u017c, to jest przera\u017caj\u0105ce&#8221;, &#8222;LaToya prosz\u0119 jedz&#8221;, &#8222;Ona jest bardzo chuda&#8221;, &#8222;M\u00f3wienie nam, \u017ceby\u015bmy dbali o zdrowie, wygl\u0105daj\u0105c w ten spos\u00f3b, jest szale\u0144stwem&#8221; \u2014 pisali zmartwieni fani.<\/p>\n<p class=\"Paragraph_desktopParagraph__U31Gm\">Dzi\u0119kujemy, \u017ce przeczyta\u0142a\u015b\/e\u015b nasz artyku\u0142 do ko\u0144ca. W serwisie Plejada.pl ka\u017cdego dnia piszemy o najwa\u017cniejszych wydarzeniach show-biznesowych. B\u0105d\u017a na bie\u017c\u0105co! <a rel=\"nofollow noopener\" href=\"https:\/\/profile.google.com\/cp\/Cg0vZy8xMWJ6X19wdHBx\" id=\"5a9746e0-ff1b-439d-bfef-7e54baf01710\" target=\"_blank\">Obserwuj<\/a> Plejad\u0119 w Google. Odwied\u017a nas tak\u017ce na <a rel=\"nofollow noopener\" href=\"https:\/\/www.facebook.com\/plejadapl\" id=\"381597bf-84e1-4263-ab20-a6cc11ddb526\" target=\"_blank\">Facebooku<\/a>, <a rel=\"nofollow noopener\" href=\"https:\/\/www.instagram.com\/plejadapl\/\" id=\"7b3648ec-7170-4b00-aca3-56320a149e03\" target=\"_blank\">Instagramie<\/a>, <a rel=\"nofollow noopener\" href=\"https:\/\/www.youtube.com\/c\/plejada\" id=\"95d4e0f9-e388-4cfa-8c55-4c1e68997ebb\" target=\"_blank\">YouTubie<\/a> oraz <a rel=\"nofollow noopener\" href=\"https:\/\/www.tiktok.com\/@plejada_pl\" id=\"8b07427f-60f0-4fa1-9a46-95db70e45e40\" target=\"_blank\">TikToku<\/a>.<\/p>\n<p class=\"Paragraph_desktopParagraph__U31Gm\">Chcesz podzieli\u0107 si\u0119 ciekawym newsem lub zaproponowa\u0107 temat? Skontaktuj si\u0119 z nami, pisz\u0105c maila na adres: <a href=\"https:\/\/www.onet.pl\/styl-zycia\/plejada\/la-toya-jackson-prezentuje-przerazajaco-chuda-sylwetke-fani-zaniepokojeni\/mailto:plejada@redakcjaonet.pl\" id=\"aa16436f-e6f2-4e6e-9b0b-6465b0032d2e\" rel=\"nofollow noopener\" target=\"_blank\">plejada@redakcjaon<\/a><a rel=\"nofollow noopener\" href=\"http:\/\/et.pl\" id=\"e139814b-d0b1-45ad-a115-4db24082175d\" target=\"_blank\">et.pl<\/a>.<\/p>\n<p><script async src=\"\/\/www.instagram.com\/embed.js\"><\/script><script async src=\"\/\/www.tiktok.com\/embed.js\"><\/script><\/p>\n","protected":false},"excerpt":{"rendered":"La Toya Jackson od lat zmaga si\u0119 z \u0142atk\u0105 &#8222;najmniej utalentowanego dziecka&#8221; w rodzinie Jackson\u00f3w. Bycie w cieniu&hellip;\n","protected":false},"author":2,"featured_media":129970,"comment_status":"","ping_status":"","sticky":false,"template":"","format":"standard","meta":{"footnotes":""},"categories":[22],"tags":[244,122,67,27219,53,52,68,51,55,42,38,40,39,41,123,47,196,65,1323,50,253],"class_list":{"0":"post-129969","1":"post","2":"type-post","3":"status-publish","4":"format-standard","5":"has-post-thumbnail","7":"category-rozrywka","8":"tag-ctr_tst","9":"tag-entertainment","10":"tag-intextvideo_splayer","11":"tag-latoya_jackson","12":"tag-new_header","13":"tag-onet3","14":"tag-onet3d","15":"tag-onet3d_2i","16":"tag-phx","17":"tag-pl","18":"tag-poland","19":"tag-polish","20":"tag-polska","21":"tag-polski","22":"tag-rozrywka","23":"tag-screening_general","24":"tag-styl_zycia","25":"tag-update_me","26":"tag-uroda","27":"tag-v2021","28":"tag-zdrowie"},"share_on_mastodon":{"url":"https:\/\/pubeurope.com\/@pl\/115653551267828415","error":""},"_links":{"self":[{"href":"https:\/\/www.europesays.com\/pl\/wp-json\/wp\/v2\/posts\/129969","targetHints":{"allow":["GET"]}}],"collection":[{"href":"https:\/\/www.europesays.com\/pl\/wp-json\/wp\/v2\/posts"}],"about":[{"href":"https:\/\/www.europesays.com\/pl\/wp-json\/wp\/v2\/types\/post"}],"author":[{"embeddable":true,"href":"https:\/\/www.europesays.com\/pl\/wp-json\/wp\/v2\/users\/2"}],"replies":[{"embeddable":true,"href":"https:\/\/www.europesays.com\/pl\/wp-json\/wp\/v2\/comments?post=129969"}],"version-history":[{"count":0,"href":"https:\/\/www.europesays.com\/pl\/wp-json\/wp\/v2\/posts\/129969\/revisions"}],"wp:featuredmedia":[{"embeddable":true,"href":"https:\/\/www.europesays.com\/pl\/wp-json\/wp\/v2\/media\/129970"}],"wp:attachment":[{"href":"https:\/\/www.europesays.com\/pl\/wp-json\/wp\/v2\/media?parent=129969"}],"wp:term":[{"taxonomy":"category","embeddable":true,"href":"https:\/\/www.europesays.com\/pl\/wp-json\/wp\/v2\/categories?post=129969"},{"taxonomy":"post_tag","embeddable":true,"href":"https:\/\/www.europesays.com\/pl\/wp-json\/wp\/v2\/tags?post=129969"}],"curies":[{"name":"wp","href":"https:\/\/api.w.org\/{rel}","templated":true}]}}