{"id":129974,"date":"2025-12-03T03:48:07","date_gmt":"2025-12-03T03:48:07","guid":{"rendered":"https:\/\/www.europesays.com\/pl\/129974\/"},"modified":"2025-12-03T03:48:07","modified_gmt":"2025-12-03T03:48:07","slug":"zabic-ich-wszystkich-kulisy-operacji-na-karaibach-wywoluja-burze-w-usa-kongres-grzmi-o-zbrodni-wojennej-onet-wiadomosci","status":"publish","type":"post","link":"https:\/\/www.europesays.com\/pl\/129974\/","title":{"rendered":"&quot;Zabi\u0107 ich wszystkich&quot;. Kulisy operacji na Karaibach wywo\u0142uj\u0105 burz\u0119 w USA. Kongres grzmi o zbrodni wojennej &#8211; Onet Wiadomo\u015bci"},"content":{"rendered":"<ol>\n<li><a href=\"https:\/\/news.google.com\/rss\/articles\/CBMiwwFBVV95cUxON2ZuanJyQkh2X1BQRjNlS3d6SzVxamRGMndnZ3otTlA3UzJvS2lrSzZTMVM2aURsR0Y0aWpiMFFvUldNSTdYazRvUUlBbm9DWkVPU3JvMkwwWlJYS1I4T1laSWNlWm1odHlfcGY5T3FPald4WVUxMHlWWGZYOEhlMXhWVmpOYjU3MmRIVC16UXhpQUtCZ1J4TDVXMVJCNjY1dkpPMEE4ZUtTckdXbU5wMEtCaGhSVUMySEdaTXJKLWNISHM?oc=5\" target=\"_blank\" rel=\"nofollow noopener\">&#8222;Zabi\u0107 ich wszystkich&#8221;. Kulisy operacji na Karaibach wywo\u0142uj\u0105 burz\u0119 w USA. Kongres grzmi o zbrodni wojennej<\/a>&nbsp;&nbsp;Onet Wiadomo\u015bci<\/li>\n<li><a href=\"https:\/\/news.google.com\/rss\/articles\/CBMixAFBVV95cUxPcGRIdWNzaHNPNG00U2MzLU8xN19waVVuUmpwTVFDNUFYajdVQ2xLNTlHWm5CZzRzb2RpQnJnYWVkRlZfcU1iang3ZVZmaUhQdkpIRmZqXy1uVHV1TkJqSHdHMlBTWnlfX25JR1dYN1NYYTk2OXQ0RXh2R3pTMS1lUTZpOTRwUUpBUC1YWENrdFlaODVuYklJVzc0RVEzNnc5bmpEWGkwVExpekp3OXVpMlhvLWNuZHdDWDlyT3FIVUtBTlM3?oc=5\" target=\"_blank\" rel=\"nofollow noopener\">Kto wyda\u0142 rozkaz zabicia rannych cywil\u00f3w? Bia\u0142y Dom zrzuca win\u0119 na &#8222;bohatera Ameryki&#8221;<\/a>&nbsp;&nbsp;Onet Wiadomo\u015bci<\/li>\n<li><a href=\"https:\/\/news.google.com\/rss\/articles\/CBMisgFBVV95cUxPX0FqUGZtU3pYU0c4R2JvdVh5NjdYVFBhZ0ZTTGhrcGpxcTFpWFg5YnY1b3FKUkVjX3AtVGlNZmVmeGFHQVplX3ZfalNHRTNGVFZXREViOXJ2WTRyXzk4cThaQmNJZG81ZHNsZlBzeGZxOU9xc1plTHZlbnFxR0M2a2VKQ2dyd2xxWW05RGtYMXA3X2Qxb082VXFrems4Z001dWdWeDdXZmZkWUF4ZjFVMXdB?oc=5\" target=\"_blank\" rel=\"nofollow noopener\">Zabili rozbitk\u00f3w, kt\u00f3rzy prze\u017cyli pierwsze uderzenie w \u0142\u00f3d\u017a. Bia\u0142y Dom potwierdza<\/a>&nbsp;&nbsp;TVN24<\/li>\n<li><a href=\"https:\/\/news.google.com\/rss\/articles\/CBMirgFBVV95cUxNYU5yZk9vTENxZmRrV0R5MVlKbXdhbXhmS2N1YXF5b3BNaVpKVEhMNU1La2xvUjBEdHo0bFRkdUxkbkEyVS0tVGdLLXJTSmp3RlZVOUNWYW1BaG5fWVRac1FuVkttdmhiN3Bad3J3bWFKOGN0dHBpSjdMVzBHVTk0QTI5RVFfZmdPeDBic2JrM0xMakdreUFMR2NHTTBNeUJJa2ZoWEd6S1JmRU1vWFE?oc=5\" target=\"_blank\" rel=\"nofollow noopener\">Po \u015bledztwie 'Washington Post&#8217; Bia\u0142y Dom przyznaje: by\u0142 drugi atak na rozbitk\u00f3w na Morzu Karaibskim<\/a>&nbsp;&nbsp;Wyborcza.pl<\/li>\n<li><a href=\"https:\/\/news.google.com\/rss\/articles\/CBMiwwFBVV95cUxNNTN4RjFaeTRRTXJMNkEwWEM5MVRweEgwem1QTDlGanIzMkNHTk1DV3R5dUFhd1I1M3hYMUJEcEphM3pmd2FrOXNBTXl1ZTBJRDl6SWhiMDYxeXRkN3hucDUwLXhwTWFDVnNuZGRabjA0ZzZjN2dXRGxwQ0ZscVppM2U0WkNVN3hHWl9UNE5BVHQ5YTBmOXR3WU83R3lJWlFOa3NVdDJoNlV2OXRxWVdtcm1weGpUdEFQMXl1cERTSmQxVnM?oc=5\" target=\"_blank\" rel=\"nofollow noopener\">Ekspert komentuje decyzj\u0119 sekretarza obrony USA. Dobijanie ocala\u0142ych na morzu to przest\u0119pstwo do kwadratu<\/a>&nbsp;&nbsp;Rzeczpospolita<\/li>\n<\/ol>\n","protected":false},"excerpt":{"rendered":"&#8222;Zabi\u0107 ich wszystkich&#8221;. Kulisy operacji na Karaibach wywo\u0142uj\u0105 burz\u0119 w USA. Kongres grzmi o zbrodni wojennej&nbsp;&nbsp;Onet Wiadomo\u015bci Kto&hellip;\n","protected":false},"author":2,"featured_media":129975,"comment_status":"","ping_status":"","sticky":false,"template":"","format":"standard","meta":{"footnotes":""},"categories":[12],"tags":[56,32,33,44,36,37,27,6624,34,35,28,31,910,48,25,46,5613,42,38,40,39,41,47,80,29,30,71,26],"class_list":{"0":"post-129974","1":"post","2":"type-post","3":"status-publish","4":"format-standard","5":"has-post-thumbnail","7":"category-polska","8":"tag-article_premium","9":"tag-breaking-news","10":"tag-breakingnews","11":"tag-donald_trump","12":"tag-featured-news","13":"tag-featurednews","14":"tag-headlines","15":"tag-karaiby","16":"tag-latest-news","17":"tag-latestnews","18":"tag-naglowki","19":"tag-najwazniejsze-artykuly","20":"tag-narkotyki_narkomania_handel_narkotykami","21":"tag-nat_styl","22":"tag-news","23":"tag-omp","24":"tag-pete_hegseth","25":"tag-pl","26":"tag-poland","27":"tag-polish","28":"tag-polska","29":"tag-polski","30":"tag-screening_general","31":"tag-swiat","32":"tag-top-stories","33":"tag-topstories","34":"tag-usa","35":"tag-wiadomosci"},"share_on_mastodon":{"url":"https:\/\/pubeurope.com\/@pl\/115653594535114994","error":""},"_links":{"self":[{"href":"https:\/\/www.europesays.com\/pl\/wp-json\/wp\/v2\/posts\/129974","targetHints":{"allow":["GET"]}}],"collection":[{"href":"https:\/\/www.europesays.com\/pl\/wp-json\/wp\/v2\/posts"}],"about":[{"href":"https:\/\/www.europesays.com\/pl\/wp-json\/wp\/v2\/types\/post"}],"author":[{"embeddable":true,"href":"https:\/\/www.europesays.com\/pl\/wp-json\/wp\/v2\/users\/2"}],"replies":[{"embeddable":true,"href":"https:\/\/www.europesays.com\/pl\/wp-json\/wp\/v2\/comments?post=129974"}],"version-history":[{"count":0,"href":"https:\/\/www.europesays.com\/pl\/wp-json\/wp\/v2\/posts\/129974\/revisions"}],"wp:featuredmedia":[{"embeddable":true,"href":"https:\/\/www.europesays.com\/pl\/wp-json\/wp\/v2\/media\/129975"}],"wp:attachment":[{"href":"https:\/\/www.europesays.com\/pl\/wp-json\/wp\/v2\/media?parent=129974"}],"wp:term":[{"taxonomy":"category","embeddable":true,"href":"https:\/\/www.europesays.com\/pl\/wp-json\/wp\/v2\/categories?post=129974"},{"taxonomy":"post_tag","embeddable":true,"href":"https:\/\/www.europesays.com\/pl\/wp-json\/wp\/v2\/tags?post=129974"}],"curies":[{"name":"wp","href":"https:\/\/api.w.org\/{rel}","templated":true}]}}