{"id":129978,"date":"2025-12-03T03:55:07","date_gmt":"2025-12-03T03:55:07","guid":{"rendered":"https:\/\/www.europesays.com\/pl\/129978\/"},"modified":"2025-12-03T03:55:07","modified_gmt":"2025-12-03T03:55:07","slug":"licze-ze-premier-donald-tusk-przeprosi-polakow","status":"publish","type":"post","link":"https:\/\/www.europesays.com\/pl\/129978\/","title":{"rendered":"Licz\u0119, \u017ce premier Donald Tusk przeprosi Polak\u00f3w"},"content":{"rendered":"\n<p>&#13;<br \/>\nKarol Nawrocki spotka\u0142 si\u0119 tam z\u00a0\u017co\u0142nierzami pe\u0142ni\u0105cymi s\u0142u\u017cb\u0119 w\u00a0hubie logistycznym POLLOGHUB. Prezydent wyg\u0142osi\u0142 te\u017c przem\u00f3wienie, a\u00a0potem odpowiedzia\u0142 na\u00a0kilka pyta\u0144 dziennikarzy. &#13;\n<\/p>\n<p> Prezydent w\u00a0POLLOGHUB Rzesz\u00f3w-Jasionka<\/p>\n<p>&#13;<br \/>\nNawrocki powiedzia\u0142, \u017ce\u00a0ponad 95 proc. wszystkich donacji z\u00a0ponad 40 pa\u0144stw przechodzi w\u0142a\u015bnie przez hub w\u00a0Jasionce. \u2013\u00a0Trzeba mie\u0107 g\u0142\u0119bok\u0105 \u015bwiadomo\u015b\u0107, \u017ce\u00a0dzi\u0119ki wysi\u0142kowi Polak\u00f3w, polskich \u017co\u0142nierzy, dzi\u0119ki takim miejscom jak hub logistyczny na\u00a0Podkarpaciu mo\u017cliwa jest obrona Ukrainy przed rosyjsk\u0105 napa\u015bci\u0105 \u2013\u00a0powiedzia\u0142 prezydent. \u2013Ta wizyta pokaza\u0142a, jak wielk\u0105 odpowiedzialno\u015b\u0107 ma\u00a0na\u00a0sobie Polska. Sprz\u0119t i\u00a0pomoc z\u00a0ca\u0142ego \u015bwiata przechodzi w\u0142a\u015bnie przez ten hub. Polska podejmuje ogromny wysi\u0142ek. To\u00a0wa\u017cne dla\u00a0naszego narodu i\u00a0w\u00a0kontek\u015bcie sojuszniczym. Bez tego miejsca nie\u00a0uda\u0142oby si\u0119 zapewni\u0107 bezpiecze\u0144stwa ca\u0142ej wschodniej flanki NATO \u2013\u00a0m\u00f3wi\u0142 w\u00a0trakcie wyst\u0105pienia. &#13;\n<\/p>\n<p>&#13;<br \/>\n\u2013 Jest to\u00a0wa\u017cne tak\u017ce w\u00a0kontek\u015bcie sojuszniczym, bowiem jeste\u015bmy w\u00a0miejscu kt\u00f3re nie\u00a0tylko jest \u015bwiadkiem \u017cywej historii XXI wieku, ale\u00a0jest tak\u017ce miejscem bez kt\u00f3rego nie\u00a0uda\u0142oby si\u0119 zapewni\u0107 bezpiecze\u0144stwa ca\u0142ej wschodniej flanki NATO. To\u00a0wszystko odbywa si\u0119 wysi\u0142kiem polskiego bud\u017cetu, polskiego pa\u0144stwa, polskiego \u017co\u0142nierza, ale\u00a0tak\u017ce to\u00a0miejsce na\u00a0Podkarpaciu pokazuje w\u00a0soczewce jak przebiega wsp\u00f3\u0142praca sojusznik\u00f3w w\u00a0ramach NATO \u2013\u00a0powiedzia\u0142 Nawrocki. &#13;\n<\/p>\n<p>Nawrocki: Mam nadziej\u0119, \u017ce\u00a0Tusk przeprosi Polak\u00f3w <\/p>\n<p>&#13;<br \/>\nG\u0142owa pa\u0144stwa zosta\u0142a zapytana o\u00a0<a href=\"https:\/\/dorzeczy.pl\/opinie\/813962\/tusk-o-reparacjach-kosiniak-kamysz-prowokacja-intelektualna.html\" rel=\"nofollow noopener\" target=\"_blank\">zdumiewaj\u0105c\u0105 wypowied\u017a Donalda Tuska<\/a> z\u00a0Berlina o\u00a0zado\u015b\u0107uczynieniu dla\u00a0niemieckich ofiar II\u00a0wojny \u015bwiatowej, kt\u00f3re jeszcze \u017cyj\u0105. Premier powiedzia\u0142, \u017ce\u00a0je\u015bli nie\u00a0zrobi\u0105 tego Niemcy, to\u00a0zrobi to\u00a0Polska, czyli de facto polscy podatnicy. &#13;\n<\/p>\n<p>&#13;<br \/>\n\u2013 Zasmuci\u0142y mnie s\u0142owa pana premiera Donalda Tuska. [&#8230;] My\u015bl\u0119, \u017ce\u00a0z\u00a0naszymi partnerami, a\u00a0tak traktujemy przecie\u017c Niemc\u00f3w mo\u017cemy rozmawia\u0107 tak\u017ce o\u00a0kwestiach trudnych, o\u00a0kt\u00f3re kwestiach mamy rozwi\u0105zywa\u0107. Nie\u00a0znam takiego rozwi\u0105zania problemu historycznego ani politycznego, ani w\u00a0zakresie przyzwoito\u015bci, ani prawdy historycznej w\u00a0kt\u00f3rym ofiary same p\u0142ac\u0105 za\u00a0poniesione z\u0142o od\u00a0okupanta i\u00a0od naje\u017ad\u017acy. A\u00a0wi\u0119c to, co\u00a0powiedzia\u0142 pan premier Donald Tusk w\u00a0Berlinie bardzo mnie niepokoi, mam nadziej\u0119, \u017ce\u00a0pan premier Donald Tusk przeprosi Polak\u00f3w i\u00a0powie, \u017ce\u00a0to\u00a0jest wyraz jakiego\u015b niezrozumienia \u2013\u00a0powiedzia\u0142 Karol Nawrocki. &#13;\n<\/p>\n<p>&#13;<br \/>\ntwitterCzytaj te\u017c:<br \/><a href=\"https:\/\/dorzeczy.pl\/opinie\/814142\/moskwa-wsciekla-po-slowach-nawrockiego-konfrontacja-z-rosja.html\" rel=\"follow nofollow noopener\" data-schema=\"DORZECZY\" data-image=\"https:\/\/img.dorzeczy.pl\/_thumb\/d0\/01\/e10b9f487510c20a8afdeae57a91.jpeg\" target=\"_blank\">Moskwa w\u015bciek\u0142a po\u00a0s\u0142owach Nawrockiego. &#8222;Konfrontacja z\u00a0Rosj\u0105&#8221;<\/a>Czytaj te\u017c:<br \/><a href=\"https:\/\/dorzeczy.pl\/swiat\/814130\/witkoff-u-putina-na-kremlu-ruszyly-rozmowy-pokojowe.html\" rel=\"follow nofollow noopener\" data-schema=\"DORZECZY\" data-image=\"https:\/\/img.dorzeczy.pl\/_thumb\/ce\/9c\/151e77d83087a7b3b06e476bbf0d.jpeg\" target=\"_blank\">Witkoff u\u00a0Putina na\u00a0Kremlu. Ruszy\u0142y rozmowy pokojowe<\/a>&#13;<\/p>\n","protected":false},"excerpt":{"rendered":"&#13; Karol Nawrocki spotka\u0142 si\u0119 tam z\u00a0\u017co\u0142nierzami pe\u0142ni\u0105cymi s\u0142u\u017cb\u0119 w\u00a0hubie logistycznym POLLOGHUB. Prezydent wyg\u0142osi\u0142 te\u017c przem\u00f3wienie, a\u00a0potem odpowiedzia\u0142&hellip;\n","protected":false},"author":2,"featured_media":129979,"comment_status":"","ping_status":"","sticky":false,"template":"","format":"standard","meta":{"footnotes":""},"categories":[12],"tags":[32,33,1345,98,36,37,27,690,49,34,35,28,31,25,102,42,38,40,27237,39,41,1005,27238,29,30,26],"class_list":{"0":"post-129978","1":"post","2":"type-post","3":"status-publish","4":"format-standard","5":"has-post-thumbnail","7":"category-polska","8":"tag-breaking-news","9":"tag-breakingnews","10":"tag-donald-tusk","11":"tag-dorzeczy","12":"tag-featured-news","13":"tag-featurednews","14":"tag-headlines","15":"tag-karol-nawrocki","16":"tag-kraj","17":"tag-latest-news","18":"tag-latestnews","19":"tag-naglowki","20":"tag-najwazniejsze-artykuly","21":"tag-news","22":"tag-opinie","23":"tag-pl","24":"tag-poland","25":"tag-polish","26":"tag-polloghub","27":"tag-polska","28":"tag-polski","29":"tag-prezydent","30":"tag-rzeszow-jasionka","31":"tag-top-stories","32":"tag-topstories","33":"tag-wiadomosci"},"share_on_mastodon":{"url":"https:\/\/pubeurope.com\/@pl\/115653622064721400","error":""},"_links":{"self":[{"href":"https:\/\/www.europesays.com\/pl\/wp-json\/wp\/v2\/posts\/129978","targetHints":{"allow":["GET"]}}],"collection":[{"href":"https:\/\/www.europesays.com\/pl\/wp-json\/wp\/v2\/posts"}],"about":[{"href":"https:\/\/www.europesays.com\/pl\/wp-json\/wp\/v2\/types\/post"}],"author":[{"embeddable":true,"href":"https:\/\/www.europesays.com\/pl\/wp-json\/wp\/v2\/users\/2"}],"replies":[{"embeddable":true,"href":"https:\/\/www.europesays.com\/pl\/wp-json\/wp\/v2\/comments?post=129978"}],"version-history":[{"count":0,"href":"https:\/\/www.europesays.com\/pl\/wp-json\/wp\/v2\/posts\/129978\/revisions"}],"wp:featuredmedia":[{"embeddable":true,"href":"https:\/\/www.europesays.com\/pl\/wp-json\/wp\/v2\/media\/129979"}],"wp:attachment":[{"href":"https:\/\/www.europesays.com\/pl\/wp-json\/wp\/v2\/media?parent=129978"}],"wp:term":[{"taxonomy":"category","embeddable":true,"href":"https:\/\/www.europesays.com\/pl\/wp-json\/wp\/v2\/categories?post=129978"},{"taxonomy":"post_tag","embeddable":true,"href":"https:\/\/www.europesays.com\/pl\/wp-json\/wp\/v2\/tags?post=129978"}],"curies":[{"name":"wp","href":"https:\/\/api.w.org\/{rel}","templated":true}]}}