{"id":129984,"date":"2025-12-03T04:15:08","date_gmt":"2025-12-03T04:15:08","guid":{"rendered":"https:\/\/www.europesays.com\/pl\/129984\/"},"modified":"2025-12-03T04:15:08","modified_gmt":"2025-12-03T04:15:08","slug":"rada-europejska-i-pe-osiagnely-porozumienie-zbliza-sie-koniec-importu-rosyjskiego-gazu","status":"publish","type":"post","link":"https:\/\/www.europesays.com\/pl\/129984\/","title":{"rendered":"Rada Europejska i PE osi\u0105gn\u0119\u0142y porozumienie. Zbli\u017ca si\u0119 koniec importu rosyjskiego gazu"},"content":{"rendered":"<p class=\"ods-c-paragraph \">Du\u0144ska prezydencja w Radzie Europejskiej i przedstawiciele PE zawarli nieformalne porozumienie, kt\u00f3re przewiduje wprowadzenie wi\u0105\u017c\u0105cych przepis\u00f3w o wygaszeniu importu gazu z Rosji. W przypadku skroplonego gazu ziemnego (LNG) ca\u0142kowity zakaz ma obowi\u0105zywa\u0107 od ko\u0144ca 2026 r., a w przypadku surowca przesy\u0142anego gazoci\u0105gami \u2014 od jesieni 2027 r.<\/p>\n<p>Dalszy ci\u0105g artyku\u0142u pod materia\u0142em wideo<\/p>\n<p> Kiedy ma nast\u0105pi\u0107 ca\u0142kowity zakaz importu gazu z Rosji? <\/p>\n<p> Co musi si\u0119 sta\u0107, \u017ceby porozumienie wesz\u0142o w \u017cycie? <\/p>\n<p> Jakie kraje wci\u0105\u017c importuj\u0105 gaz z Rosji? <\/p>\n<p> Kto skomentowa\u0142 porozumienie dotycz\u0105ce rosyjskiego gazu? <\/p>\n<p class=\"ods-c-paragraph \">\u2014 To du\u017ce zwyci\u0119stwo dla nas i ca\u0142ej Europy. Musimy po\u0142o\u017cy\u0107 kres uzale\u017cnieniu UE od rosyjskiego gazu, a zakazanie go na sta\u0142e w UE jest wa\u017cnym krokiem w dobr\u0105 stron\u0119 \u2014 o\u015bwiadczy\u0142 cytowany w komunikacie du\u0144ski minister ds. energii i klimatu Lars Aagaard.<\/p>\n<p>   Oczekiwanie na formalne porozumienie<\/p>\n<p class=\"ods-c-paragraph \">By wej\u015b\u0107 w \u017cycie, porozumienie musi zosta\u0107 formalnie zatwierdzone przez PE i Rad\u0119 Europejsk\u0105 \u2014 wynika z komunikat\u00f3w obu instytucji.<\/p>\n<p class=\"ods-c-paragraph \">&#8222;Za nami noc trudnych negocjacji. Europa zdecydowa\u0142a si\u0119 naprawi\u0107 sw\u00f3j b\u0142\u0105d i w ko\u0144cu powiedzie\u0107: \u00bbkoniec z rosyjskim gazem!\u00ab. K\u0142ad\u0119 si\u0119 spa\u0107 dumny, \u017ce PE, Komisja i Rada m\u00f3wi\u0105 jednym g\u0142osem, wysy\u0142aj\u0105c Putinowi \u015bwi\u0105teczny \u00bbprezent\u00ab&#8221; \u2014 napisa\u0142 europose\u0142 KO Borys Budka.<\/p>\n<p class=\"ods-c-paragraph \">W pa\u017adzierniku z Rosji pochodzi\u0142o 12 proc. gazu sprowadzonego do UE, podczas gdy przed rozpocz\u0119ciem przez Moskw\u0119 w 2022 r. inwazji na Ukrain\u0119 na pe\u0142n\u0105 skal\u0119 odsetek ten wynosi\u0142 45 proc. Gaz z Rosji wci\u0105\u017c importuj\u0105 mi\u0119dzy innymi W\u0119gry, Francja i Belgia \u2014 poda\u0142a agencja Reutera.<\/p>\n","protected":false},"excerpt":{"rendered":"Du\u0144ska prezydencja w Radzie Europejskiej i przedstawiciele PE zawarli nieformalne porozumienie, kt\u00f3re przewiduje wprowadzenie wi\u0105\u017c\u0105cych przepis\u00f3w o wygaszeniu&hellip;\n","protected":false},"author":2,"featured_media":129985,"comment_status":"","ping_status":"","sticky":false,"template":"","format":"standard","meta":{"footnotes":""},"categories":[14],"tags":[32,33,4779,27,34,35,28,31,48,25,46,2179,40,41,20445,87,47,80,29,30,26,82,83,84],"class_list":{"0":"post-129984","1":"post","2":"type-post","3":"status-publish","4":"format-standard","5":"has-post-thumbnail","7":"category-swiat","8":"tag-breaking-news","9":"tag-breakingnews","10":"tag-gaz","11":"tag-headlines","12":"tag-latest-news","13":"tag-latestnews","14":"tag-naglowki","15":"tag-najwazniejsze-artykuly","16":"tag-nat_styl","17":"tag-news","18":"tag-omp","19":"tag-parlament_europejski","20":"tag-polish","21":"tag-polski","22":"tag-rada_europejska","23":"tag-rosja","24":"tag-screening_general","25":"tag-swiat","26":"tag-top-stories","27":"tag-topstories","28":"tag-wiadomosci","29":"tag-world","30":"tag-world-news","31":"tag-worldnews"},"share_on_mastodon":{"url":"https:\/\/pubeurope.com\/@pl\/115653700673542110","error":""},"_links":{"self":[{"href":"https:\/\/www.europesays.com\/pl\/wp-json\/wp\/v2\/posts\/129984","targetHints":{"allow":["GET"]}}],"collection":[{"href":"https:\/\/www.europesays.com\/pl\/wp-json\/wp\/v2\/posts"}],"about":[{"href":"https:\/\/www.europesays.com\/pl\/wp-json\/wp\/v2\/types\/post"}],"author":[{"embeddable":true,"href":"https:\/\/www.europesays.com\/pl\/wp-json\/wp\/v2\/users\/2"}],"replies":[{"embeddable":true,"href":"https:\/\/www.europesays.com\/pl\/wp-json\/wp\/v2\/comments?post=129984"}],"version-history":[{"count":0,"href":"https:\/\/www.europesays.com\/pl\/wp-json\/wp\/v2\/posts\/129984\/revisions"}],"wp:featuredmedia":[{"embeddable":true,"href":"https:\/\/www.europesays.com\/pl\/wp-json\/wp\/v2\/media\/129985"}],"wp:attachment":[{"href":"https:\/\/www.europesays.com\/pl\/wp-json\/wp\/v2\/media?parent=129984"}],"wp:term":[{"taxonomy":"category","embeddable":true,"href":"https:\/\/www.europesays.com\/pl\/wp-json\/wp\/v2\/categories?post=129984"},{"taxonomy":"post_tag","embeddable":true,"href":"https:\/\/www.europesays.com\/pl\/wp-json\/wp\/v2\/tags?post=129984"}],"curies":[{"name":"wp","href":"https:\/\/api.w.org\/{rel}","templated":true}]}}