{"id":129998,"date":"2025-12-03T04:50:14","date_gmt":"2025-12-03T04:50:14","guid":{"rendered":"https:\/\/www.europesays.com\/pl\/129998\/"},"modified":"2025-12-03T04:50:14","modified_gmt":"2025-12-03T04:50:14","slug":"seria-wieczornych-wpisow-wolodymyra-zelenskiego-rozumiemy-co-sie-dzieje-2","status":"publish","type":"post","link":"https:\/\/www.europesays.com\/pl\/129998\/","title":{"rendered":"Seria wieczornych wpis\u00f3w Wo\u0142odymyra Ze\u0142enskiego. &#8222;Rozumiemy, co si\u0119 dzieje&#8221;"},"content":{"rendered":"<p class=\"Paragraph_desktopParagraph__U31Gm\">Rosyjski przyw\u00f3dca <a href=\"https:\/\/wiadomosci.onet.pl\/swiat\/rozpoczelo-sie-spotkanie-wladimira-putina-z-amerykanska-delegacja\/lrk7fdn\" id=\"b44302b4-3572-409a-be9e-5df5e560f6c5\" rel=\"nofollow noopener\" target=\"_blank\">W\u0142adimir Putin rozpocz\u0105\u0142 we wtorek w Moskwie rozmowy na temat zako\u0144czenia wojny w Ukrainie z wys\u0142annikiem USA Steve\u2019em Witkoffem i zi\u0119ciem prezydenta Donalda Trumpa, Jaredem Kushnerem<\/a>. W spotkaniu uczestnicz\u0105 te\u017c wys\u0142annik Putina Kiri\u0142\u0142 Dmitrijew oraz doradca prezydenta ds. mi\u0119dzynarodowych Jurij Uszakow.<\/p>\n<p class=\"VideoPlayerText_videoPlayerText__iDwyz\">Dalszy ci\u0105g materia\u0142u pod wideo<\/p>\n<p class=\"Paragraph_desktopParagraph__U31Gm\">Na platformie Telegram do rozm\u00f3w odni\u00f3s\u0142 si\u0119 w kilku wpisach Wo\u0142odymyr Ze\u0142enski. &#8222;Ukraina b\u0119dzie czeka\u0107 na sygna\u0142y od ameryka\u0144skiej delegacji po jej spotkaniach w Rosji. Delegacja USA chce nam z\u0142o\u017cy\u0107 raport zaraz po spotkaniach. Od tych sygna\u0142\u00f3w zale\u017c\u0105 kolejne kroki&#8221; \u2014 przekaza\u0142 ukrai\u0144ski prezydent.<\/p>\n<ul class=\"OchatFollowUps_wrapper__1ry7X\">\n<li class=\"OchatFollowUps_item__Dhyly OchatFollowUps_itemDesktop__R6aBv\">Jakie negocjacje prowadzi Wo\u0142odymyr Ze\u0142enski?<\/li>\n<li class=\"OchatFollowUps_item__Dhyly OchatFollowUps_itemDesktop__R6aBv\">Z kim rozmawia ameryka\u0144ska delegacja?<\/li>\n<li class=\"OchatFollowUps_item__Dhyly OchatFollowUps_itemDesktop__R6aBv\">Co przekaza\u0142 Ze\u0142enski o spotkaniu z Donaldem Trumpem?<\/li>\n<li class=\"OchatFollowUps_item__Dhyly OchatFollowUps_itemDesktop__R6aBv\">Jakie tematy s\u0105 dla Ukrainy najwa\u017cniejsze?<\/li>\n<\/ul>\n<p class=\"Paragraph_desktopParagraph__U31Gm\">&#8222;Otrzymamy r\u00f3\u017cne sygna\u0142y. Je\u015bli sygna\u0142y b\u0119d\u0105 dzia\u0142a\u0107, je\u015bli b\u0119dzie to fair play z naszymi partnerami, to mo\u017ce spotkamy si\u0119 z ameryka\u0144sk\u0105 delegacj\u0105 bardzo szybko. Na jakim szczeblu \u2014 zobaczymy, w zale\u017cno\u015bci od sygna\u0142\u00f3w. Je\u015bli sygna\u0142y dadz\u0105 mo\u017cliwo\u015b\u0107 i szans\u0119 podj\u0119cia globalnych, ale szybkich decyzji, to b\u0119dzie to wy\u017cszy szczebel&#8221; \u2014 zaznaczy\u0142 Ze\u0142enski. &#8222;Jestem gotowy na wszystkie sygna\u0142y, gotowy na spotkanie z prezydentem Trumpem. Wszystko zale\u017cy od dzisiejszych rozm\u00f3w&#8221; \u2014 doda\u0142 w swoim pierwszym wpisie.<\/p>\n<p>&#8222;Musimy jednak zako\u0144czy\u0107 t\u0119 wojn\u0119 tak, aby za rok Rosja nie nadesz\u0142a ponownie z trzeci\u0105 inwazj\u0105&#8221; <\/p>\n<p class=\"Paragraph_desktopParagraph__U31Gm\">Po kilku minutach opublikowa\u0142 kolejny wpis. &#8222;Rosjanie rozpocz\u0119li wojn\u0119 i nie ma \u017cadnej alternatywy dla tego sformu\u0142owania. \u015awiadkiem tego jest ca\u0142y \u015bwiat. Przybyli z agresj\u0105, aby nas zniszczy\u0107. Powstrzymali\u015bmy ich. Pomog\u0142a Europa, pomog\u0142a Ameryka. Rosja nie zdo\u0142a\u0142a zaj\u0105\u0107 Ukrainy przede wszystkim dzi\u0119ki sile Ukrai\u0144c\u00f3w \u2014 \u017co\u0142nierzy, cywil\u00f3w \u2014 i oczywi\u015bcie dzi\u0119ki naszym partnerom&#8221; \u2014 oceni\u0142 ukrai\u0144ski polityk.<\/p>\n<p class=\"Paragraph_desktopParagraph__U31Gm\">Stany Zjednoczone twierdz\u0105, \u017ce wystarczy ju\u017c rozlewu krwi. W pe\u0142ni je popieramy. Musimy jednak zako\u0144czy\u0107 t\u0119 wojn\u0119 tak, aby za rok Rosja nie nadesz\u0142a ponownie z trzeci\u0105 inwazj\u0105. Nie osi\u0105gn\u0119li celu, jakim by\u0142a okupacja naszego pa\u0144stwa. Nie jestem jednak pewien, czy ich cele uleg\u0142y zmianie. Mog\u0105 si\u0119 op\u00f3\u017ani\u0107, a my potrzebujemy do tego ochrony&#8221; \u2014 przestrzeg\u0142 Ze\u0142enski w swoim wpisie.<\/p>\n<p class=\"Paragraph_desktopParagraph__U31Gm\">&#8222;Co b\u0119dzie jutro, kiedy nasi \u017co\u0142nierze wr\u00f3c\u0105 do dom\u00f3w, zn\u00f3w zostan\u0105 nauczycielami, in\u017cynierami, lud\u017ami r\u00f3\u017cnych zawod\u00f3w? Oni wr\u00f3c\u0105, a Rosja b\u0119dzie nadal wzmacnia\u0107 swoj\u0105 si\u0142\u0119 militarn\u0105, przygotowuj\u0105c si\u0119 do kolejnej inwazji. Dlatego chcemy pewno\u015bci. To jest to, czego potrzebuj\u0105 Ukrai\u0144cy&#8221; \u2014 zaznaczy\u0142.<\/p>\n<p>&#8222;Rozumiemy, co si\u0119 dzieje&#8221;. Ze\u0142enski o trzech &#8222;wra\u017cliwych i najwa\u017cniejszych&#8221; tematach <\/p>\n<p class=\"Paragraph_desktopParagraph__U31Gm\">Na tym Ze\u0142enski nie poprzesta\u0142 swoich wpis\u00f3w. Po chwili opublikowa\u0142 trzeci\u0105 wiadomo\u015b\u0107. &#8222;Nie b\u0119dzie prostych rozwi\u0105za\u0144 dotycz\u0105cych zako\u0144czenia wojny. Rozumiemy, co si\u0119 dzieje. Rozumiemy, z kim mamy do czynienia. Nie chodzi o trudno\u015b\u0107 podejmowania decyzji. Jestem w stanie je podejmowa\u0107. Wa\u017cne jest, aby wszystko by\u0142o sprawiedliwe i otwarte. Aby nie by\u0142o \u017cadnych gier za plecami Ukrainy. Aby nic nie by\u0142o decydowane bez Ukrainy, o nas, o naszej przysz\u0142o\u015bci&#8221; \u2014 napisa\u0142.<\/p>\n<p class=\"Paragraph_desktopParagraph__U31Gm\">&#8222;Najbardziej dra\u017cliwe kwestie i najtrudniejsze pytania dotycz\u0105 terytori\u00f3w, zamro\u017conych aktyw\u00f3w. Nie mog\u0119 wypowiada\u0107 si\u0119 w imieniu europejskich przyw\u00f3dc\u00f3w na temat zamro\u017conych \u015brodk\u00f3w finansowych w Europie. Mog\u0119 jedynie podzieli\u0107 si\u0119 swoj\u0105 wizj\u0105, a oni mog\u0105 mnie poprze\u0107. I o gwarancjach bezpiecze\u0144stwa. Liczymy na silne gwarancje bezpiecze\u0144stwa ze strony Stan\u00f3w Zjednoczonych i Europy, a tak\u017ce niekt\u00f3rych innych przyw\u00f3dc\u00f3w. Jest to jeden z temat\u00f3w Koalicji Ch\u0119tnych. Pracujemy nad tym. My\u015bl\u0119, \u017ce te trzy tematy s\u0105 najbardziej wra\u017cliwe i najwa\u017cniejsze. Nasze zespo\u0142y b\u0119d\u0105 nadal nad nimi pracowa\u0107&#8221; \u2014 zako\u0144czy\u0142 Ze\u0142enski.<\/p>\n","protected":false},"excerpt":{"rendered":"Rosyjski przyw\u00f3dca W\u0142adimir Putin rozpocz\u0105\u0142 we wtorek w Moskwie rozmowy na temat zako\u0144czenia wojny w Ukrainie z wys\u0142annikiem&hellip;\n","protected":false},"author":2,"featured_media":129999,"comment_status":"","ping_status":"","sticky":false,"template":"","format":"standard","meta":{"footnotes":""},"categories":[14],"tags":[32,33,58,27,67,64,34,35,28,31,53,25,52,68,51,55,40,41,62,47,59,80,29,30,390,65,50,26,309,82,83,84],"class_list":{"0":"post-129998","1":"post","2":"type-post","3":"status-publish","4":"format-standard","5":"has-post-thumbnail","7":"category-swiat","8":"tag-breaking-news","9":"tag-breakingnews","10":"tag-donald_trump_prezydent_usa","11":"tag-headlines","12":"tag-intextvideo_splayer","13":"tag-inwazja_rosji_na_ukraine_2014_","14":"tag-latest-news","15":"tag-latestnews","16":"tag-naglowki","17":"tag-najwazniejsze-artykuly","18":"tag-new_header","19":"tag-news","20":"tag-onet3","21":"tag-onet3d","22":"tag-onet3d_2i","23":"tag-phx","24":"tag-polish","25":"tag-polski","26":"tag-rosja_kraj_rosjanin_rosjanie_rosjanka_rosjanki","27":"tag-screening_general","28":"tag-stany_zjednoczone_usa","29":"tag-swiat","30":"tag-top-stories","31":"tag-topstories","32":"tag-ukraina_ukrainiec_ukrainka_ukraincy_ukrainki","33":"tag-update_me","34":"tag-v2021","35":"tag-wiadomosci","36":"tag-wolodymyr_zelenski","37":"tag-world","38":"tag-world-news","39":"tag-worldnews"},"share_on_mastodon":{"url":"","error":"Validation failed: Text character limit of 500 exceeded"},"_links":{"self":[{"href":"https:\/\/www.europesays.com\/pl\/wp-json\/wp\/v2\/posts\/129998","targetHints":{"allow":["GET"]}}],"collection":[{"href":"https:\/\/www.europesays.com\/pl\/wp-json\/wp\/v2\/posts"}],"about":[{"href":"https:\/\/www.europesays.com\/pl\/wp-json\/wp\/v2\/types\/post"}],"author":[{"embeddable":true,"href":"https:\/\/www.europesays.com\/pl\/wp-json\/wp\/v2\/users\/2"}],"replies":[{"embeddable":true,"href":"https:\/\/www.europesays.com\/pl\/wp-json\/wp\/v2\/comments?post=129998"}],"version-history":[{"count":0,"href":"https:\/\/www.europesays.com\/pl\/wp-json\/wp\/v2\/posts\/129998\/revisions"}],"wp:featuredmedia":[{"embeddable":true,"href":"https:\/\/www.europesays.com\/pl\/wp-json\/wp\/v2\/media\/129999"}],"wp:attachment":[{"href":"https:\/\/www.europesays.com\/pl\/wp-json\/wp\/v2\/media?parent=129998"}],"wp:term":[{"taxonomy":"category","embeddable":true,"href":"https:\/\/www.europesays.com\/pl\/wp-json\/wp\/v2\/categories?post=129998"},{"taxonomy":"post_tag","embeddable":true,"href":"https:\/\/www.europesays.com\/pl\/wp-json\/wp\/v2\/tags?post=129998"}],"curies":[{"name":"wp","href":"https:\/\/api.w.org\/{rel}","templated":true}]}}