{"id":130026,"date":"2025-12-03T05:20:15","date_gmt":"2025-12-03T05:20:15","guid":{"rendered":"https:\/\/www.europesays.com\/pl\/130026\/"},"modified":"2025-12-03T05:20:15","modified_gmt":"2025-12-03T05:20:15","slug":"tak-wyglada-tabela-po-katastrofie-polek-na-ms-to-nie-koniec-szans-przeglad-sportowy-onet","status":"publish","type":"post","link":"https:\/\/www.europesays.com\/pl\/130026\/","title":{"rendered":"Tak wygl\u0105da tabela po katastrofie Polek na M\u015a. To nie koniec szans &#8211; Przegl\u0105d Sportowy Onet"},"content":{"rendered":"<ol>\n<li><a href=\"https:\/\/news.google.com\/rss\/articles\/CBMi7AFBVV95cUxQSE9QZ19QTjZiSzlWbFFUZG5KaTAtdEQ5Z3RTMk1BQmV0Z2xFTVFNbnFKWkt2X2NQd1VPM3dzUUlSVTk4Nmc2RG40NFRGQ3JnRjV4MDRkOFZSMHJydXFacl94VTl0RG9sQWVYQXBDdmEtMTVvcWRZLTFnWk42Q203TXM0emJkSzhGbTVxbkctakdRY2FYMWVTTFctb1pWSzE1UnJ5MU9sYnBTZW1MZ3cybk1seVBUb3V0UUdISVp5MHJjdUhleGlsWk1fMl9zQVN3RjREZERPVTJYZGV5ZTkwdWFyVjdpSDEzVDU3Wg?oc=5\" target=\"_blank\" rel=\"nofollow noopener\">Tak wygl\u0105da tabela po katastrofie Polek na M\u015a. To nie koniec szans<\/a>&nbsp;&nbsp;Przegl\u0105d Sportowy Onet<\/li>\n<li><a href=\"https:\/\/news.google.com\/rss\/articles\/CBMingFBVV95cUxQUVRVbzBORTRMblJqdW96SW9oUmpMRDBPRThWNE5zWkJYQ3ZzSUhITlJfX0pJcllXS3AwRkdKS2NKVmtxOW05UlY4T1BZY1EtUlFSRzNIUm0zZFVkSUp1SEphYThEWmswM0RxektKWWFhcXlrZ2NVOXQ4eW9nMXRXcjU4ajhtU2tnVHozSTNLaDRUQzJPNnU0d0hOcjk4QQ?oc=5\" target=\"_blank\" rel=\"nofollow noopener\">Francja &#8211; Polska [RELACJA NA \u017bYWO]<\/a>&nbsp;&nbsp;Przegl\u0105d Sportowy Onet<\/li>\n<li><a href=\"https:\/\/news.google.com\/rss\/articles\/CBMi2AFBVV95cUxNVkFwb05HMlNFcS1VOGdSbEVuZ1JDTC1BWkxOVWNWUXpTMS1FQTNJV0ZkSnhReWYyckVDaUEzdmtfM0NsdDVRd3B4S2dlZEc5dmtMX2FMajBmUTB6azQxaVo3eXpuUTZhZXYwYWYwcjhCTXVGUG9xa1Y3MXRLNWJtVnNFUWVjTjNsTGJQSDlKUDJCM1J3R3p0ZFJ2WER0Y2wzbjdrdFg1RVpRcGZYU0Vsem1Mb2JaTVl5a0NfYjNEeXVEZGI1YzBVcVVMalNNa3RvaHRvc0ZUZkI?oc=5\" target=\"_blank\" rel=\"nofollow noopener\">Niemal 40 minut koncertu Polek, mistrzynie \u015bwiata w szoku. Ale co si\u0119 sta\u0142o p\u00f3\u017aniej<\/a>&nbsp;&nbsp;Sport w INTERIA.PL<\/li>\n<li><a href=\"https:\/\/news.google.com\/rss\/articles\/CBMixgFBVV95cUxQcUpJWjVaNUZRNG9VaTFRN3hkT1lZMENnZHRhMFdXN3JzU1JMWl9wYl80dkVmVGhfMThNRHhUekxuSjhNSHFZXzUybVpfcllQUEc4MVFwZ3Q3emh4aXNtNkN4OFA4VHNCVTZ0X2NlYkdrcG9PRUlDSzRmRl9HbkpzbzBORDRlRHZkbHlOdER4U09CSFFMekZoaGt3dDZvQ3dUbk5KWFZZT2hkMU1sTC1yZnVHRHc3QS1tZjNXWUpIMjJ3RDdrZFE?oc=5\" target=\"_blank\" rel=\"nofollow noopener\">Polki powalczy\u0142y z obro\u0144czyniami tytu\u0142u. Jedna \u015bwietna po\u0142owa to jednak za ma\u0142o<\/a>&nbsp;&nbsp;SportoweFakty<\/li>\n<li><a href=\"https:\/\/news.google.com\/rss\/articles\/CBMirgFBVV95cUxNSElxRzQtV253Z1FTeDRFRTJHc0g0RmF1dDFpSXU3aFBBQWxDeDE0czd2cUhhWlhOQzBEZXZaTTcyYWlWd2QyNllacUs4Tm4zb1c1QkRndHprb3Y4WTBLdHJLYTRNRV84N1VMTExpTUpvNC1WTHZwN0ZBVE5YamU5UzV2alVGM3JYX2Z5OEoyc29pNS1wdHNVdmxQOFVzTmI4XzF5OFhnZjlCZ0Yxb0E?oc=5\" target=\"_blank\" rel=\"nofollow noopener\">Sensacyjny pocz\u0105tek Polek z mistrzyniami \u015bwiata! W 2. po\u0142owie si\u0119 zacz\u0119\u0142o<\/a>&nbsp;&nbsp;Sport.pl<\/li>\n<\/ol>\n","protected":false},"excerpt":{"rendered":"Tak wygl\u0105da tabela po katastrofie Polek na M\u015a. To nie koniec szans&nbsp;&nbsp;Przegl\u0105d Sportowy Onet Francja &#8211; Polska [RELACJA&hellip;\n","protected":false},"author":2,"featured_media":130027,"comment_status":"","ping_status":"","sticky":false,"template":"","format":"standard","meta":{"footnotes":""},"categories":[5],"tags":[32,33,36,37,27245,27,67,34,35,746,1526,27243,28,31,25,4428,42,38,40,39,41,136,128,47,135,29,30,26,130],"class_list":{"0":"post-130026","1":"post","2":"type-post","3":"status-publish","4":"format-standard","5":"has-post-thumbnail","7":"category-naglowki","8":"tag-breaking-news","9":"tag-breakingnews","10":"tag-featured-news","11":"tag-featurednews","12":"tag-francja___polska","13":"tag-headlines","14":"tag-intextvideo_splayer","15":"tag-latest-news","16":"tag-latestnews","17":"tag-lysy","18":"tag-mistrzostwa_swiata","19":"tag-mistrzostwa_swiata_pilkarek_recznych","20":"tag-naglowki","21":"tag-najwazniejsze-artykuly","22":"tag-news","23":"tag-pilka_reczna","24":"tag-pl","25":"tag-poland","26":"tag-polish","27":"tag-polska","28":"tag-polski","29":"tag-ps_detal_new","30":"tag-psv2","31":"tag-screening_general","32":"tag-sport_sport","33":"tag-top-stories","34":"tag-topstories","35":"tag-wiadomosci","36":"tag-wiadomosci_sportowe"},"share_on_mastodon":{"url":"","error":"Validation failed: Text character limit of 500 exceeded"},"_links":{"self":[{"href":"https:\/\/www.europesays.com\/pl\/wp-json\/wp\/v2\/posts\/130026","targetHints":{"allow":["GET"]}}],"collection":[{"href":"https:\/\/www.europesays.com\/pl\/wp-json\/wp\/v2\/posts"}],"about":[{"href":"https:\/\/www.europesays.com\/pl\/wp-json\/wp\/v2\/types\/post"}],"author":[{"embeddable":true,"href":"https:\/\/www.europesays.com\/pl\/wp-json\/wp\/v2\/users\/2"}],"replies":[{"embeddable":true,"href":"https:\/\/www.europesays.com\/pl\/wp-json\/wp\/v2\/comments?post=130026"}],"version-history":[{"count":0,"href":"https:\/\/www.europesays.com\/pl\/wp-json\/wp\/v2\/posts\/130026\/revisions"}],"wp:featuredmedia":[{"embeddable":true,"href":"https:\/\/www.europesays.com\/pl\/wp-json\/wp\/v2\/media\/130027"}],"wp:attachment":[{"href":"https:\/\/www.europesays.com\/pl\/wp-json\/wp\/v2\/media?parent=130026"}],"wp:term":[{"taxonomy":"category","embeddable":true,"href":"https:\/\/www.europesays.com\/pl\/wp-json\/wp\/v2\/categories?post=130026"},{"taxonomy":"post_tag","embeddable":true,"href":"https:\/\/www.europesays.com\/pl\/wp-json\/wp\/v2\/tags?post=130026"}],"curies":[{"name":"wp","href":"https:\/\/api.w.org\/{rel}","templated":true}]}}