{"id":130111,"date":"2025-12-03T06:45:08","date_gmt":"2025-12-03T06:45:08","guid":{"rendered":"https:\/\/www.europesays.com\/pl\/130111\/"},"modified":"2025-12-03T06:45:08","modified_gmt":"2025-12-03T06:45:08","slug":"flick-wydal-wyrok-ws-przestrzelonego-karnego-przez-lewandowskiego-jasniej-sie-nie-dalo-przeglad-sportowy-onet","status":"publish","type":"post","link":"https:\/\/www.europesays.com\/pl\/130111\/","title":{"rendered":"Flick wyda\u0142 wyrok ws. przestrzelonego karnego przez Lewandowskiego. Ja\u015bniej si\u0119 nie da\u0142o &#8211; Przegl\u0105d Sportowy Onet"},"content":{"rendered":"<ol>\n<li><a href=\"https:\/\/news.google.com\/rss\/articles\/CBMizAFBVV95cUxPTWN0eEdNaWRvRE9qVzlSS3FJZEpZYVBMR0JBZnFmRGExcjU0YXlSWXVKUUx6NUNuRWVkUjhpYmJfVEROeHpsdkNKM1Y2OVBKSmZuZl9yMXRLdWxPcUdWY0Vpc2k3WG1kczlsemN0RTBuS21hYmdJWENhTS1xSmxMMk13dmdmQm9yNHlIeUhZRTBPTzhDV2t4d0l1dUhwYjgxOG44alBqaDVxWVZTcHFRenN2NVdDRk1jbW1MMGFrelJUb1BpT3R3VGdTdWk?oc=5\" target=\"_blank\" rel=\"nofollow noopener\">Flick wyda\u0142 wyrok ws. przestrzelonego karnego przez Lewandowskiego. Ja\u015bniej si\u0119 nie da\u0142o<\/a>&nbsp;&nbsp;Przegl\u0105d Sportowy Onet<\/li>\n<li><a href=\"https:\/\/news.google.com\/rss\/articles\/CBMi2AFBVV95cUxOR3JwYkhCM3g0eHlEdkc2dmpiWDFCcUx2SUVsYkFYRERFOUVTVGY2Y0hCOWJCWkxuUERfMDVyZktfdTBHNklHTHRUQWJXRXJ2Vy1uRTJ5bmx5a21CdFZDVFozSU1mQTlNRHdQNHNTdlNTc0tIUURSVUgwbjE1WVBXNGlnLUhYWGxxTkVGX3o3M09VdDZKV1VMU0l5aUdoLXJQU2dnY1QzRjEwSDFpOExmanNybTJvR1owbUl2SG9lR2lMR2w3cThqeGxhQlFOWHRNRFV0Q2pkVWs?oc=5\" target=\"_blank\" rel=\"nofollow noopener\">Robert Lewandowski uciek\u0142 spod topora. Ale\u017c mu si\u0119 upiek\u0142o! Emocje w hicie do ko\u0144ca<\/a>&nbsp;&nbsp;Przegl\u0105d Sportowy Onet<\/li>\n<li><a href=\"https:\/\/news.google.com\/rss\/articles\/CBMirgFBVV95cUxQWGJUVjNLbklCdndxbHB0d0IzcS1Ea2hiUGFwWnl0QUx5VDJucE4yWTBYdk1PUEZvYmVOZjljMDdkckpiU0pKOEU2REEzbFA3Nk1QenlFYzNPNHptSHdKbkZQMVk2dWR6TjFjWURfV1VORHhvNzZRelVrbWZ6cF9FNWNlWi0wcUJ1YzlOamh4a05ZczVHeUtDVlV4R3N5bFhYMGo4eVlvNGJxQU9fREE?oc=5\" target=\"_blank\" rel=\"nofollow noopener\">Lewandowski zabra\u0142 g\u0142os po fatalnym pudle. Nie do wiary, jakie zdj\u0119cie wybra\u0142 Pi\u0142ka no\u017cna<\/a>&nbsp;&nbsp;Sport.pl<\/li>\n<li><a href=\"https:\/\/news.google.com\/rss\/articles\/CBMiwAFBVV95cUxNeTBqWi1CYkJGaTBwODhkZWQwWC1LZkxTMTFDU1FMcWNFRDh6NFBCcHBEYWUyWFl4ak5BMlF3dGI2SFhTYnJHUmR1b25HVTlTcTZTbnBRZWhBV1hobHdzRnJfSkJ4WU5OaF8zMENQVTh4V2lQRk51MnRYaU9FVFNZN090MU5mMFRUc1NFQkt3dXByekxHWTFOdHBtaGh0dE1nZEdKT3UxelFZU08yVV8xeXd6Mjk4VDlYVHp1cDhYaHc?oc=5\" target=\"_blank\" rel=\"nofollow noopener\">Sceny w Barcelonie. Wielka pomy\u0142ka Lewandowskiego, a potem takie zagranie. Hit nie zawi\u00f3d\u0142<\/a>&nbsp;&nbsp;Sport w INTERIA.PL<\/li>\n<li><a href=\"https:\/\/news.google.com\/rss\/articles\/CBMizwFBVV95cUxQTkxFQlBNTnFDLUhVaDRJMjFlb3JPT3NnMXFBeGVfY09SM1NDcWJQZk1pRFowZnRlTE1US2tlUUNoLUNDcEo1bFRqT3NiLWJJNTJEaDVtOEpCbGg4QmVWdFdaeXNodWR2eU9ab29VV3V6bTBJM1Q4M0dtTTY5X3ZTSlZwUG40Sm5td3prYU1ob2dxZl9OeG5POEU3MWJnMUlFdU5pOFpwTWs2VDljY2pYRldSQ3pGcldtc2ctcUxXeVh4N1owSE1mejI4X1hGam8?oc=5\" target=\"_blank\" rel=\"nofollow noopener\">Mocne s\u0142owa o Lewandowskim i bezcenna reakcja kibic\u00f3w. &#8222;Nigdy nie widzia\u0142em&#8221;<\/a>&nbsp;&nbsp;Meczyki.pl<\/li>\n<\/ol>\n","protected":false},"excerpt":{"rendered":"Flick wyda\u0142 wyrok ws. przestrzelonego karnego przez Lewandowskiego. Ja\u015bniej si\u0119 nie da\u0142o&nbsp;&nbsp;Przegl\u0105d Sportowy Onet Robert Lewandowski uciek\u0142 spod&hellip;\n","protected":false},"author":2,"featured_media":130112,"comment_status":"","ping_status":"","sticky":false,"template":"","format":"standard","meta":{"footnotes":""},"categories":[24],"tags":[303,67,2051,42,38,40,39,41,136,128,300,47,127,135,126,130],"class_list":{"0":"post-130111","1":"post","2":"type-post","3":"status-publish","4":"format-standard","5":"has-post-thumbnail","7":"category-sport","8":"tag-fc_barcelona","9":"tag-intextvideo_splayer","10":"tag-laliga","11":"tag-pl","12":"tag-poland","13":"tag-polish","14":"tag-polska","15":"tag-polski","16":"tag-ps_detal_new","17":"tag-psv2","18":"tag-robert_lewandowski","19":"tag-screening_general","20":"tag-sport","21":"tag-sport_sport","22":"tag-sports","23":"tag-wiadomosci_sportowe"},"share_on_mastodon":{"url":"https:\/\/pubeurope.com\/@pl\/115654290495157340","error":""},"_links":{"self":[{"href":"https:\/\/www.europesays.com\/pl\/wp-json\/wp\/v2\/posts\/130111","targetHints":{"allow":["GET"]}}],"collection":[{"href":"https:\/\/www.europesays.com\/pl\/wp-json\/wp\/v2\/posts"}],"about":[{"href":"https:\/\/www.europesays.com\/pl\/wp-json\/wp\/v2\/types\/post"}],"author":[{"embeddable":true,"href":"https:\/\/www.europesays.com\/pl\/wp-json\/wp\/v2\/users\/2"}],"replies":[{"embeddable":true,"href":"https:\/\/www.europesays.com\/pl\/wp-json\/wp\/v2\/comments?post=130111"}],"version-history":[{"count":0,"href":"https:\/\/www.europesays.com\/pl\/wp-json\/wp\/v2\/posts\/130111\/revisions"}],"wp:featuredmedia":[{"embeddable":true,"href":"https:\/\/www.europesays.com\/pl\/wp-json\/wp\/v2\/media\/130112"}],"wp:attachment":[{"href":"https:\/\/www.europesays.com\/pl\/wp-json\/wp\/v2\/media?parent=130111"}],"wp:term":[{"taxonomy":"category","embeddable":true,"href":"https:\/\/www.europesays.com\/pl\/wp-json\/wp\/v2\/categories?post=130111"},{"taxonomy":"post_tag","embeddable":true,"href":"https:\/\/www.europesays.com\/pl\/wp-json\/wp\/v2\/tags?post=130111"}],"curies":[{"name":"wp","href":"https:\/\/api.w.org\/{rel}","templated":true}]}}