{"id":130257,"date":"2025-12-03T08:30:09","date_gmt":"2025-12-03T08:30:09","guid":{"rendered":"https:\/\/www.europesays.com\/pl\/130257\/"},"modified":"2025-12-03T08:30:09","modified_gmt":"2025-12-03T08:30:09","slug":"spotkanie-zelenskiego-z-wyslannikami-trumpa-odwolane-prezydent-ukrainy-wraca-do-kijowa-2","status":"publish","type":"post","link":"https:\/\/www.europesays.com\/pl\/130257\/","title":{"rendered":"Spotkanie Ze\u0142enskiego z wys\u0142annikami Trumpa odwo\u0142ane. Prezydent Ukrainy wraca do Kijowa"},"content":{"rendered":"<p class=\"ods-c-paragraph \">G\u0142\u00f3wny korespondent Kyiv Post w Waszyngtonie, Alex Raufoglu, powo\u0142uj\u0105c si\u0119 na swoje \u017ar\u00f3d\u0142a, napisa\u0142 w serwisie X, \u017ce &#8222;spotkanie w Brukseli zosta\u0142o odwo\u0142ane&#8221; i zauwa\u017cy\u0142, \u017ce Ze\u0142enski wraca do Ukrainy.<\/p>\n<p>Dalszy ci\u0105g artyku\u0142u pod materia\u0142em wideo<\/p>\n<p> Dlaczego spotkanie Ze\u0142enskiego zosta\u0142o odwo\u0142ane? <\/p>\n<p> Kiedy prezydent Ze\u0142enski wr\u00f3ci\u0142 do Kijowa? <\/p>\n<p> Kto by\u0142 w delegacji USA, kt\u00f3ra mia\u0142a si\u0119 spotka\u0107 z Ze\u0142enskim? <\/p>\n<p> Czy pow\u00f3d anulowania spotkania zosta\u0142 ujawniony? <\/p>\n<p class=\"ods-c-paragraph \">Doda\u0142, \u017ce Kreml twierdzi, i\u017c Witkoff i Kushner &#8222;obiecali&#8221; polecie\u0107 bezpo\u015brednio do Waszyngtonu po rozmowach z prezydentem Rosji W\u0142adimirem Putinem w Moskwie \u2014 o\u015bwiadczenie to nie zosta\u0142o potwierdzone przez stron\u0119 ameryka\u0144sk\u0105.<\/p>\n<p class=\"ods-c-paragraph \">Pow\u00f3d anulowania spotkania nie zosta\u0142 jeszcze ujawniony.<\/p>\n<p> Rozmowy na Kremlu bez prze\u0142omu. Cz\u0142owiek Putina zabra\u0142 g\u0142os<\/p>\n<p class=\"ods-c-paragraph \">\u2014 Rosja i USA nie osi\u0105gn\u0119\u0142y &#8222;\u017cadnego kompromisu&#8221; po prawie pi\u0119ciu godzinach rozm\u00f3w w sprawie zako\u0144czenia wojny na Ukrainie \u2014 <a href=\"https:\/\/wiadomosci.onet.pl\/swiat\/rozmowy-na-kremlu-bez-przelomu-jurij-uszakow-zabral-glos\/kjxpq8z\" id=\"1ba6eb79-aa4f-41a2-b789-f750de864f50\" rel=\"nofollow noopener\" target=\"_blank\">powiedzia\u0142 we wtorek kremlowski doradca Jurij Uszakow<\/a>, mimo \u017ce nazwa\u0142 rozmowy &#8222;konstruktywnymi, bardzo przydatnymi i merytorycznymi&#8221;.<\/p>\n<p class=\"ods-c-paragraph \">Og\u0142osi\u0142 r\u00f3wnie\u017c, \u017ce Witkoff i Kushner wr\u00f3c\u0105 do Waszyngtonu, zamiast kontynuowa\u0107 rozmowy w Europie lub Kijowie.<\/p>\n<p class=\"ods-c-paragraph \">W spotkaniu w Moskwie udzia\u0142 wzi\u0119li Witkoff, Kushner, prezydent Rosji W\u0142adimir Putin i najwy\u017csi rang\u0105 doradcy Kremla. Nast\u0105pi\u0142o ono po wprowadzeniu zmian do wcze\u015bniejszego 28-punktowego planu, odrzuconego przez Europ\u0119 i Kij\u00f3w jako rosyjska &#8222;lista \u017cycze\u0144&#8221;.<\/p>\n<p class=\"ods-c-paragraph \">Uszakow powiedzia\u0142, \u017ce rozmowy koncentrowa\u0142y si\u0119 na &#8222;istocie&#8221; propozycji, a nie na &#8222;konkretnych sformu\u0142owaniach&#8221; i \u017ce Moskwa b\u0119dzie &#8222;kontynuowa\u0107 kontakty&#8221; z Waszyngtonem. Doda\u0142, \u017ce spotkanie na szczeblu prezydenckim &#8222;b\u0119dzie zale\u017ce\u0107 od tego, jakie post\u0119py uda si\u0119 osi\u0105gn\u0105\u0107&#8221;.<\/p>\n<p class=\"ods-c-paragraph \">Rosyjski urz\u0119dnik powiedzia\u0142 wcze\u015bniej NBC News, \u017ce dla Moskwy istniej\u0105 trzy niepodlegaj\u0105ce negocjacjom filary: &#8222;terytorium Donbasu&#8221;, ograniczenia si\u0142 zbrojnych Ukrainy i uznanie przez Zach\u00f3d roszcze\u0144 terytorialnych Rosji.<\/p>\n<p class=\"ods-c-paragraph \">Uszakow powiedzia\u0142, \u017ce terytorium pozostaje &#8222;najwa\u017cniejsz\u0105&#8221; kwesti\u0105: &#8222;Niekt\u00f3re ameryka\u0144skie rozwi\u0105zania wygl\u0105daj\u0105 na mniej lub bardziej akceptowalne&#8230; Niekt\u00f3re sformu\u0142owania nam nie odpowiadaj\u0105&#8221;.<\/p>\n<p class=\"ods-c-paragraph \">Putin podobno kaza\u0142 czeka\u0107 delegacji USA przez ponad godzin\u0119, podczas gdy wyg\u0142osi\u0142 przem\u00f3wienie, w kt\u00f3rym <a href=\"https:\/\/wiadomosci.onet.pl\/swiat\/wladimir-putin-odgraza-sie-europie-jesli-rozpocznie-wojne\/p28xmf2\" id=\"ef6a9d9e-6d57-41ff-8ba7-e9b2a6c9d1c8\" rel=\"nofollow noopener\" target=\"_blank\">zadeklarowa\u0142, \u017ce Rosja jest &#8222;gotowa&#8221; na wojn\u0119 z Europ\u0105, je\u015bli zostanie sprowokowana<\/a>.<\/p>\n<p class=\"ods-c-paragraph \">Uszakow powiedzia\u0142 r\u00f3wnie\u017c, \u017ce strony om\u00f3wi\u0142y &#8222;ogromne perspektywy&#8221; przysz\u0142ej wsp\u00f3\u0142pracy gospodarczej USA-Rosja, je\u015bli poczynione zostan\u0105 post\u0119py. Kiri\u0142\u0142 Dmitriew, wys\u0142annik Putina ds. gospodarczych, uchwyci\u0142 nastr\u00f3j spotkania w prostszy spos\u00f3b, publikuj\u0105c zdj\u0119cie z rozm\u00f3w z podpisem: &#8222;Produktywne&#8221;.<\/p>\n<p>   Marco Rubio o negocjacjach pokojowych: koniec nie jest jeszcze widoczny<\/p>\n<p class=\"ods-c-paragraph \">Sekretarz stanu USA Marco Rubio wyrazi\u0142 we wtorek ostro\u017cny optymizm co do trwaj\u0105cych wysi\u0142k\u00f3w na rzecz wynegocjowania porozumienia pokojowego mi\u0119dzy Rosj\u0105 a Ukrain\u0105, podkre\u015blaj\u0105c, \u017ce jakikolwiek prze\u0142om ostatecznie zale\u017cy od W\u0142adimira Putina.<\/p>\n<p class=\"ods-c-paragraph \">Rubio, kt\u00f3ry pozosta\u0142 w Waszyngtonie, podczas gdy delegacja USA uda\u0142a si\u0119 do Moskwy, powiedzia\u0142 w programie Fox News Hannity, \u017ce Ukraina jest gotowa do negocjacji, ale wojna pozostaje brutalnie kosztowna.<\/p>\n<p class=\"ods-c-paragraph \">Nazwa\u0142 konflikt &#8222;najbardziej nielogiczn\u0105 wojn\u0105&#8221;, zauwa\u017caj\u0105c, \u017ce si\u0142y rosyjskie trac\u0105 &#8222;oko\u0142o 7000 \u017co\u0142nierzy tygodniowo&#8221;. Doda\u0142, \u017ce walki tocz\u0105 si\u0119 obecnie na &#8222;przestrzeni od 30 do 50 kilometr\u00f3w i 20 procentach regionu donieckiego&#8221;.<\/p>\n<p class=\"ods-c-paragraph \">Je\u015bli chodzi o porozumienie pokojowe, Rubio poinformowa\u0142, \u017ce po 10 miesi\u0105cach zaanga\u017cowania poczyniono post\u0119py, ale koniec nie jest jeszcze widoczny. &#8222;Zbli\u017cyli\u015bmy si\u0119, ale wci\u0105\u017c nie jeste\u015bmy na miejscu&#8230; Tylko Putin mo\u017ce zako\u0144czy\u0107 t\u0119 wojn\u0119 po stronie rosyjskiej&#8221;.<\/p>\n","protected":false},"excerpt":{"rendered":"G\u0142\u00f3wny korespondent Kyiv Post w Waszyngtonie, Alex Raufoglu, powo\u0142uj\u0105c si\u0119 na swoje \u017ar\u00f3d\u0142a, napisa\u0142 w serwisie X, \u017ce&hellip;\n","protected":false},"author":2,"featured_media":130258,"comment_status":"","ping_status":"","sticky":false,"template":"","format":"standard","meta":{"footnotes":""},"categories":[24],"tags":[76,11049,1239,812,48,46,42,38,40,39,41,47,127,126,11050,80,415,4396,408,309],"class_list":{"0":"post-130257","1":"post","2":"type-post","3":"status-publish","4":"format-standard","5":"has-post-thumbnail","7":"category-sport","8":"tag-inwazja_rosji_na_ukraine","9":"tag-jared_kushner","10":"tag-kijow","11":"tag-moskwa","12":"tag-nat_styl","13":"tag-omp","14":"tag-pl","15":"tag-poland","16":"tag-polish","17":"tag-polska","18":"tag-polski","19":"tag-screening_general","20":"tag-sport","21":"tag-sports","22":"tag-steve_witkoff","23":"tag-swiat","24":"tag-ukraina","25":"tag-waszyngton","26":"tag-wladimir_putin","27":"tag-wolodymyr_zelenski"},"share_on_mastodon":{"url":"https:\/\/pubeurope.com\/@pl\/115654703790186060","error":""},"_links":{"self":[{"href":"https:\/\/www.europesays.com\/pl\/wp-json\/wp\/v2\/posts\/130257","targetHints":{"allow":["GET"]}}],"collection":[{"href":"https:\/\/www.europesays.com\/pl\/wp-json\/wp\/v2\/posts"}],"about":[{"href":"https:\/\/www.europesays.com\/pl\/wp-json\/wp\/v2\/types\/post"}],"author":[{"embeddable":true,"href":"https:\/\/www.europesays.com\/pl\/wp-json\/wp\/v2\/users\/2"}],"replies":[{"embeddable":true,"href":"https:\/\/www.europesays.com\/pl\/wp-json\/wp\/v2\/comments?post=130257"}],"version-history":[{"count":0,"href":"https:\/\/www.europesays.com\/pl\/wp-json\/wp\/v2\/posts\/130257\/revisions"}],"wp:featuredmedia":[{"embeddable":true,"href":"https:\/\/www.europesays.com\/pl\/wp-json\/wp\/v2\/media\/130258"}],"wp:attachment":[{"href":"https:\/\/www.europesays.com\/pl\/wp-json\/wp\/v2\/media?parent=130257"}],"wp:term":[{"taxonomy":"category","embeddable":true,"href":"https:\/\/www.europesays.com\/pl\/wp-json\/wp\/v2\/categories?post=130257"},{"taxonomy":"post_tag","embeddable":true,"href":"https:\/\/www.europesays.com\/pl\/wp-json\/wp\/v2\/tags?post=130257"}],"curies":[{"name":"wp","href":"https:\/\/api.w.org\/{rel}","templated":true}]}}