{"id":130310,"date":"2025-12-03T09:09:14","date_gmt":"2025-12-03T09:09:14","guid":{"rendered":"https:\/\/www.europesays.com\/pl\/130310\/"},"modified":"2025-12-03T09:09:14","modified_gmt":"2025-12-03T09:09:14","slug":"prezes-pis-o-wecie-nawrockiego-w-sprawie-ustawy-lancuchowej-padla-deklaracja-relacja-na-zywo","status":"publish","type":"post","link":"https:\/\/www.europesays.com\/pl\/130310\/","title":{"rendered":"Prezes PiS o wecie Nawrockiego w sprawie ustawy \u0142a\u0144cuchowej. Pad\u0142a deklaracja [RELACJA NA \u017bYWO]"},"content":{"rendered":"<p>        <a href=\"https:\/\/www.onet.pl\/\" title=\"Strona G\u0142\u00f3wna Onet\" aria-label=\"Strona G\u0142\u00f3wna Onet\" data-astro-prefetch=\"tap\" class=\"ods-a-logo-main\" rel=\"nofollow noopener\" target=\"_blank\"><img src=\"https:\/\/cdn.wiadomosci.onet.pl\/img\/logo_onet.svg\" class=\"ods-a-logo-main__image\" alt=\"Logo\" width=\"108\" height=\"60\" fetchpriority=\"high\" decoding=\"sync\"\/><\/a><a href=\"https:\/\/wiadomosci.onet.pl\/\" title=\"Strona g\u0142\u00f3wna serwisu\" aria-label=\"Strona g\u0142\u00f3wna serwisu\" class=\"ods-a-logo-brand\" rel=\"nofollow noopener\" target=\"_blank\"><img src=\"https:\/\/cdn.wiadomosci.onet.pl\/img\/logo_service.svg\" class=\"ods-a-logo-brand__image\" alt=\"Logo serwisu\" width=\"120\" height=\"60\" fetchpriority=\"high\" decoding=\"sync\"\/><\/a>             <a href=\"https:\/\/wiadomosci.onet.pl\/\" class=\"ods-a-link--breadcrumb ods-a-link--breadcrumb--light\" rel=\"nofollow noopener\" target=\"_blank\"><\/a><a href=\"https:\/\/wiadomosci.onet.pl\/kraj\" class=\"ods-a-link--breadcrumb ods-a-link--breadcrumb--light\" rel=\"nofollow noopener\" target=\"_blank\"> Kraj <\/a> Prezes PiS o wecie Nawrockiego w sprawie ustawy \u0142a\u0144cuchowej. Pad\u0142a deklaracja [RELACJA NA \u017bYWO]    <\/p>\n<p class=\"ods-a-lead-text\">Marsza\u0142ek Sejmu W\u0142odzimierz Czarzasty poinformowa\u0142, \u017ce prezydenckie weto b\u0119dzie g\u0142osowane. Do kwestii weta w sprawie ustawy \u0142a\u0144cuchowej odni\u00f3s\u0142 si\u0119 w Sejmie Jaros\u0142aw Kaczy\u0144ski. \u2014 W tej sytuacji nie odrzuc\u0119 weta pana prezydenta. Najwa\u017cniejsza z tych ustaw zosta\u0142a podpisana, chocia\u017c by\u0142y bardzo silne naciski, \u017ceby jej nie podpisywa\u0107. Tu chodzi o poprawk\u0119 odnosz\u0105c\u0105 si\u0119 do pewnych reali\u00f3w. Pewne przepisy s\u0105 dobre, ale niemo\u017cliwe do realizacji. Czasem si\u0119 g\u0142osuje za czym\u015b, co jest cz\u0119\u015bciowo dobre \u2014 powiedzia\u0142 prezes PiS. Zapraszamy do \u015bledzenia relacji na \u017cywo!<\/p>\n<p>      <img loading=\"lazy\" class=\"ods-a-photo ods-a-photo--background\" src=\"https:\/\/www.europesays.com\/pl\/wp-content\/uploads\/2025\/12\/sUxk9lBaHR0cHM6Ly9vY2RuLmV1L3B1bHNjbXMvTURBXy85ODg3NzJkMjE1MzIwMGIzZDBmNzEyYjNiYmZiNjY1Ni5qcGeSlQMAz.jpeg\"   height=\"490\" width=\"870\" alt=\"Prezes PiS Jaros\u0142aw Kaczy\u0144ski\" fetchpriority=\"auto\" decoding=\"auto\"\/>   <\/p>\n<p>Wojtek Jargi\u0142o \/ PAP<\/p>\n<p>  Prezes PiS Jaros\u0142aw Kaczy\u0144ski  <\/p>\n<p>                                    Dzi\u0119kujemy, \u017ce przeczyta\u0142a\u015b\/e\u015b nasz artyku\u0142 do ko\u0144ca.  B\u0105d\u017a na bie\u017c\u0105co!  <a class=\"ods-c-follow-us__link\" href=\"https:\/\/profile.google.com\/cp\/Cg0vZy8xMWo5ODJ3N2J4\" rel=\"nofollow noopener\" target=\"_blank\">Obserwuj<\/a>  nas w Google.         <img loading=\"lazy\" decoding=\"async\" src=\"https:\/\/www.europesays.com\/pl\/wp-content\/uploads\/2025\/10\/FaJk9k5aHR0cHM6Ly9jZG4ud2lhZG9tb3NjaS5vbmV0LnBsL2ltZy9hdmF0YXJfcGxhY2Vob2xkZXIucG5nkZMFzLTMtN4AAqEwB.jpeg\" height=\"90\" width=\"90\" alt=\"Autor NATK\" class=\"ods-a-author-avatar__single__img\"\/>       <img loading=\"lazy\" decoding=\"async\" src=\"https:\/\/www.europesays.com\/pl\/wp-content\/uploads\/2025\/10\/9oBk9lBaHR0cHM6Ly9vY2RuLmV1L3B1bHNjbXMvTURBXy80Y2YwNWFjMDMxNDE3NWJlYTI2YzU5OTIwM2NlMjNjNC5wbmeRkwXMt.jpeg\" height=\"90\" width=\"90\" alt=\"Autor Dziennikarze Onet Wiadomo\u015bci\" class=\"ods-a-author-avatar__single__img\"\/>         MATERIA\u0141 PROMOCYJNY <a href=\"\" class=\"ods-o-card__link\" data-lps-url=\"\" data-uuid-ui=\"\" data-astro-prefetch=\"tap\">  <img class=\"ods-a-photo ods-a-photo--background\" loading=\"lazy\" fetchpriority=\"auto\" decoding=\"async\"\/>     <\/a>                                       <img src=\"https:\/\/www.europesays.com\/pl\/wp-content\/uploads\/2025\/10\/mZok9k2aHR0cHM6Ly9jZG4ud2lhZG9tb3NjaS5vbmV0LnBsL2ltZy9vbmV0Y2hhdC9haWJhbGwucG5nkZMFYGDeAAKhMAehMQQ.png\" class=\"ods-m-onetchat-fab-menu__ball-image\" alt=\"AI assistant icon for Onet Chat\" fetchpriority=\"low\" decoding=\"async\" width=\"48\" height=\"48\" loading=\"lazy\"\/>      <\/p>\n<p class=\"ods-c-modal-premium__title\">\nTo jest materia\u0142<br \/>\nPremium <\/p>\n<p class=\"ods-c-modal-premium__subtitle\">\nDo\u0142\u0105cz\u00a0do\u00a0Premium<br \/>\n                i\u00a0odblokuj\u00a0wszystkie\u00a0funkcje<br \/>\n                dla\u00a0materia\u0142\u00f3w\u00a0Premium:\n<\/p>\n<p class=\"ods-c-modal-premium__subtitle\"> \u2713<br \/>\nczytaj<br \/>\n\u2713<br \/>\ns\u0142uchaj<br \/>\n\u2713<br \/>\nskracaj\n<\/p>\n<p>  <a href=\"https:\/\/premium.onet.pl?tpcc=bottomcard_chatai\" class=\"ods-c-modal-premium__button\" rel=\"nofollow noopener\" target=\"_blank\">Do\u0142\u0105cz do premium<\/a>               <\/p>\n","protected":false},"excerpt":{"rendered":"Kraj Prezes PiS o wecie Nawrockiego w sprawie ustawy \u0142a\u0144cuchowej. Pad\u0142a deklaracja [RELACJA NA \u017bYWO] Marsza\u0142ek Sejmu W\u0142odzimierz&hellip;\n","protected":false},"author":2,"featured_media":124156,"comment_status":"","ping_status":"","sticky":false,"template":"","format":"standard","meta":{"footnotes":""},"categories":[12],"tags":[32,33,36,37,27,76,43,49,34,35,28,31,48,25,46,42,38,40,39,41,6926,47,29,30,26],"class_list":{"0":"post-130310","1":"post","2":"type-post","3":"status-publish","4":"format-standard","5":"has-post-thumbnail","7":"category-polska","8":"tag-breaking-news","9":"tag-breakingnews","10":"tag-featured-news","11":"tag-featurednews","12":"tag-headlines","13":"tag-inwazja_rosji_na_ukraine","14":"tag-karol_nawrocki","15":"tag-kraj","16":"tag-latest-news","17":"tag-latestnews","18":"tag-naglowki","19":"tag-najwazniejsze-artykuly","20":"tag-nat_styl","21":"tag-news","22":"tag-omp","23":"tag-pl","24":"tag-poland","25":"tag-polish","26":"tag-polska","27":"tag-polski","28":"tag-relacja_na_zywo","29":"tag-screening_general","30":"tag-top-stories","31":"tag-topstories","32":"tag-wiadomosci"},"share_on_mastodon":{"url":"https:\/\/pubeurope.com\/@pl\/115654857222189634","error":""},"_links":{"self":[{"href":"https:\/\/www.europesays.com\/pl\/wp-json\/wp\/v2\/posts\/130310","targetHints":{"allow":["GET"]}}],"collection":[{"href":"https:\/\/www.europesays.com\/pl\/wp-json\/wp\/v2\/posts"}],"about":[{"href":"https:\/\/www.europesays.com\/pl\/wp-json\/wp\/v2\/types\/post"}],"author":[{"embeddable":true,"href":"https:\/\/www.europesays.com\/pl\/wp-json\/wp\/v2\/users\/2"}],"replies":[{"embeddable":true,"href":"https:\/\/www.europesays.com\/pl\/wp-json\/wp\/v2\/comments?post=130310"}],"version-history":[{"count":0,"href":"https:\/\/www.europesays.com\/pl\/wp-json\/wp\/v2\/posts\/130310\/revisions"}],"wp:featuredmedia":[{"embeddable":true,"href":"https:\/\/www.europesays.com\/pl\/wp-json\/wp\/v2\/media\/124156"}],"wp:attachment":[{"href":"https:\/\/www.europesays.com\/pl\/wp-json\/wp\/v2\/media?parent=130310"}],"wp:term":[{"taxonomy":"category","embeddable":true,"href":"https:\/\/www.europesays.com\/pl\/wp-json\/wp\/v2\/categories?post=130310"},{"taxonomy":"post_tag","embeddable":true,"href":"https:\/\/www.europesays.com\/pl\/wp-json\/wp\/v2\/tags?post=130310"}],"curies":[{"name":"wp","href":"https:\/\/api.w.org\/{rel}","templated":true}]}}