{"id":130311,"date":"2025-12-03T09:10:14","date_gmt":"2025-12-03T09:10:14","guid":{"rendered":"https:\/\/www.europesays.com\/pl\/130311\/"},"modified":"2025-12-03T09:10:14","modified_gmt":"2025-12-03T09:10:14","slug":"zabojstwo-dziennikarza-jaroslawa-zietary-nowe-dowody-zmieniaja-bieg-sprawy","status":"publish","type":"post","link":"https:\/\/www.europesays.com\/pl\/130311\/","title":{"rendered":"Zab\u00f3jstwo dziennikarza Jaros\u0142awa Zi\u0119tary. Nowe dowody zmieniaj\u0105 bieg sprawy"},"content":{"rendered":"<p class=\"ods-c-paragraph \">Jaros\u0142aw Zi\u0119tara znikn\u0105\u0142 1 wrze\u015bnia 1992 r. Zdaniem prokuratury, cho\u0107 jego cia\u0142a do tej pory nie odnaleziono, zosta\u0142 zamordowany, bo interesowa\u0142 si\u0119 przekr\u0119tami czo\u0142owych pozna\u0144skich biznesmen\u00f3w wspieranych m.in. przez by\u0142ych esbek\u00f3w.<\/p>\n<p class=\"ods-c-paragraph \">Do zab\u00f3jstwa Zi\u0119tary, zdaniem \u015bledczych, nak\u0142ania\u0142 by\u0142y esbek i wsp\u00f3\u0142pracownik PRL-owskich s\u0142u\u017cb, a potem &#8222;najbogatszy biznesmen&#8221; pocz\u0105tku lat 90., czyli Aleksander Gawronik. Jego porywaczami mieli z kolei by\u0107 ochroniarze firmy Elektromis i biznesmena Mariusza \u015a. Proces dotyczy dw\u00f3ch z nich, czyli by\u0142ego milicjanta, policjanta i judoki Miros\u0142awa R., ps. Ryba i jego znajomego z przesz\u0142o\u015bci\u0105 w ZOMO i policji Dariusza L., ps. Lala.<\/p>\n<p>Dalszy ci\u0105g artyku\u0142u pod materia\u0142em wideo<\/p>\n<p> Jakie dowody znalaz\u0142 S\u0105d Apelacyjny w sprawie Zi\u0119tary? <\/p>\n<p> Kiedy znikn\u0105\u0142 Jaros\u0142aw Zi\u0119tara? <\/p>\n<p> Jak\u0105 rol\u0119 mia\u0142 Aleksander Gawronik w tej sprawie? <\/p>\n<p> Co si\u0119 stanie z ochroniarzami Elektromisu po wyroku s\u0105du? <\/p>\n<p class=\"ods-c-paragraph \">Jednak dotychczas prokuratura ponosi\u0142a w s\u0105dach spektakularne pora\u017cki. Aleksander Gawronik zosta\u0142 uniewinniony przez dwa pozna\u0144skie s\u0105dy, a decyzj\u0119 w 2024 r. podtrzyma\u0142 S\u0105d Najwy\u017cszy. Inna sytuacja by\u0142a w procesie by\u0142ych ochroniarzy Elektromisu \u2014 oni zostali nieprawomocnie uniewinnieni w 2022 r. przez pozna\u0144ski S\u0105d Okr\u0119gowy, ale teraz S\u0105d Apelacyjny zupe\u0142nie inaczej oceni\u0142 ich rol\u0119 w sprawie Zi\u0119tary.<\/p>\n<p>Zeznania kole\u017canki Jarka ze studi\u00f3w. S\u0105d: to gejmczend\u017cer   <\/p>\n<p class=\"ods-c-paragraph \">Dla S\u0105du Apelacyjnego kluczowe okaza\u0142y si\u0119 zeznania Anny Dolskiej. To pozna\u0144ska dziennikarka i kole\u017canka Zi\u0119tary ze studi\u00f3w politologicznych na UAM. Kilka lat temu dotar\u0142a do Ryszarda B., by\u0142ego ochroniarza Aleksandra Gawronika. Powiedzia\u0142 jej, a potem zezna\u0142 w s\u0105dzie, \u017ce Gawronik w 1992 r. szuka\u0142 zab\u00f3jc\u00f3w Zi\u0119tary, bo mia\u0142 do\u015b\u0107 namolnego i zbyt ciekawskiego dziennikarza. Motywem mia\u0142o by\u0107 zainteresowanie Zi\u0119tary afer\u0105 Art-B, kt\u00f3r\u0105 faktycznie si\u0119 interesowa\u0142. Ryszard B., jak si\u0119 p\u00f3\u017aniej okaza\u0142o, w s\u0105dzie nie powiedzia\u0142 wszystkiego.<\/p>\n<p class=\"ods-c-paragraph \">Co istotne, <a href=\"https:\/\/www.onet.pl\/informacje\/onetwiadomosci\/zabojstwo-jaroslawa-zietary-gawronik-szukal-kogos-kto-uciszy-dziennikarza\/91ggxvv,79cfc278\" id=\"b0255068-b471-4104-bf1f-648bb5a54850\" rel=\"nofollow noopener\" target=\"_blank\">po z\u0142o\u017ceniu zezna\u0144 w s\u0105dzie, zmar\u0142 nag\u0142\u0105 \u015bmierci\u0105 w 2024 r.<\/a> Anna Dolska zdecydowa\u0142a si\u0119 w\u00f3wczas na z\u0142o\u017cenie zezna\u0144 w prokuraturze, a nast\u0119pnie, jak zaznacza\u0142a, dla w\u0142asnego bezpiecze\u0144stwa, opowiedzia\u0142a Onetowi, czego si\u0119 dowiedzia\u0142a wcze\u015bniej od Ryszarda B. Nasz tekst ukaza\u0142 si\u0119 latem tego roku, a pozna\u0144ski s\u0105d przyzna\u0142, \u017ce to w\u0142a\u015bnie z naszych materia\u0142\u00f3w dowiedzia\u0142 si\u0119 o istnieniu tego nowego, kluczowego \u015bwiadka.<\/p>\n<p class=\"ods-c-paragraph \">Przypomnijmy, \u017ce <a href=\"https:\/\/wiadomosci.onet.pl\/poznan\/jaroslaw-zietara-nowe-fakty-w-sprawie-znikniecia-dziennikarza\/5frmw7p\" id=\"38297329-5e27-4598-b238-756aba0ebd24\" rel=\"nofollow noopener\" target=\"_blank\">Anna Dolska wskaza\u0142a w rozmowie z Onetem<\/a> i w naszym wideoca\u015bcie przygotowanym wsp\u00f3lnie z Radiem Pozna\u0144, \u017ce by\u0142y ochroniarz Gawronika ze szczeg\u00f3\u0142ami opowiedzia\u0142 jej o zbrodni na Zi\u0119tarze. Zezna\u0142a, \u017ce z jego relacji wynika\u0142o, \u017ce zab\u00f3jc\u00f3w szuka\u0142 Gawronik, a porwania mieli si\u0119 podj\u0105\u0107 czterej ochroniarze Elektromisu: oskar\u017ceni &#8222;Ryba&#8221; i &#8222;Lala&#8221;, nie\u017cyj\u0105cy &#8222;Kapela&#8221; i dotychczas nieprzes\u0142uchany &#8222;Antek&#8221;, kt\u00f3ry mia\u0142 ubezpiecza\u0107 uprowadzenie.<\/p>\n<p class=\"ods-c-paragraph \">Anna Dolska w zesz\u0142ym tygodniu z\u0142o\u017cy\u0142a tak\u017ce zeznania w S\u0105dzie Apelacyjnym, przed kt\u00f3rym ze szczeg\u00f3\u0142ami opowiedzia\u0142a, czego wcze\u015bniej dowiedzia\u0142a si\u0119 od by\u0142ego ochroniarza Gawronika.<\/p>\n<p class=\"ods-c-paragraph \">\u2014 To by\u0142 gejmczend\u017cer. Powiedzia\u0142a o tym, co wcze\u015bniej Ryszard B. zatai\u0142 przed tutejszym s\u0105dem \u2014 wskaza\u0142 we wtorek s\u0119dzia Maciej \u015awiergosz, gdy ustnie uzasadnia\u0142 wyrok wskazuj\u0105cy na konieczno\u015b\u0107 uchylenia uniewinnienia ochroniarzy Elektromisu i przeprowadzenia powt\u00f3rnego procesu. Zaznacza\u0142, \u017ce Anna Dolska, w przeciwie\u0144stwie do wielu innych \u015bwiadk\u00f3w, nie mia\u0142a \u017cadnych problem\u00f3w z prawem, \u017cadnych oczekiwa\u0144 od prokuratury i s\u0105d\u00f3w, poza oczekiwaniem sprawiedliwo\u015bci.<\/p>\n<p class=\"ods-c-paragraph \">Opr\u00f3cz s\u0119dziego \u015awiergosza w sk\u0142adzie, kt\u00f3ry wyda\u0142 prze\u0142omowy wyrok, zasiedli s\u0119dziowie Henryk Komisarski i Piotr Gerke.<\/p>\n<p>   S\u0105d m\u00f3wi o winie &#8222;Ryby&#8221; i &#8222;Lali&#8221;. A tak\u017ce krytykuje UOP i ABW<\/p>\n<p class=\"ods-c-paragraph \">S\u0105d Apelacyjny doda\u0142, \u017ce jego zdaniem istniej\u0105ce dowody ju\u017c teraz pozwalaj\u0105 na uznanie winy &#8222;Ryby&#8221; i &#8222;Lali&#8221; w kontek\u015bcie ich udzia\u0142u w porwaniu Zi\u0119tary i w przekazaniu nieustalonym zab\u00f3jcom. S\u0105d ich jednak nie skaza\u0142, bo chodzi o kwestie proceduralne. Wcze\u015bniej zostali nieprawomocnie uniewinnieni przez S\u0105d Okr\u0119gowy. Dlatego ich proces wraca teraz w\u0142a\u015bnie tam, by na nowo rozpatrzy\u0107 ich w\u0105tek, w tym nowe dowody.<\/p>\n<p class=\"ods-c-paragraph \">S\u0119dzia Maciej \u015awiergosz podczas uzasadniania wyroku wskaza\u0142, \u017ce prawd\u0105 s\u0105 s\u0142owa wyryte na symbolicznym nagrobku Zi\u0119tary w jego rodzinnej Bydgoszczy i na kamienicy przy ul. Kolejowej w Poznaniu, spod kt\u00f3rej mia\u0142 zosta\u0107 porwany. Chodzi o zwrot, \u017ce zgin\u0105\u0142, bo by\u0142 dziennikarzem.<\/p>\n<p class=\"ods-c-paragraph \">\u2014 <a href=\"https:\/\/wiadomosci.onet.pl\/poznan\/porwanie-i-zabojstwo-zietary-sad-uniewinnia-ochroniarzy-elektromisu\/sj3mgc2?utm_campaign=cb\" id=\"23e20613-3575-4ecd-80ee-fda95e854402\" rel=\"nofollow noopener\" target=\"_blank\">S\u0105d Okr\u0119gowy, uniewinniaj\u0105c wcze\u015bniej obu oskar\u017conych, pope\u0142ni\u0142 b\u0142\u0105d logiczny<\/a>. Skupi\u0142 si\u0119 na tym, \u017ce to by\u0142 m\u0142ody, zdolny, ale niedo\u015bwiadczony dziennikarzy, bez wi\u0119kszego dorobku i nie by\u0142o powodu, aby go zabija\u0107. Tymczasem analiza jego notatek i inne dowody wskazuj\u0105, \u017ce interesowa\u0142 si\u0119 dzia\u0142alno\u015bci\u0105 firmy Elektromis, wiedzia\u0142 o jej sk\u0142adzie celnym, o imporcie wyrob\u00f3w spirytusowych. To oczywiste, \u017ce zosta\u0142 porwany 1 wrze\u015bnia 1992 r. i zgin\u0105\u0142 za to, \u017ce by\u0142 dziennikarzem, taki by\u0142 motyw \u2014 m\u00f3wi\u0142 s\u0119dzia Maciej \u015awiergosz, zaznaczaj\u0105c, \u017ce Zi\u0119tara zosta\u0142 uciszony nie za to, co ju\u017c napisa\u0142, bo jego przesz\u0142o\u015b\u0107 dziennikarska nie interesowa\u0142a jego oprawc\u00f3w, lecz za to, co dopiero m\u00f3g\u0142 ujawni\u0107. Zapewne wiedzia\u0142, \u017ce swoich ustale\u0144 nie b\u0119dzie m\u00f3g\u0142 ujawni\u0107 w pozna\u0144skich mediach zblatowanych z biznesmenami, dlatego, jak wiele wskazuje, szuka\u0142 doj\u015bcia do og\u00f3lnopolskich tytu\u0142\u00f3w.<\/p>\n<p class=\"ods-c-paragraph \">\u2014 Trafnie tydzie\u0144 temu, w mowie ko\u0144cowej, powiedzia\u0142 Jacek Zi\u0119tara, brat dziennikarza, \u017ce ta sprawa przypomina pot\u0142uczon\u0105 szklank\u0119. S\u0105d Okr\u0119gowy wcze\u015bniej nie z\u0142o\u017cy\u0142 tych rozbitych element\u00f3w w ca\u0142o\u015b\u0107, ale bada\u0142 je osobno, trac\u0105c z pola widzenia ca\u0142o\u015bciowy obraz \u2014 to kolejny wniosek s\u0105du.<\/p>\n<p class=\"ods-c-paragraph \">S\u0119dzia \u015awiergosz wskaza\u0142 ponadto, \u017ce sprawa Zi\u0119tary jest niebanalna, z\u0142o\u017cona, pe\u0142na sprzecznych trop\u00f3w. Dotyczy Polski z pocz\u0105tku lat 90., kraju przechodz\u0105cego transformacj\u0119 gospodarcz\u0105 i polityczn\u0105, reali\u00f3w, kt\u00f3rych ju\u017c dawno nie ma.<\/p>\n<p class=\"ods-c-paragraph \">\u2014 Dzi\u015b wydaje si\u0119 nieprawdopodobne, \u017ce w ca\u0142kiem sporym mie\u015bcie w \u015brodku Europy ginie dziennikarz i nie wywo\u0142uje to reakcji organ\u00f3w \u015bcigania. Pocz\u0105tkowo wr\u0119cz sprawa by\u0142a bagatelizowana \u2014 podkre\u015bla\u0142 s\u0119dzia Maciej \u015awiergosz.<\/p>\n<p class=\"ods-c-paragraph \">Odnosi\u0142 si\u0119 do s\u0142abo\u015bci \u00f3wczesnej policji i s\u0142\u00f3w jej komendanta, \u017ce na 406 policjant\u00f3w w Wielkopolsce ufa\u0142 tylko czterem. M\u00f3wi\u0142 tak\u017ce o tym, \u017ce wtedy nie by\u0142o kamer monitoringu, bada\u0144 DNA, a w pierwszych miesi\u0105cach po znikni\u0119ciu 24-latka dosz\u0142o do wielu zaniecha\u0144 i badania fa\u0142szywych w\u0105tk\u00f3w m\u00f3wi\u0105cych o samob\u00f3jstwie Zi\u0119tary albo ucieczce do Londynu.<\/p>\n<p class=\"ods-c-paragraph \">Doda\u0142, \u017ce negatywn\u0105 rol\u0119 odegra\u0142y s\u0142u\u017cby specjalne. UOP, kt\u00f3ry potem zamieni\u0142 si\u0119 w ABW, werbowa\u0142 Zi\u0119tar\u0119 do pracy na pocz\u0105tku lat 90., ale a\u017c do 2011 r. ukrywa\u0142 prawd\u0119 na ten temat. S\u0119dzia podkre\u015bla\u0142, \u017ce s\u0142u\u017cby maj\u0105 obowi\u0105zek ujawni\u0107 swoj\u0105 pe\u0142n\u0105 wiedz\u0119 na temat los\u00f3w Zi\u0119tary, zw\u0142aszcza \u017ce s\u0105d nie ma pewno\u015bci, \u017ce s\u0142u\u017cby faktycznie przekaza\u0142y wszystko, co wiedz\u0105 o jego sprawie. Dla s\u0105du nie ma znaczenia fakt, \u017ce szefem ABW jest teraz Rafa\u0142 Syrysko, kolega Zi\u0119tary ze studi\u00f3w. S\u0105d podkre\u015bli\u0142 bowiem, \u017ce s\u0142u\u017cby powinny uczciwie traktowa\u0107 ka\u017cdego obywatela i ujawni\u0107, co wiedz\u0105 o jego losach.<\/p>\n<p>   S\u0105d obala alibi ochroniarza &#8222;Ryby&#8221; oraz dziwi si\u0119 wyja\u015bnieniom &#8222;Lali&#8221;<\/p>\n<p class=\"ods-c-paragraph \">We wtorek S\u0105d Apelacyjny obali\u0142 r\u00f3wnie\u017c alibi jednego z oskar\u017conych ochroniarzy Elektromisu. &#8222;Ryba&#8221; twierdzi\u0142, \u017ce 1 wrze\u015bnia 1992 r. nie m\u00f3g\u0142 rano porywa\u0107 Zi\u0119tary, bo w tym czasie odprowadza\u0142 syna na rozpocz\u0119cie roku szkolnego. Potwierdzi\u0142a to jego \u00f3wczesna s\u0105siadka z bloku na pozna\u0144skim osiedlu.<\/p>\n<p class=\"ods-c-paragraph \">\u2014 Zeznania z\u0142o\u017cy\u0142a ponad 29 lat po znikni\u0119ciu dziennikarza \u2014 zauwa\u017cy\u0142 pozna\u0144ski s\u0105d, w\u0105tpi\u0105c w to, czy po tak d\u0142ugim czasie mog\u0142a pami\u0119ta\u0107 rozmaite detale.<\/p>\n<p class=\"ods-c-paragraph \">Doda\u0142, \u017ce s\u0105siadka &#8222;Ryby&#8221; nie widzia\u0142a go p\u00f3\u017aniej podczas uroczysto\u015bci szkolnej. Nie mo\u017cna wi\u0119c wykluczy\u0107, \u017ce rano pojecha\u0142 ze szko\u0142y pod dom dziennikarza, a ruch uliczny w 1992 r. nie by\u0142 tak du\u017cy, jak obecnie. &#8222;Ryba&#8221; zdaniem s\u0105du mia\u0142 czas, zdaniem s\u0105du, by rankiem odprowadzi\u0107 syna, a potem pojecha\u0107 pod kamienic\u0119 i oko\u0142o 8.40-9.00 porwa\u0107 id\u0105cego do redakcji Zi\u0119tar\u0119.<\/p>\n<p class=\"ods-c-paragraph \">Zdaniem S\u0105du Apelacyjnego s\u0105d pierwszej instancji wcze\u015bniej niew\u0142a\u015bciwie oceni\u0142 te\u017c w\u0105tek &#8222;Lali&#8221;, drugiego z oskar\u017conych ochroniarzy. &#8222;Lala&#8221;, po zatrzymaniu w 2014 r., wyja\u015bnia\u0142 na przes\u0142uchaniu, \u017ce kilku ochroniarzy Elektromisu w latach 90. zgin\u0119\u0142o w dziwnych okoliczno\u015bciach i wskaza\u0142 wprost, \u017ce jeden z nich, &#8222;Wiatrak&#8221;, zgin\u0105\u0142 mo\u017ce dlatego, i\u017c wiedzia\u0142, co si\u0119 sta\u0142o z Zi\u0119tar\u0105.<\/p>\n<p class=\"ods-c-paragraph \">\u2014 Zadziwiaj\u0105ce s\u0105 takie wyja\u015bnienia cz\u0142owieka, kt\u00f3ry twierdzi, \u017ce nie ma \u017cadnych zwi\u0105zk\u00f3w z porwaniem i \u015bmierci\u0105 dziennikarza \u2014 zauwa\u017cy\u0142 s\u0105d.<\/p>\n<p>\u015awiadkowie o trudnej przesz\u0142o\u015bci i w\u0105tpliwej reputacji<\/p>\n<p class=\"ods-c-paragraph \">S\u0105d Apelacyjny odni\u00f3s\u0142 si\u0119 r\u00f3wnie\u017c do zezna\u0144 tych \u015bwiadk\u00f3w prokuratury, kt\u00f3rzy byli na bakier z prawem i mieli interes, by wsp\u00f3\u0142pracowa\u0107 z prokuratur\u0105, licz\u0105c na przyk\u0142ad na z\u0142agodzenie kary. W ka\u017cdym z tych przypadk\u00f3w S\u0105d Apelacyjny oceni\u0142 ich relacje inaczej, ni\u017c wcze\u015bniej uzna\u0142y inne pozna\u0144skie s\u0105dy.<\/p>\n<p class=\"ods-c-paragraph \">I tak w przypadku by\u0142ego esbeka i pracownika UOP Jerzego U., kt\u00f3ry zezna\u0142, \u017ce na zlecenie Elektromisu \u015bledzi\u0142 Zi\u0119tar\u0119 i widzia\u0142 moment jego porwania, S\u0105d Apelacyjny przyzna\u0142, \u017ce zmienia\u0142 on swoje zeznania. Przyzna\u0142, \u017ce dwaj jego wsp\u00f3\u0142pracownicy, kt\u00f3rzy mieli razem z nim widzie\u0107 porwanie Zi\u0119tary, wszystkiemu zaprzeczyli. Jednak s\u0105d wskaza\u0142, \u017ce mieli oczywisty interes, by k\u0142ama\u0107, bo nie chcieli potwierdzi\u0107 swojego udzia\u0142u w tej sprawie.<\/p>\n<p class=\"ods-c-paragraph \">S\u0105d przypomnia\u0142 r\u00f3wnie\u017c, \u017ce na pocz\u0105tku 2015 r. Jerzy U., a konkretnie firma jego \u017cony, zacz\u0119\u0142a dostawa\u0107 absurdalne zlecenia od ludzi z dawnego Elektromisu. Jerzy U. mia\u0142by zacz\u0105\u0107 ochrania\u0107 dawn\u0105 siedzib\u0119 Elektromisu przed&#8230; rzekom\u0105 prowokacj\u0105 prokuratury i podrzuceniem na teren firmy ludzkich szcz\u0105tk\u00f3w. \u0141\u0105cznie rodzina U. dosta\u0142a p\u00f3\u0142 miliona z\u0142otych, a ju\u017c po pierwszych fakturach Jerzy U. zacz\u0105\u0142 wycofywa\u0107 zeznania obci\u0105\u017caj\u0105ce ochroniarzy Elektromisu, twierdz\u0105c, \u017ce z powodu z\u0142ego stanu zdrowia jednak nie pami\u0119ta, co dok\u0142adnie widzia\u0142 1 wrze\u015bnia 1992 r. Potem jednak ujawni\u0142 faktury i wr\u00f3ci\u0142 do wsp\u00f3\u0142pracy z prokuratur\u0105.<\/p>\n<p class=\"ods-c-paragraph \">S\u0105d wskaza\u0142 ponadto na zeznania dw\u00f3ch innych przest\u0119pc\u00f3w, czyli Macieja B. i Marka Z., kt\u00f3rzy w latach 90. pracowali dla Elektromisu. Obaj mieli by\u0107 \u015bwiadkami narady w tej firmie, gdy latem 1992 r. Aleksander Gawronik mia\u0142 nak\u0142ania\u0107 do zabicia Zi\u0119tary w towarzystwie szefa firmy Mariusza \u015a.<\/p>\n<p class=\"ods-c-paragraph \">Obaj obci\u0105\u017cali na pewnym etapie m.in. ochroniarzy Elektromisu, a potem si\u0119 wycofywali.<\/p>\n<p class=\"ods-c-paragraph \">Maciej B., odsiaduj\u0105cy do\u017cywocie za zab\u00f3jstwo przyzna\u0142, \u017ce wycofa\u0142 si\u0119, bo by\u0142 rozczarowany, \u017ce nie dosta\u0142 prawa \u0142aski i nie wyszed\u0142 na wolno\u015b\u0107. Z kolei Marek Z. przyzna\u0142, jak przypomnia\u0142 s\u0105d, \u017ce zacz\u0105\u0142 wycofywa\u0107 zeznania &#8222;delikatnie&#8221;, bo tak radzi\u0142 mu adwokat. Ponadto s\u0105d przypomnia\u0142, \u017ce Marek Z. przedstawia\u0142 r\u00f3\u017cne sprzeczne wersje, dlaczego ju\u017c nie podtrzymuje swoich zezna\u0144 uderzaj\u0105cych w Gawronika i Elektromis.<\/p>\n<p class=\"ods-c-paragraph \">\u2014 \u015awiadek Jerzy U. powiedzia\u0142 potem, \u017ce podczas narady w Elektromisie na temat torpedowania \u015bledztwa pad\u0142y s\u0142owa, \u017ce &#8222;Marek Z. zdradzi\u0142, ale potem zachowa\u0142 si\u0119, jak nale\u017cy&#8221; \u2014 uzasadnia\u0142 wyrok s\u0119dzia Maciej \u015awiergosz.<\/p>\n<p class=\"ods-c-paragraph \">Przypomina\u0142 tak\u017ce, \u017ce pracownicy Elektromisu, jak ochroniarze &#8222;Bekon&#8221; i Waldemar P. przyznawali, \u017ce widzieli Zi\u0119tar\u0119 pod t\u0105 firm\u0105. Wspomniany &#8222;Bekon&#8221; nie wykluczy\u0142, \u017ce to on osobi\u015bcie poturbowa\u0142 dziennikarza i zniszczy\u0142 film w jego aparacie fotograficznym. Zezna\u0142 tak\u017ce, \u017ce Zi\u0119tara i jego dzia\u0142alno\u015b\u0107 dziennikarska zagra\u017ca\u0142a firmie podejrzewanej w latach 90. o przemyt i oszustwa podatkowe na ogromn\u0105 skal\u0119.<\/p>\n<p>Gawronik uniewinniony, ale S\u0105d Apelacyjny ma swoje zdanie<\/p>\n<p class=\"ods-c-paragraph \">S\u0105d Apelacyjny zajmowa\u0142 si\u0119 teraz wy\u0142\u0105cznie w\u0105tkiem oskar\u017conych ochroniarzy, ale szeroko skomentowa\u0142 r\u00f3wnie\u017c dowody dotycz\u0105ce Aleksandra Gawronika, kt\u00f3rego inne s\u0105dy wcze\u015bniej prawomocnie uniewinni\u0142y od zarzutu pod\u017cegania do zab\u00f3jstwa dziennikarza.<\/p>\n<p class=\"ods-c-paragraph \">S\u0105d wskaza\u0142 we wtorek, \u017ce nowe zeznania Anny Dolskiej rzucaj\u0105 kolejne \u015bwiat\u0142o na udzia\u0142 Gawronika w planowaniu zbrodni na Zi\u0119tarze. S\u0105d dawa\u0142 do zrozumienia, \u017ce inaczej ocenia zeznania wcze\u015bniejszych \u015bwiadk\u00f3w, kt\u00f3rzy pogr\u0105\u017cali by\u0142ego senatora i esbeka.<\/p>\n<p class=\"ods-c-paragraph \">S\u0105d pozytywnie oceni\u0142 bagatelizowane przez inne s\u0105dy zeznania Krzysztofa \u0141., ps. \u0141yli. To przest\u0119pca, kt\u00f3ry na \u015al\u0105sku siedzia\u0142 w tym samym areszcie co Gawronik, maj\u0105cy na pocz\u0105tku XXI w. spraw\u0119 karn\u0105 za przest\u0119pstwa gospodarcze. &#8222;\u0141yli&#8221; zezna\u0142, \u017ce Gawronik opowiada\u0142 mu o zbrodni na Zi\u0119tarze, a s\u0105d wskaza\u0142, \u017ce &#8222;\u0141yli&#8221; nie mia\u0142 \u017cadnych powod\u00f3w, by k\u0142ama\u0107 i nie oczekiwa\u0142 \u017cadnych ulg od s\u0105du czy prokuratury.<\/p>\n<p class=\"ods-c-paragraph \">Gawronika pogr\u0105\u017ca\u0142 tak\u017ce s\u0142ynny \u015bwiadek koronny &#8222;Masa&#8221;, kt\u00f3remu Gawronik mia\u0142 si\u0119 przedstawia\u0107 jako &#8222;specjalista od uciszania prasy&#8221;. R\u00f3wnie\u017c nie\u017cyj\u0105cy ju\u017c Ryszard B., by\u0142y ochroniarz Gawronika, pogr\u0105\u017ca\u0142 go w swoich zeznaniach, a S\u0105d Apelacyjny uzna\u0142 je teraz za istotne dla wyja\u015bnienia zagadki z 1992 r.<\/p>\n<p class=\"ods-c-paragraph \">S\u0105d odnosi\u0142 si\u0119 tak\u017ce do relacji innych \u015bwiadk\u00f3w \u2014 jego zdaniem wskazuj\u0105 one na udzia\u0142 Gawronika i ludzi Elektromisu w planowaniu i wykonaniu zbrodni na Zi\u0119tarze. <a href=\"https:\/\/wiadomosci.onet.pl\/poznan\/zabojstwo-jaroslawa-zietary-gawronik-szef-elektromisu-i-marek-krol\/543kkjh\" id=\"38395a90-1db3-4012-b923-2fcd4c6b3ffc\" rel=\"nofollow noopener\" target=\"_blank\">Dowody wskazuj\u0105 te\u017c na to, \u017ce Gawronik i szef Elektromisu znali si\u0119 na pocz\u0105tku lat 90<\/a>., wi\u0119c mogli rozmawia\u0107 o sprawie Zi\u0119tary, czemu obaj stanowczo zaprzeczali. S\u0105d uzasadnia\u0142 ponadto, \u017ce wielu \u015bwiadk\u00f3w mia\u0142o przest\u0119pcz\u0105 przesz\u0142o\u015b\u0107, a sk\u0142adaj\u0105c zeznania niekorzystne dla oskar\u017conych i wsp\u00f3\u0142pracuj\u0105c z prokuratur\u0105, nara\u017cali si\u0119 na zemst\u0119 i gniew ze stron \u015brodowisk przest\u0119pczych, w tym wsp\u00f3\u0142wi\u0119\u017ani\u00f3w.<\/p>\n<p>   Co dalej ze spraw\u0105? Mo\u017cliwych kilka scenariuszy <\/p>\n<p class=\"ods-c-paragraph \">W\u0105tek <a href=\"https:\/\/wiadomosci.onet.pl\/poznan\/sprawa-zabojstwa-dziennikarza-jaroslawa-zietary-jest-decyzja-sn-w-sprawie-bylego\/gbkdyhg\" id=\"27494bb6-371b-4d5a-a60e-db0a4871c7e5\" rel=\"nofollow noopener\" target=\"_blank\">Aleksandra Gawronika, prawomocnie uniewinnionego<\/a>, na ten moment jest zako\u0144czony.<\/p>\n<p class=\"ods-c-paragraph \">W\u0105tek dw\u00f3ch ochroniarzy, wskutek najnowszego wyroku s\u0105du, wraca teraz do S\u0105du Okr\u0119gowego w Poznaniu. Ma on swobod\u0119 w wydaniu przysz\u0142ego wyroku w w\u0105tku ochroniarzy, ale musi wykona\u0107 wytyczne i zweryfikowa\u0107 dowody wskazane 2 grudnia przez S\u0105d Apelacyjny.<\/p>\n<p class=\"ods-c-paragraph \">Istnieje tak\u017ce mo\u017cliwo\u015b\u0107, na kt\u00f3r\u0105 wskaza\u0142 zreszt\u0105 S\u0105d Apelacyjny, \u017ce S\u0105d Okr\u0119gowy zwr\u00f3ci akta prokuraturze, bo mo\u017ce si\u0119 okaza\u0107, \u017ce do przeprowadzenia jest szereg nowych dowod\u00f3w i przes\u0142ucha\u0144.<\/p>\n<p class=\"ods-c-paragraph \">Istnieje jeszcze inny scenariusz, \u017ce obro\u0144cy dw\u00f3ch ochroniarzy z\u0142o\u017c\u0105 wkr\u00f3tce skarg\u0119 kasacyjn\u0105 do S\u0105du Najwy\u017cszego, a ten oceni dowody na ich korzy\u015b\u0107.<\/p>\n<p class=\"ods-c-paragraph \">Pewne jest jedno \u2014 po ponad 33 latach od znikni\u0119cia Jarka Zi\u0119tary pierwszy s\u0105d w Polsce tak dobitnie wskaza\u0142, \u017ce dziennikarz nie \u017cyje i s\u0105 dowody na konkretne osoby jako sprawc\u00f3w tej zbrodni. S\u0105d Apelacyjny doda\u0142 przy tym, \u017ce obecnego wyroku nie by\u0142oby, gdyby nie determinacja rodziny, a zw\u0142aszcza nie\u017cyj\u0105cego ojca Jarka i znajomych dziennikarza, kt\u00f3rzy od 1992 r., cz\u0119sto wbrew rozmaitym dzia\u0142aniom instytucji pa\u0144stwowych, domagali si\u0119 wyja\u015bnienia los\u00f3w 24-latka, wskazuj\u0105c przy tym konkretne w\u0105tki, kt\u00f3re nale\u017cy zbada\u0107.<\/p>\n","protected":false},"excerpt":{"rendered":"Jaros\u0142aw Zi\u0119tara znikn\u0105\u0142 1 wrze\u015bnia 1992 r. Zdaniem prokuratury, cho\u0107 jego cia\u0142a do tej pory nie odnaleziono, zosta\u0142&hellip;\n","protected":false},"author":2,"featured_media":130312,"comment_status":"","ping_status":"","sticky":false,"template":"","format":"standard","meta":{"footnotes":""},"categories":[5],"tags":[27179,32,33,27181,36,37,27,27109,34,35,28,31,48,25,46,42,38,40,39,41,1817,47,29,30,26],"class_list":{"0":"post-130311","1":"post","2":"type-post","3":"status-publish","4":"format-standard","5":"has-post-thumbnail","7":"category-naglowki","8":"tag-aleksander_gawronik","9":"tag-breaking-news","10":"tag-breakingnews","11":"tag-elektromis","12":"tag-featured-news","13":"tag-featurednews","14":"tag-headlines","15":"tag-jaroslaw_zietara","16":"tag-latest-news","17":"tag-latestnews","18":"tag-naglowki","19":"tag-najwazniejsze-artykuly","20":"tag-nat_styl","21":"tag-news","22":"tag-omp","23":"tag-pl","24":"tag-poland","25":"tag-polish","26":"tag-polska","27":"tag-polski","28":"tag-poznan","29":"tag-screening_general","30":"tag-top-stories","31":"tag-topstories","32":"tag-wiadomosci"},"share_on_mastodon":{"url":"https:\/\/pubeurope.com\/@pl\/115654860836397173","error":""},"_links":{"self":[{"href":"https:\/\/www.europesays.com\/pl\/wp-json\/wp\/v2\/posts\/130311","targetHints":{"allow":["GET"]}}],"collection":[{"href":"https:\/\/www.europesays.com\/pl\/wp-json\/wp\/v2\/posts"}],"about":[{"href":"https:\/\/www.europesays.com\/pl\/wp-json\/wp\/v2\/types\/post"}],"author":[{"embeddable":true,"href":"https:\/\/www.europesays.com\/pl\/wp-json\/wp\/v2\/users\/2"}],"replies":[{"embeddable":true,"href":"https:\/\/www.europesays.com\/pl\/wp-json\/wp\/v2\/comments?post=130311"}],"version-history":[{"count":0,"href":"https:\/\/www.europesays.com\/pl\/wp-json\/wp\/v2\/posts\/130311\/revisions"}],"wp:featuredmedia":[{"embeddable":true,"href":"https:\/\/www.europesays.com\/pl\/wp-json\/wp\/v2\/media\/130312"}],"wp:attachment":[{"href":"https:\/\/www.europesays.com\/pl\/wp-json\/wp\/v2\/media?parent=130311"}],"wp:term":[{"taxonomy":"category","embeddable":true,"href":"https:\/\/www.europesays.com\/pl\/wp-json\/wp\/v2\/categories?post=130311"},{"taxonomy":"post_tag","embeddable":true,"href":"https:\/\/www.europesays.com\/pl\/wp-json\/wp\/v2\/tags?post=130311"}],"curies":[{"name":"wp","href":"https:\/\/api.w.org\/{rel}","templated":true}]}}