{"id":130343,"date":"2025-12-03T09:32:09","date_gmt":"2025-12-03T09:32:09","guid":{"rendered":"https:\/\/www.europesays.com\/pl\/130343\/"},"modified":"2025-12-03T09:32:09","modified_gmt":"2025-12-03T09:32:09","slug":"to-ona-zostawila-macieja-rybusa-rosjanka-nigdy-nie-kryla-co-lubi-w-zyciu-najbardziej","status":"publish","type":"post","link":"https:\/\/www.europesays.com\/pl\/130343\/","title":{"rendered":"To ona zostawi\u0142a Macieja Rybusa. Rosjanka nigdy nie kry\u0142a, co lubi w \u017cyciu najbardziej"},"content":{"rendered":"<p class=\"Paragraph_desktopParagraph__Fd2e9\">Kibice dowiedzieli si\u0119 o nowym zwi\u0105zku Macieja Rybusa w styczniu 2018 r. To wtedy pi\u0142karz opublikowa\u0142 na portalu X (wtedy jeszcze Twitter) pierwsze wsp\u00f3lne zdj\u0119cie z Lan\u0105 Bajmatow\u0105. Wiele os\u00f3b nie kry\u0142o w\u00f3wczas zaskoczenia, poniewa\u017c nie zdawa\u0142o sobie sprawy, \u017ce Rybus zako\u0144czy\u0142 relacj\u0119 z Natali\u0105 Czubaj, z kt\u00f3r\u0105 by\u0142 zwi\u0105zany przez lata.<\/p>\n<p class=\"VideoPlayerText_videoPlayerText__zrtJk\">Dalszy ci\u0105g materia\u0142u pod wideo<\/p>\n<p>Ich zwi\u0105zek wywo\u0142a\u0142 zaskoczenie. &#8222;Zaiskrzy\u0142o od pierwszego spotkania&#8221;<\/p>\n<p class=\"Paragraph_desktopParagraph__Fd2e9\">Po jakim\u015b czasie Rybus zdradzi\u0142, \u017ce pochodz\u0105c\u0105 z Osetii Lan\u0119 pozna\u0142 w 2017 r., kiedy to po sezonie sp\u0119dzonym w Olympique Lyon przeni\u00f3s\u0142 si\u0119 do Lokomotiwu Moskwa. Szybko zrodzi\u0142o si\u0119 mi\u0119dzy nimi uczucie.<\/p>\n<p class=\"Paragraph_desktopParagraph__Fd2e9\">&#8222;Pozna\u0142em j\u0105 tu\u017c po przylocie z Francji do Moskwy. Lana by\u0142a administratork\u0105 restauracji obok hotelu, w kt\u00f3rym zamieszka\u0142em. Nie ma co ukrywa\u0107, \u017ce mi\u0119dzy nami zaiskrzy\u0142o od pierwszego spotkania i nied\u0142ugo potem zacz\u0119li\u015bmy si\u0119 spotyka\u0107&#8221; \u2014 opowiada\u0142 w rozmowie z serwisem Polsatsport.pl.<\/p>\n<p>Zar\u0119czyli si\u0119 po kilku miesi\u0105cach znajomo\u015bci. Chwil\u0119 p\u00f3\u017aniej wzi\u0119li \u015blub<\/p>\n<p class=\"Paragraph_desktopParagraph__Fd2e9\">Zaledwie kilka tygodni po tym, jak Maciej Rybus opublikowa\u0142 w sieci pierwsze zdj\u0119cie z partnerk\u0105, og\u0142osi\u0142 w sieci&#8230; zar\u0119czyny. Na kolejny krok nie trzeba by\u0142o d\u0142ugo czeka\u0107&#8230; Ju\u017c w marcu 2018 r. para pobra\u0142a si\u0119 w Rosji. Na uroczysto\u015bci nie pojawili si\u0119 najbli\u017csi pi\u0142karza, poniewa\u017c nie zd\u0105\u017cyli zorganizowa\u0107 wiz. Zakochani zapowiedzieli w\u00f3wczas, \u017ce zorganizuj\u0105 jeszcze jedn\u0105 uroczysto\u015b\u0107 w Polsce.<\/p>\n<p class=\"Paragraph_desktopParagraph__Fd2e9\">1 czerwca 2019 r. Maciej Rybus po raz drugi stan\u0105\u0142 na \u015blubnym kobiercu. Uroczysto\u015b\u0107 odby\u0142a si\u0119 w jego rodzinnym \u0141owiczu, w ko\u015bciele \u015bw. Leonarda. Para na miejsce wesela wybra\u0142a Hotel Rozdro\u017ce w Nieborowie.<\/p>\n<p class=\"Paragraph_desktopParagraph__Fd2e9\">Cztery miesi\u0105ce po pierwszym \u015blubie \u017cona Macieja Rybusa poinformowa\u0142a, \u017ce jest w ci\u0105\u017cy. Plotki o tym, \u017ce ma\u0142\u017conkowie spodziewaj\u0105 si\u0119 dziecka, pojawi\u0142y si\u0119 w mediach spo\u0142eczno\u015bciowych znacznie wcze\u015bniej, jednak sami zainteresowani d\u0142ugo nie komentowali tych doniesie\u0144.<\/p>\n<p class=\"Paragraph_desktopParagraph__Fd2e9\">23 pa\u017adziernika 2018 r. Lana Bajmatowa urodzi\u0142a syna Roberta. &#8222;Od dzisiaj jestem tat\u0105. Niesamowite uczucie&#8221; \u2014 cieszy\u0142 si\u0119 wtedy Maciej Rybus. W styczniu 2021 r. para doczeka\u0142a si\u0119 drugiego ch\u0142opca Adriana.<\/p>\n<p>Dla niej zosta\u0142 w Rosji<\/p>\n<p class=\"Paragraph_desktopParagraph__Fd2e9\">Gdy w 2022 r. Rosja zaatakowa\u0142a Ukrain\u0119, Maciej Rybus odm\u00f3wi\u0142 ucieczki z kraju agresora. Tak\u0105 decyzj\u0105 zamkn\u0105\u0142 sobie drzwi do reprezentacji Polski. W marcu 2024 r. <a href=\"https:\/\/przegladsportowy.onet.pl\/pilka-nozna\/polacy-za-granica\/maciej-rybus-wybral-rosje-przerwal-milczenie-i-pyta-robie-komus-krzywde\/s8y2vdg\" id=\"d08abd9e-dc32-420b-a29b-35ac5c4865f8\" rel=\"nofollow noopener\" target=\"_blank\">pi\u0142karz t\u0142umaczy\u0142, dlaczego nie zdecydowa\u0142 si\u0119 na wyjazd z Rosji<\/a>.<\/p>\n<p class=\"Paragraph_desktopParagraph__Fd2e9\">&#8222;Mam tam \u017con\u0119, kt\u00f3ra jest Rosjank\u0105, dw\u00f3ch syn\u00f3w, nieruchomo\u015bci, \u017cycie, kt\u00f3re rozwija\u0142o si\u0119 przez ponad dziesi\u0119\u0107 lat. Tak naprawd\u0119 to w Rosji zosta\u0142em prawdziwym m\u0119\u017cczyzn\u0105, za\u0142o\u017cy\u0142em rodzin\u0119, zarobi\u0142em pieni\u0105dze i zabezpieczy\u0142em nasz\u0105 przysz\u0142o\u015b\u0107. Tam te\u017c osi\u0105gn\u0105\u0142em najwi\u0119ksze sukcesy pi\u0142karskie. Zostawienie tego wszystkiego z dnia na dzie\u0144 nie by\u0142o takie proste&#8221; \u2014 m\u00f3wi\u0142 w wywiadzie dla TVP Sport.<\/p>\n<p>To ona podj\u0119\u0142a decyzj\u0119 o rozwodzie<\/p>\n<p class=\"Paragraph_desktopParagraph__Fd2e9\">Pod koniec ubieg\u0142ego roku internauci zacz\u0119li w\u0119szy\u0107 kryzys w zwi\u0105zku Macieja Rybusa i Lany Bajmatowej. Zauwa\u017cyli bowiem, \u017ce kobieta usun\u0119\u0142a z Instagrama wi\u0119kszo\u015b\u0107 wsp\u00f3lnych zdj\u0119\u0107 z m\u0119\u017cem.<\/p>\n<p class=\"Paragraph_desktopParagraph__Fd2e9\">Teraz okazuje si\u0119, \u017ce ich ma\u0142\u017ce\u0144stwo to ju\u017c przesz\u0142o\u015b\u0107. Maciej Rybus i Lana Bajmatowa rozwiedli si\u0119, a pozew o rozw\u00f3d z\u0142o\u017cy\u0142a kobieta.<\/p>\n<p class=\"Paragraph_desktopParagraph__Fd2e9\">&#8222;27 listopada 2025 r. S\u0105d Rejonowy w Choroszewie w Moskwie wyda\u0142 orzeczenie w sprawie cywilnej wytoczonej przez Lan\u0119 Bajmatow\u0105 Rybus przeciwko Maciejowi Rybusowi o rozw\u00f3d i podzia\u0142 maj\u0105tku ma\u0142\u017ce\u0144skiego&#8221; \u2014 <a href=\"https:\/\/przegladsportowy.onet.pl\/ofsajd\/szokujace-wiesci-ws-macieja-rybusa-prosto-z-rosji-to-juz-pewne\/qh46evb\" id=\"09fd59bb-1b79-4ce2-b9a7-3e0409a1a519\" rel=\"nofollow noopener\" target=\"_blank\">przekaza\u0142 jeden z rosyjskich serwis\u00f3w<\/a>.<\/p>\n<p>By\u0142a \u017cona Macieja Rybusa lubi przepych<\/p>\n<p class=\"Paragraph_desktopParagraph__Fd2e9\">Lana Bajmatowa jest bardzo aktywna na Instagramie. Na portalu spo\u0142eczno\u015bciowym nieraz publikowa\u0142a zdj\u0119cia z rajskich wakacji czy podr\u00f3\u017cy luksusowymi samochodami. Z fotografii, kt\u00f3re pokazywa\u0142a w sieci, mo\u017cna r\u00f3wnie\u017c wywnioskowa\u0107, \u017ce lubi przepych.<\/p>\n<p class=\"Paragraph_desktopParagraph__Fd2e9\">Kobieta przez lata zebra\u0142a poka\u017an\u0105 liczb\u0119 obserwator\u00f3w na Instagramie (licznik wskazuje prawie 180 tys. os\u00f3b). Obecnie jednak konto Lany Bajmatowej nie jest publiczne.<\/p>\n","protected":false},"excerpt":{"rendered":"Kibice dowiedzieli si\u0119 o nowym zwi\u0105zku Macieja Rybusa w styczniu 2018 r. To wtedy pi\u0142karz opublikowa\u0142 na portalu&hellip;\n","protected":false},"author":2,"featured_media":130344,"comment_status":"","ping_status":"","sticky":false,"template":"","format":"standard","meta":{"footnotes":""},"categories":[24],"tags":[67,26910,26909,129,948,42,38,40,39,41,136,128,47,127,126,655,11971,130],"class_list":{"0":"post-130343","1":"post","2":"type-post","3":"status-publish","4":"format-standard","5":"has-post-thumbnail","7":"category-sport","8":"tag-intextvideo_splayer","9":"tag-lana_rybus","10":"tag-maciej_rybus","11":"tag-ofsajd","12":"tag-pilka_nozna","13":"tag-pl","14":"tag-poland","15":"tag-polish","16":"tag-polska","17":"tag-polski","18":"tag-ps_detal_new","19":"tag-psv2","20":"tag-screening_general","21":"tag-sport","22":"tag-sports","23":"tag-styl_zycia_lifestyle_","24":"tag-wags","25":"tag-wiadomosci_sportowe"},"share_on_mastodon":{"url":"https:\/\/pubeurope.com\/@pl\/115654947328636067","error":""},"_links":{"self":[{"href":"https:\/\/www.europesays.com\/pl\/wp-json\/wp\/v2\/posts\/130343","targetHints":{"allow":["GET"]}}],"collection":[{"href":"https:\/\/www.europesays.com\/pl\/wp-json\/wp\/v2\/posts"}],"about":[{"href":"https:\/\/www.europesays.com\/pl\/wp-json\/wp\/v2\/types\/post"}],"author":[{"embeddable":true,"href":"https:\/\/www.europesays.com\/pl\/wp-json\/wp\/v2\/users\/2"}],"replies":[{"embeddable":true,"href":"https:\/\/www.europesays.com\/pl\/wp-json\/wp\/v2\/comments?post=130343"}],"version-history":[{"count":0,"href":"https:\/\/www.europesays.com\/pl\/wp-json\/wp\/v2\/posts\/130343\/revisions"}],"wp:featuredmedia":[{"embeddable":true,"href":"https:\/\/www.europesays.com\/pl\/wp-json\/wp\/v2\/media\/130344"}],"wp:attachment":[{"href":"https:\/\/www.europesays.com\/pl\/wp-json\/wp\/v2\/media?parent=130343"}],"wp:term":[{"taxonomy":"category","embeddable":true,"href":"https:\/\/www.europesays.com\/pl\/wp-json\/wp\/v2\/categories?post=130343"},{"taxonomy":"post_tag","embeddable":true,"href":"https:\/\/www.europesays.com\/pl\/wp-json\/wp\/v2\/tags?post=130343"}],"curies":[{"name":"wp","href":"https:\/\/api.w.org\/{rel}","templated":true}]}}