{"id":130351,"date":"2025-12-03T09:36:09","date_gmt":"2025-12-03T09:36:09","guid":{"rendered":"https:\/\/www.europesays.com\/pl\/130351\/"},"modified":"2025-12-03T09:36:09","modified_gmt":"2025-12-03T09:36:09","slug":"rosjanie-reaguja-na-slowa-karola-nawrockiego-ostra-krytyka","status":"publish","type":"post","link":"https:\/\/www.europesays.com\/pl\/130351\/","title":{"rendered":"Rosjanie reaguj\u0105 na s\u0142owa Karola Nawrockiego. Ostra krytyka"},"content":{"rendered":"<p class=\"Paragraph_desktopParagraph__U31Gm\">Oburzenie urz\u0119dnik\u00f3w z Kremla wywo\u0142a\u0142y wypowiedzi Karola Nawrockiego, kt\u00f3re wyg\u0142osi\u0142 podczas oficjalnej wizyty w Czechach pod koniec listopada. Spotka\u0142 si\u0119 w Pradze m.in. z prezydentem Czech Petrem Pavlem. <a href=\"https:\/\/www.onet.pl\/informacje\/onetwiadomosci\/karol-nawrocki-o-wojnie-w-ukrainie-moje-stanowisko-nie-zmienia-sie\/z5lg5dm,79cfc278\" id=\"219fb27f-39ed-499e-b695-3c5f9ab8c383\" rel=\"nofollow noopener\" target=\"_blank\">Nawrocki m\u00f3wi\u0142 m.in. o Rosji, twierdz\u0105c, \u017ce &#8222;nie ma w\u0105tpliwo\u015bci, \u017ce to Federacja Rosyjska jest agresorem&#8221;<\/a>. Podkre\u015bla\u0142 te\u017c, nawi\u0105zuj\u0105c do rozm\u00f3w pokojowych z Ukrain\u0105, \u017ce Rosja jest &#8222;zagro\u017ceniem dla ka\u017cdego pokoju, kt\u00f3ry zosta\u0142by podpisany&#8221;, poniewa\u017c to pa\u0144stwo &#8222;nie dotrzymuje um\u00f3w&#8221;.<\/p>\n<p class=\"VideoPlayerText_videoPlayerText__iDwyz\">Dalszy ci\u0105g materia\u0142u pod wideo<\/p>\n<ul class=\"OchatFollowUps_wrapper__1ry7X\">\n<li class=\"OchatFollowUps_item__Dhyly OchatFollowUps_itemDesktop__R6aBv\">Jakie by\u0142y s\u0142owa Karola Nawrockiego na temat Rosji?<\/li>\n<li class=\"OchatFollowUps_item__Dhyly OchatFollowUps_itemDesktop__R6aBv\">Kto skrytykowa\u0142 Nawrockiego?<\/li>\n<li class=\"OchatFollowUps_item__Dhyly OchatFollowUps_itemDesktop__R6aBv\">Co zauwa\u017cy\u0142 Michai\u0142 Szeremet o wypowiedziach prezydenta Nawrockiego?<\/li>\n<li class=\"OchatFollowUps_item__Dhyly OchatFollowUps_itemDesktop__R6aBv\">Czemu Nawrocki odwo\u0142a\u0142 spotkanie z Viktorem Orbanem?<\/li>\n<\/ul>\n<p>Deputowani z Rosji o Nawrockim: wyg\u0142asza skandaliczne o\u015bwiadczenia <\/p>\n<p class=\"Paragraph_desktopParagraph__U31Gm\">Na te s\u0142owa zareagowa\u0142 deputowany Dumy Pa\u0144stwowej z obwodu krymskiego i cz\u0142onek Komitetu Bezpiecze\u0144stwa Michai\u0142 Szeremet. Powiedzia\u0142 Ria Novosti, \u017ce prezydent Polski Karol Nawrocki powinien &#8222;podda\u0107 si\u0119 testowi predyspozycji&#8221;, bo jego o\u015bwiadczenie na temat Rosji jest lekcewa\u017c\u0105ce i &#8222;niedopuszczalne&#8221;.<\/p>\n<p class=\"Paragraph_desktopParagraph__U31Gm\">&#8222;To g\u0142upie i niebezpieczne&#8221; \u2014 powiedzia\u0142 Szeremet. &#8222;Ten cz\u0142owiek celowo wyg\u0142asza skandaliczne o\u015bwiadczenia, aby podburzy\u0107 w\u0142asne spo\u0142ecze\u0144stwo przeciwko Rosji&#8221; \u2014 doda\u0142. Jego zdaniem &#8222;bojowa i agresywna&#8221; retoryka polskich polityk\u00f3w nie przyniesie Polakom niczego dobrego i konstruktywnego.<\/p>\n<p class=\"Paragraph_desktopParagraph__U31Gm\">Wypowiedzi prezydenta Nawrockiego skomentowa\u0142 te\u017c inny deputowany. Dmitrij Bielik, reprezentuj\u0105cy Sewastopol, powiedzia\u0142 rosyjskiej agencji informacyjnej, \u017ce ze strony Karola Nawrockiego to &#8222;prowokacja&#8221; i &#8222;podsycanie antyrosyjskiej histerii&#8221;. &#8222;Polski prezydent szuka wszelkich mo\u017cliwo\u015bci przy\u0142\u0105czenia si\u0119 do grupy negocjacyjnej w sprawie Ukrainy i sk\u0142ada w tym celu wyra\u017anie prowokacyjne o\u015bwiadczenie&#8221; \u2014 stwierdzi\u0142 Bielik, cytowany przez Ria Novosti.<\/p>\n<p class=\"Paragraph_desktopParagraph__U31Gm\">Warto przypomnie\u0107, \u017ce Karol Nawrocki <a href=\"https:\/\/wiadomosci.onet.pl\/kraj\/karol-nawrocki-zmienia-plany-powodem-wizyta-viktora-orbana-w-moskwie\/ewx5cl9\" id=\"beff6a44-525d-4d70-b8e2-7afd58477e50\" rel=\"nofollow noopener\" target=\"_blank\">odwo\u0142a\u0142 te\u017c zaplanowane na \u015brod\u0119 spotkanie z Viktorem Orbanem<\/a>. Powodem zmiany plan\u00f3w polskiego prezydenta mia\u0142a by\u0107 pi\u0105tkowa wizyta premiera W\u0119gier w Moskwie u W\u0142adimira Putina, dotycz\u0105ca m.in. dostaw rosyjskiej ropy naftowej i gazu dla Budapesztu, a tak\u017ce wojny w Ukrainie.<\/p>\n","protected":false},"excerpt":{"rendered":"Oburzenie urz\u0119dnik\u00f3w z Kremla wywo\u0142a\u0142y wypowiedzi Karola Nawrockiego, kt\u00f3re wyg\u0142osi\u0142 podczas oficjalnej wizyty w Czechach pod koniec listopada.&hellip;\n","protected":false},"author":2,"featured_media":130352,"comment_status":"","ping_status":"","sticky":false,"template":"","format":"standard","meta":{"footnotes":""},"categories":[14],"tags":[32,33,771,27,67,240,34,35,28,31,53,25,52,68,51,55,40,41,62,47,80,29,30,65,50,26,82,83,84],"class_list":{"0":"post-130351","1":"post","2":"type-post","3":"status-publish","4":"format-standard","5":"has-post-thumbnail","7":"category-swiat","8":"tag-breaking-news","9":"tag-breakingnews","10":"tag-czechy_czech_czeszka_czesi","11":"tag-headlines","12":"tag-intextvideo_splayer","13":"tag-karol_nawrocki_prezydent","14":"tag-latest-news","15":"tag-latestnews","16":"tag-naglowki","17":"tag-najwazniejsze-artykuly","18":"tag-new_header","19":"tag-news","20":"tag-onet3","21":"tag-onet3d","22":"tag-onet3d_2i","23":"tag-phx","24":"tag-polish","25":"tag-polski","26":"tag-rosja_kraj_rosjanin_rosjanie_rosjanka_rosjanki","27":"tag-screening_general","28":"tag-swiat","29":"tag-top-stories","30":"tag-topstories","31":"tag-update_me","32":"tag-v2021","33":"tag-wiadomosci","34":"tag-world","35":"tag-world-news","36":"tag-worldnews"},"share_on_mastodon":{"url":"https:\/\/pubeurope.com\/@pl\/115654963127251860","error":""},"_links":{"self":[{"href":"https:\/\/www.europesays.com\/pl\/wp-json\/wp\/v2\/posts\/130351","targetHints":{"allow":["GET"]}}],"collection":[{"href":"https:\/\/www.europesays.com\/pl\/wp-json\/wp\/v2\/posts"}],"about":[{"href":"https:\/\/www.europesays.com\/pl\/wp-json\/wp\/v2\/types\/post"}],"author":[{"embeddable":true,"href":"https:\/\/www.europesays.com\/pl\/wp-json\/wp\/v2\/users\/2"}],"replies":[{"embeddable":true,"href":"https:\/\/www.europesays.com\/pl\/wp-json\/wp\/v2\/comments?post=130351"}],"version-history":[{"count":0,"href":"https:\/\/www.europesays.com\/pl\/wp-json\/wp\/v2\/posts\/130351\/revisions"}],"wp:featuredmedia":[{"embeddable":true,"href":"https:\/\/www.europesays.com\/pl\/wp-json\/wp\/v2\/media\/130352"}],"wp:attachment":[{"href":"https:\/\/www.europesays.com\/pl\/wp-json\/wp\/v2\/media?parent=130351"}],"wp:term":[{"taxonomy":"category","embeddable":true,"href":"https:\/\/www.europesays.com\/pl\/wp-json\/wp\/v2\/categories?post=130351"},{"taxonomy":"post_tag","embeddable":true,"href":"https:\/\/www.europesays.com\/pl\/wp-json\/wp\/v2\/tags?post=130351"}],"curies":[{"name":"wp","href":"https:\/\/api.w.org\/{rel}","templated":true}]}}