{"id":130364,"date":"2025-12-03T09:43:10","date_gmt":"2025-12-03T09:43:10","guid":{"rendered":"https:\/\/www.europesays.com\/pl\/130364\/"},"modified":"2025-12-03T09:43:10","modified_gmt":"2025-12-03T09:43:10","slug":"rumunia-zaginal-na-szlaku-do-zamku-drakuli-trwaja-poszukiwania-18-letniego-brytyjczyka","status":"publish","type":"post","link":"https:\/\/www.europesays.com\/pl\/130364\/","title":{"rendered":"Rumunia: Zagin\u0105\u0142 na szlaku do zamku Drakuli. Trwaj\u0105 poszukiwania 18-letniego Brytyjczyka"},"content":{"rendered":"<p>Od kilku dni w rumu\u0144skim Siedmiogrodzie, znanym r\u00f3wnie\u017c jako Transylwania, trwaj\u0105 intensywne poszukiwania 18-letniego George&#8217;a S. z Wielkiej Brytanii, kt\u00f3ry zagin\u0105\u0142 podczas samotnej w\u0119dr\u00f3wki w okolicach s\u0142ynnego zamku w Bran, uchodz\u0105cego za siedzib\u0119 Drakuli. Ostatni kontakt z nastolatkiem mia\u0142 miejsce 23 listopada.<\/p>\n<p>                         &#13;<br \/>\n        &#13;<\/p>\n<p>                                        &#13;<br \/>\n                        &#13;<br \/>\n                            <img decoding=\"async\" src=\"https:\/\/www.europesays.com\/pl\/wp-content\/uploads\/2025\/12\/000M0LGESNYS5DG5-C123-F4.jpg\" title=\"Zagin\u0105\u0142 w drodze do zamku Drakuli. Znaleziono tylko jego plecak\" alt=\"Zamek w Branie \/Shutterstock\" class=\"img-responsive\"\/>&#13;<\/p>\n<p>                            &#13;<\/p>\n<p>      &#13;<br \/>\n                            Zamek w Branie&#13;<br \/>\n                                    \/Shutterstock  &#13;\n                                    <\/p>\n<p>&#13;<\/p>\n<p>Jak pisze niemiecki &#8222;Bild&#8221;, George S., 18-letni student z Wielkiej Brytanii, zagin\u0105\u0142 podczas samotnej wyprawy w rejonie Bran w Transylwanii. To w\u0142a\u015bnie tam znajduje si\u0119 zamek, kt\u00f3ry dzi\u0119ki powie\u015bci Brama Stokera uchodzi za siedzib\u0119 Drakuli (cho\u0107 prawdopodobny pierwowz\u00f3r tej postaci, W\u0142ad Palownik, nigdy w nim nie mieszka\u0142).<\/p>\n<p>M\u0142ody Brytyjczyk nie poinformowa\u0142 rodziny o swoich planach &#8211; jak zaznacza jego matka, cytowana przez brytyjski dziennik &#8222;Metro&#8221;, ch\u0142opak opu\u015bci\u0142 uniwersytet bez uprzedzenia i wyruszy\u0142 na samotn\u0105 w\u0119dr\u00f3wk\u0119.<\/p>\n<p>    &#13;<br \/>\n        &#13;<\/p>\n<p>                                        &#13;<br \/>\n                        &#13;<br \/>\n                            <img decoding=\"async\" src=\"https:\/\/www.europesays.com\/pl\/wp-content\/uploads\/2025\/12\/000M0LAVQO4LMBQT-C123-F4.jpg\" title=\"Zagin\u0105\u0142 w drodze do zamku Drakuli. Znaleziono tylko jego plecak\" alt=\"Poszukiwany George S. z Wielkiej Brytanii \/Salvamont Bra\u0219ov \/Facebook\" class=\"img-responsive\"\/>&#13;<\/p>\n<p>                            &#13;<\/p>\n<p>      &#13;<br \/>\n                            Poszukiwany George S. z Wielkiej Brytanii&#13;<br \/>\n                                    \/Salvamont Bra\u0219ov \/Facebook  &#13;\n                                    <\/p>\n<p>&#13;<\/p>\n<p>Ostatni kontakt z George\u2019em nast\u0105pi\u0142 23 listopada, gdy, b\u0119d\u0105c na wysoko\u015bci ponad 2000 metr\u00f3w, zadzwoni\u0142 pod numer alarmowy 112. Zdo\u0142a\u0142 przekaza\u0107, \u017ce jest wyczerpany i wych\u0142odzony, po czym po\u0142\u0105czenie zosta\u0142o przerwane.<\/p>\n<p>Na miejsce natychmiast wys\u0142ano ekipy ratunkowe. W okolicy, z kt\u00f3rej dzwoni\u0142 nastolatek, odnaleziono jedynie jego plecak.<\/p>\n<p>W akcj\u0119 poszukiwawcz\u0105 zaanga\u017cowano ratownik\u00f3w g\u00f3rskich, psy tropi\u0105ce, a tak\u017ce \u015bmig\u0142owiec i drony z kamerami termowizyjnymi. Warunki s\u0105 jednak bardzo trudne &#8211; miejscami \u015bnieg si\u0119ga ponad dw\u00f3ch metr\u00f3w, a pogoda zmusza ekipy do cz\u0119stych przerw.<\/p>\n<p>Mimo to s\u0142u\u017cby zapewniaj\u0105, \u017ce nie ustaj\u0105 w wysi\u0142kach, by odnale\u017a\u0107 zaginionego.<\/p>\n<p>Bran, licz\u0105ce niespe\u0142na 5 tysi\u0119cy mieszka\u0144c\u00f3w, znane jest przede wszystkim z zamku, kt\u00f3ry sta\u0142 si\u0119 inspiracj\u0105 dla powie\u015bci o Drakuli. Miejsce to przyci\u0105ga turyst\u00f3w z ca\u0142ego \u015bwiata, jednak g\u00f3rskie szlaki wok\u00f3\u0142 zamku bywaj\u0105 niebezpieczne, zw\u0142aszcza zim\u0105.<\/p>\n<p>Poszukiwania George\u2019a S. trwaj\u0105. S\u0142u\u017cby apeluj\u0105 o ostro\u017cno\u015b\u0107 do wszystkich turyst\u00f3w wybieraj\u0105cych si\u0119 w rumu\u0144skie g\u00f3ry, szczeg\u00f3lnie w rejonie Bran.<\/p>\n","protected":false},"excerpt":{"rendered":"Od kilku dni w rumu\u0144skim Siedmiogrodzie, znanym r\u00f3wnie\u017c jako Transylwania, trwaj\u0105 intensywne poszukiwania 18-letniego George&#8217;a S. z Wielkiej&hellip;\n","protected":false},"author":2,"featured_media":130365,"comment_status":"","ping_status":"","sticky":false,"template":"","format":"standard","meta":{"footnotes":""},"categories":[14],"tags":[32,33,27,34,35,28,31,25,40,41,80,29,30,26,82,83,84],"class_list":{"0":"post-130364","1":"post","2":"type-post","3":"status-publish","4":"format-standard","5":"has-post-thumbnail","7":"category-swiat","8":"tag-breaking-news","9":"tag-breakingnews","10":"tag-headlines","11":"tag-latest-news","12":"tag-latestnews","13":"tag-naglowki","14":"tag-najwazniejsze-artykuly","15":"tag-news","16":"tag-polish","17":"tag-polski","18":"tag-swiat","19":"tag-top-stories","20":"tag-topstories","21":"tag-wiadomosci","22":"tag-world","23":"tag-world-news","24":"tag-worldnews"},"share_on_mastodon":{"url":"https:\/\/pubeurope.com\/@pl\/115654990783761131","error":""},"_links":{"self":[{"href":"https:\/\/www.europesays.com\/pl\/wp-json\/wp\/v2\/posts\/130364","targetHints":{"allow":["GET"]}}],"collection":[{"href":"https:\/\/www.europesays.com\/pl\/wp-json\/wp\/v2\/posts"}],"about":[{"href":"https:\/\/www.europesays.com\/pl\/wp-json\/wp\/v2\/types\/post"}],"author":[{"embeddable":true,"href":"https:\/\/www.europesays.com\/pl\/wp-json\/wp\/v2\/users\/2"}],"replies":[{"embeddable":true,"href":"https:\/\/www.europesays.com\/pl\/wp-json\/wp\/v2\/comments?post=130364"}],"version-history":[{"count":0,"href":"https:\/\/www.europesays.com\/pl\/wp-json\/wp\/v2\/posts\/130364\/revisions"}],"wp:featuredmedia":[{"embeddable":true,"href":"https:\/\/www.europesays.com\/pl\/wp-json\/wp\/v2\/media\/130365"}],"wp:attachment":[{"href":"https:\/\/www.europesays.com\/pl\/wp-json\/wp\/v2\/media?parent=130364"}],"wp:term":[{"taxonomy":"category","embeddable":true,"href":"https:\/\/www.europesays.com\/pl\/wp-json\/wp\/v2\/categories?post=130364"},{"taxonomy":"post_tag","embeddable":true,"href":"https:\/\/www.europesays.com\/pl\/wp-json\/wp\/v2\/tags?post=130364"}],"curies":[{"name":"wp","href":"https:\/\/api.w.org\/{rel}","templated":true}]}}