{"id":130380,"date":"2025-12-03T09:54:09","date_gmt":"2025-12-03T09:54:09","guid":{"rendered":"https:\/\/www.europesays.com\/pl\/130380\/"},"modified":"2025-12-03T09:54:09","modified_gmt":"2025-12-03T09:54:09","slug":"dlatego-kaja-i-krystian-ze-slubu-sie-rozstali-to-dzialo-sie-za-kulisami","status":"publish","type":"post","link":"https:\/\/www.europesays.com\/pl\/130380\/","title":{"rendered":"Dlatego Kaja i Krystian ze &#8222;\u015alubu&#8221; si\u0119 rozstali. To dzia\u0142o si\u0119 za kulisami"},"content":{"rendered":"<p class=\"typography ids-typeset-body ids-typeset-body--preset-large link paragraph ids-paragraph ids-paragraph--default\">We wtorek stacja TVN wyemitowa\u0142a fina\u0142owy odcinek <a href=\"https:\/\/www.pomponik.pl\/plotki\/news-niespodziewany-final-slubu-od-pierwszego-wejrzenia-oto-decyz,nId,22463065\" target=\"_self\" rel=\"nofollow noopener\">11. ods\u0142ony &#8222;\u015alubu od pierwszego wejrzenia&#8221;.<\/a> Ten sezon wzbudza\u0142 kontrowersje i mieszane uczucia w\u015br\u00f3d widz\u00f3w ju\u017c od samego pocz\u0105tku. Wielu z nich zarzuca\u0142o jurorom z\u0142y dob\u00f3r par oraz brak ingerencji w rodz\u0105ce si\u0119 mi\u0119dzy nimi konflikty.<\/p>\n<p class=\"typography ids-typeset-body ids-typeset-body--preset-large link paragraph ids-paragraph ids-paragraph--default\">Ostatecznie najbardziej odczuli to Kaja Tokarska i Krystian Plak. Ich ma\u0142\u017ce\u0144stwo okaza\u0142o si\u0119 jedynym, kt\u00f3re nie przetrwa\u0142o tego eksperymentu.<\/p>\n<p>Iwona Pavlovi\u0107 o wygranej Bagiego. Odnosi si\u0119 do zani\u017cania ocenpomponik.pl<\/p>\n<p>Oto prawdziwy pow\u00f3d rozstania Kai i Krystiana. Nie do wiary, co dzia\u0142o si\u0119 za zamkni\u0119tymi drzwiami<\/p>\n<p class=\"typography ids-typeset-body ids-typeset-body--preset-large link paragraph ids-paragraph ids-paragraph--default\">Tu\u017c po finale Kaja Tokarska udzieli\u0142a wywiadu portalowi tvn.pl. W szczerej rozmowie kobieta przyzna\u0142a, \u017ce zg\u0142osi\u0142a si\u0119 do eksperymentu z du\u017cymi nadziejami.<\/p>\n<p class=\"typography ids-typeset-body ids-typeset-body--preset-large link paragraph ids-paragraph ids-paragraph--default\">&#8222;Ja przysz\u0142am do tego programu z tak\u0105 my\u015bl\u0105, \u017ce naprawd\u0119 znajd\u0119 super m\u0119\u017ca, ale no wiadomo, to jest takie troch\u0119 ryzyko tak naprawd\u0119, albo si\u0119 sprawdzi, albo si\u0119 nie sprawdzi. Niestety w moim przypadku si\u0119 tutaj, jak wszyscy wiedz\u0105, nie sprawdzi\u0142o. Nie uwa\u017cam jednak te\u017c, \u017ce \u017ca\u0142uj\u0119, bo to te\u017c jest fajne do\u015bwiadczenie bardzo, udzia\u0142 w takim programie&#8221; &#8211; wyzna\u0142a.<\/p>\n<p class=\"typography ids-typeset-body ids-typeset-body--preset-large link paragraph ids-paragraph ids-paragraph--default\">Uczestniczka \u015aOPW powiedzia\u0142a tak\u017ce, \u017ce pierwsze chwil\u0119 sp\u0119dzone z Krystianem odebra\u0142a bardzo optymistycznie.<\/p>\n<blockquote role=\"blockquote\" class=\"quote ids-quote ids-quote--nosurface--short--medium\"><p>My\u015bl\u0119, \u017ce te\u017c zupe\u0142nie inaczej sobie wyobra\u017ca\u0142am, jak pozna\u0142am ju\u017c Krystiana na \u015blubie, \u017ce inaczej jednak si\u0119 potocz\u0105 nasze losy, bo na pocz\u0105tku zapowiada\u0142o si\u0119, \u017ce b\u0119dzie naprawd\u0119 fajnie<\/p><\/blockquote>\n<p class=\"typography ids-typeset-body ids-typeset-body--preset-large link paragraph ids-paragraph ids-paragraph--default\">Co zatem zawiod\u0142o? Tokarska ju\u017c tego nie ukrywa.<\/p>\n<p class=\"typography ids-typeset-body ids-typeset-body--preset-large link paragraph ids-paragraph ids-paragraph--default\">&#8222;My\u015bl\u0119, \u017ce ka\u017cdy z nas mia\u0142 inne oczekiwania wobec siebie i gdzie\u015b na pocz\u0105tku byli\u015bmy w takiej, jak to powiedzie\u0107, mrz\u0105ce troch\u0119 poznania si\u0119, w pocz\u0105tku programu, w tych emocjach takich bardzo wysokich&#8221;<\/p>\n<p class=\"typography ids-typeset-body ids-typeset-body--preset-large link paragraph ids-paragraph ids-paragraph--default\">Tak naprawd\u0119 to codzienno\u015b\u0107 zweryfikowa\u0142a ich zwi\u0105zek.<\/p>\n<p class=\"typography ids-typeset-body ids-typeset-body--preset-large link paragraph ids-paragraph ids-paragraph--default\">&#8222;A potem gdzie\u015b jakby jak ju\u017c te emocje troch\u0119 opad\u0142y i trzeba by\u0142o wej\u015b\u0107 do normalnego po prostu \u017cycia, no to okaza\u0142o si\u0119, \u017ce zupe\u0142nie inaczej funkcjonujemy, zupe\u0142nie mamy inne potrzeby&#8221; &#8211; doda\u0142a Kaja.<\/p>\n<p class=\"typography ids-typeset-body ids-typeset-body--preset-large link paragraph ids-paragraph ids-paragraph--default\">Wszystko zacz\u0119\u0142o si\u0119 sypa\u0107 podczas pierwszej wizyty w domu Krystiana. To dzia\u0142o si\u0119 za kulisami.\u00a0<\/p>\n<p class=\"typography ids-typeset-body ids-typeset-body--preset-large link paragraph ids-paragraph ids-paragraph--default\">&#8222;Mia\u0142am wra\u017cenie, \u017ce to si\u0119 tak zacz\u0119\u0142o rozpada\u0107, jak pierwszy raz w og\u00f3le ja by\u0142am u Krystiana na ca\u0142y tydzie\u0144 i by\u0142o wiele takich ma\u0142ych rzeczy, kt\u00f3re ka\u017cdemu z nas przeszkadza\u0142y&#8221; &#8211; podsumowa\u0142a bohaterka &#8222;\u015alubu&#8221;.<\/p>\n<ul class=\"typography ids-typeset-body ids-typeset-body--preset-small list--article-list ids-list ids-list--unordered ids-list--size-small \" datatype=\"disc\">\n<li class=\"ids-list-item ids-list-item__content brief-list-item\"><a class=\"ids-undecorated-link link ids-link \" data-spons=\"false\" href=\"https:\/\/www.pomponik.pl\/gwiazdy-telewizji\/news-ekspertka-sopw-nie-wytrzymala-tuz-przed-finalem-program-rzad,nId,22462717\" rel=\"nofollow noopener\" target=\"_blank\">Ekspertka &#8222;\u015aOPW&#8221; nie wytrzyma\u0142a tu\u017c przed fina\u0142em. &#8222;Program rz\u0105dzi si\u0119 swoimi prawami&#8221;<\/a><\/li>\n<li class=\"ids-list-item ids-list-item__content brief-list-item\"><a class=\"ids-undecorated-link link ids-link \" data-spons=\"false\" href=\"https:\/\/www.pomponik.pl\/skandale\/news-maciej-ze-slubu-nie-wytrzymal-tuz-przed-finalem-wydal-mocne,nId,22462511\" rel=\"nofollow noopener\" target=\"_blank\">Maciej ze &#8222;\u015alubu&#8221; nie wytrzyma\u0142. Tu\u017c przed fina\u0142em wyda\u0142 mocne o\u015bwiadczenie. Odpowiedzia\u0142a mu ekspertka<\/a><\/li>\n<\/ul>\n<p>Czytaj tak\u017ce:<a id=\"a-img\" class=\"hl-6\"><img class=\"hl-8\"\/><\/a><a id=\"a-main\" class=\"hl-9\"\/>Halo! Wejd\u017a na <a id=\"halo-text-a\" href=\"https:\/\/halotu.polsat.pl#parametr=link_halo\" rel=\"nofollow noopener\" target=\"_blank\">halotu.polsat.pl<\/a> i nie przegap naj\u015bwie\u017cszych informacji z poranka w Polsacie.<\/p>\n","protected":false},"excerpt":{"rendered":"We wtorek stacja TVN wyemitowa\u0142a fina\u0142owy odcinek 11. ods\u0142ony &#8222;\u015alubu od pierwszego wejrzenia&#8221;. Ten sezon wzbudza\u0142 kontrowersje i&hellip;\n","protected":false},"author":2,"featured_media":73937,"comment_status":"","ping_status":"","sticky":false,"template":"","format":"standard","meta":{"footnotes":""},"categories":[22],"tags":[122,42,38,40,39,41,123],"class_list":{"0":"post-130380","1":"post","2":"type-post","3":"status-publish","4":"format-standard","5":"has-post-thumbnail","7":"category-rozrywka","8":"tag-entertainment","9":"tag-pl","10":"tag-poland","11":"tag-polish","12":"tag-polska","13":"tag-polski","14":"tag-rozrywka"},"share_on_mastodon":{"url":"https:\/\/pubeurope.com\/@pl\/115655033768816792","error":""},"_links":{"self":[{"href":"https:\/\/www.europesays.com\/pl\/wp-json\/wp\/v2\/posts\/130380","targetHints":{"allow":["GET"]}}],"collection":[{"href":"https:\/\/www.europesays.com\/pl\/wp-json\/wp\/v2\/posts"}],"about":[{"href":"https:\/\/www.europesays.com\/pl\/wp-json\/wp\/v2\/types\/post"}],"author":[{"embeddable":true,"href":"https:\/\/www.europesays.com\/pl\/wp-json\/wp\/v2\/users\/2"}],"replies":[{"embeddable":true,"href":"https:\/\/www.europesays.com\/pl\/wp-json\/wp\/v2\/comments?post=130380"}],"version-history":[{"count":0,"href":"https:\/\/www.europesays.com\/pl\/wp-json\/wp\/v2\/posts\/130380\/revisions"}],"wp:featuredmedia":[{"embeddable":true,"href":"https:\/\/www.europesays.com\/pl\/wp-json\/wp\/v2\/media\/73937"}],"wp:attachment":[{"href":"https:\/\/www.europesays.com\/pl\/wp-json\/wp\/v2\/media?parent=130380"}],"wp:term":[{"taxonomy":"category","embeddable":true,"href":"https:\/\/www.europesays.com\/pl\/wp-json\/wp\/v2\/categories?post=130380"},{"taxonomy":"post_tag","embeddable":true,"href":"https:\/\/www.europesays.com\/pl\/wp-json\/wp\/v2\/tags?post=130380"}],"curies":[{"name":"wp","href":"https:\/\/api.w.org\/{rel}","templated":true}]}}