{"id":130383,"date":"2025-12-03T09:56:15","date_gmt":"2025-12-03T09:56:15","guid":{"rendered":"https:\/\/www.europesays.com\/pl\/130383\/"},"modified":"2025-12-03T09:56:15","modified_gmt":"2025-12-03T09:56:15","slug":"od-jutra-w-dino-44-gratis-zapasy-bez-limitow-rmf-fm","status":"publish","type":"post","link":"https:\/\/www.europesays.com\/pl\/130383\/","title":{"rendered":"Od jutra w Dino \u201e4+4 gratis\u201d. Zapasy bez limit\u00f3w :: RMF FM"},"content":{"rendered":"<p>3 grudnia Dino startuje z nowymi okazjami. Przed nadchodz\u0105cymi \u015bwi\u0119tami sie\u0107 stawia na du\u017ce promocje z gratisami. To dobra okazja, by uzupe\u0142ni\u0107 zapasy za p\u00f3\u0142 ceny dzi\u0119ki  \u201e3+3 gratis\u201d czy \u201e4+4 gratis\u201d. Nie b\u0119dzie limit\u00f3w, mo\u017cna wi\u0119c korzysta\u0107 do woli.<\/p>\n<p><img decoding=\"async\" alt=\"\" src=\"https:\/\/www.europesays.com\/pl\/wp-content\/uploads\/2025\/12\/20af45737d04fa79bc6c5b1976ea498c.jpg\" class=\"w-100\"\/><\/p>\n<p>Od \u015brody w Dino, fot. Shutterstock<\/p>\n<p>&#13;<br \/>\n\t<a href=\"https:\/\/www.rmf.fm\/magazyn\/tag,Dino.html\" rel=\"nofollow noopener\" target=\"_blank\">Dino<\/a> \u2013 od \u015brody 3 grudnia<\/p>\n<p>&#13;<br \/>\n\tDino przekaza\u0142o wyczekiwane przez klient\u00f3w wie\u015bci, uchylaj\u0105c r\u0105bka tajemnicy w temacie promocji, jakie szykuje od \u015brody 3 grudnia. O poranku na zakupowicz\u00f3w b\u0119d\u0105 czeka\u0107 liczne nowe okazje. Warto zwr\u00f3ci\u0107 uwag\u0119 m.in. na przecen\u0119, jak\u0105 sie\u0107 obejmie lubian\u0105 kaw\u0119 mielon\u0105 Prima Finezja, pakowan\u0105 po 750 g. Po wprowadzeniu obni\u017ckib\u0119dzie po 34,99 z\u0142, podczas gdy cena regularna to 47,99 z\u0142.<\/p>\n<p>&#13;<br \/>\n\tSporymi rabatami obj\u0119te zostan\u0105 tak\u017ce p\u0142yny do mycia toalet Domestos czy baterie alkaliczne Energizer Primary. Pierwsze przydadz\u0105 si\u0119 w czasie przed\u015bwi\u0105tecznych porz\u0105dk\u00f3w, drugie \u2013 chocia\u017cby do rozmaitych \u015bwi\u0105tecznych ozd\u00f3b. Obni\u017cki wynios\u0105 odpowiednio z 14,99 z\u0142 do 9,99 z\u0142 oraz z 15,99 z\u0142 do 10,99 z\u0142 za opakowanie. W obu przypadkach to 5 z\u0142 oszcz\u0119dno\u015bci na jednym produkcie.\u00a0<\/p>\n<p>&#13;<br \/>\n\tW najnowszej ofercie Dino nie zabraknie r\u00f3wnie\u017c akcji z gratisami, z kt\u00f3rych wielu klient\u00f3w ch\u0119tnie korzysta. W sklepach zn\u00f3w pojawi si\u0119 \u201e1+1 gratis\u201d na aromatyzowane czarne herbaty Lipton, b\u0119d\u0105 te\u017c premierowe promocje na \u015bwi\u0105teczne s\u0142odycze. To dobra okazja, by zrobi\u0107 zapasy za p\u00f3\u0142 ceny.<\/p>\n<p>&#13;<br \/>\n\tA\u017c do wtorku 9 grudnia w Dino ma obowi\u0105zywa\u0107 m.in. du\u017ca <a href=\"https:\/\/www.rmf.fm\/magazyn\/tag,promocja.html\" rel=\"nofollow noopener\" target=\"_blank\">promocja<\/a> \u201e4+4 gratis\u201d na lubiane figurki Goplana o smaku karmelowym. Podobny zestaw b\u0119dzie mo\u017cna stworzy\u0107 z miko\u0142ajkowych figurek z chrupi\u0105cym nadzieniem marki Grze\u015bki. One maj\u0105 by\u0107 \u201e3+3 gratis\u201d. Ponadto pojawi si\u0119 m.in. specjalna akcja na figurki Milka. Druga, ta\u0144sza wyjdzie 50% taniej.<\/p>\n<p>&#13;<br \/>\n\t\u015aroda, b\u0119d\u0105ca pierwszym dniem nowych okazji, ma by\u0107 jednocze\u015bnie ostatnim dniem, by w konkurencyjnej Biedronce skorzysta\u0107 z wielkiej wyprzeda\u017cy, kt\u00f3r\u0105 obj\u0119te s\u0105\u00a0artyku\u0142y przemys\u0142owe, tekstylia, zabawki i ksi\u0105\u017cki. Szczeg\u00f3\u0142y poni\u017cej:<\/p>\n<p><a href=\"https:\/\/www.rmf.fm\/magazyn\/news,85942,tylko-do-srody-w-biedronce-limit-dzienny-27-sztuk.html\" rel=\"nofollow noopener\" target=\"_blank\"><img decoding=\"async\" src=\"https:\/\/www.europesays.com\/pl\/wp-content\/uploads\/2025\/12\/3ed08c60e123205e5577116bfd055dfb.jpg\" width=\"290\"\/><\/a><a href=\"https:\/\/www.rmf.fm\/magazyn\/news,85942,tylko-do-srody-w-biedronce-limit-dzienny-27-sztuk.html\" rel=\"nofollow noopener\" target=\"_blank\">Tylko do \u015brody w Biedronce. Limit dzienny: 27 sztuk<\/a><\/p>\n<p>Min\u0119\u0142y Black Week i Black Friday, a Biedronka znienacka zorganizowa\u0142a tak\u0105 akcj\u0119. Sie\u0107 wyprzedaje cz\u0119\u015b\u0107 asortymentu, pozwalaj\u0105c klientom kupi\u0107 na promocji do 27 produkt\u00f3w dziennie. To nawet 9 gratis\u00f3w. Czas na skorzystanie jest do&#8230;<\/p>\n<p><\/p>\n","protected":false},"excerpt":{"rendered":"3 grudnia Dino startuje z nowymi okazjami. Przed nadchodz\u0105cymi \u015bwi\u0119tami sie\u0107 stawia na du\u017ce promocje z gratisami. To&hellip;\n","protected":false},"author":2,"featured_media":130384,"comment_status":"","ping_status":"","sticky":false,"template":"","format":"standard","meta":{"footnotes":""},"categories":[16],"tags":[113,112,857,27269,15895,859,860,42,38,40,39,41,863,862],"class_list":{"0":"post-130383","1":"post","2":"type-post","3":"status-publish","4":"format-standard","5":"has-post-thumbnail","7":"category-biznes","8":"tag-biznes","9":"tag-business","10":"tag-dino","11":"tag-dino-3-grudnia","12":"tag-dino-od-jutra","13":"tag-dino-promocja","14":"tag-dino-promocje","15":"tag-pl","16":"tag-poland","17":"tag-polish","18":"tag-polska","19":"tag-polski","20":"tag-promocja","21":"tag-promocje"},"share_on_mastodon":{"url":"https:\/\/pubeurope.com\/@pl\/115655041837967368","error":""},"_links":{"self":[{"href":"https:\/\/www.europesays.com\/pl\/wp-json\/wp\/v2\/posts\/130383","targetHints":{"allow":["GET"]}}],"collection":[{"href":"https:\/\/www.europesays.com\/pl\/wp-json\/wp\/v2\/posts"}],"about":[{"href":"https:\/\/www.europesays.com\/pl\/wp-json\/wp\/v2\/types\/post"}],"author":[{"embeddable":true,"href":"https:\/\/www.europesays.com\/pl\/wp-json\/wp\/v2\/users\/2"}],"replies":[{"embeddable":true,"href":"https:\/\/www.europesays.com\/pl\/wp-json\/wp\/v2\/comments?post=130383"}],"version-history":[{"count":0,"href":"https:\/\/www.europesays.com\/pl\/wp-json\/wp\/v2\/posts\/130383\/revisions"}],"wp:featuredmedia":[{"embeddable":true,"href":"https:\/\/www.europesays.com\/pl\/wp-json\/wp\/v2\/media\/130384"}],"wp:attachment":[{"href":"https:\/\/www.europesays.com\/pl\/wp-json\/wp\/v2\/media?parent=130383"}],"wp:term":[{"taxonomy":"category","embeddable":true,"href":"https:\/\/www.europesays.com\/pl\/wp-json\/wp\/v2\/categories?post=130383"},{"taxonomy":"post_tag","embeddable":true,"href":"https:\/\/www.europesays.com\/pl\/wp-json\/wp\/v2\/tags?post=130383"}],"curies":[{"name":"wp","href":"https:\/\/api.w.org\/{rel}","templated":true}]}}