{"id":130432,"date":"2025-12-03T10:23:11","date_gmt":"2025-12-03T10:23:11","guid":{"rendered":"https:\/\/www.europesays.com\/pl\/130432\/"},"modified":"2025-12-03T10:23:11","modified_gmt":"2025-12-03T10:23:11","slug":"realme-14-pro-z-6000-mah-esim-ip69-teraz-za-839-zl-okazja","status":"publish","type":"post","link":"https:\/\/www.europesays.com\/pl\/130432\/","title":{"rendered":"realme 14 Pro z 6000 mAh, eSIM, IP69 teraz za 839 z\u0142: okazja"},"content":{"rendered":"<p class=\"lead\">Jedyne 839 z\u0142otych za smartfon z bateri\u0105 6000 mAh, dobrym aparatem z OIS i certyfikatem IP68\/IP69? To nie jest \u017cart, to jest polska promocja realme 14 Pro. Gdzie kupi\u0107 tego fotograficznego \u015bredniaczka w tak korzystnej cenie?<\/p>\n<p>Na pocz\u0105tku my\u015bla\u0142em, \u017ce \u015bni\u0119, ale ju\u017c wiem, \u017ce tak nie jest. realme 14 Pro doczeka\u0142 si\u0119 wybitnej wr\u0119cz promocji w polskim sklepie. Szczerze pisz\u0105c, naprawd\u0119 ci\u0119\u017cko przebi\u0107 t\u0119 specyfikacj\u0119 w tak niskiej cenie. Nowa obni\u017cka sprawi\u0142a, \u017ce to jeden z <a href=\"https:\/\/www.gsmmaniak.pl\/1543679\/jaki-telefon-kupic-oplacalne-smartfony-w-najlepszych-cenach-2025\/\" rel=\"nofollow noopener\" target=\"_blank\">najbardziej op\u0142acalnych telefon\u00f3w<\/a> dost\u0119py do kupienia w Polsce.<\/p>\n<p>realme 14 Pro za 839 z\u0142otych to promocja, kt\u00f3ra powala na kolana<\/p>\n<p>Propozycj\u0119 przygotowa\u0142 oficjalny sklep Allegro na platformie sprzeda\u017cowej o tej samej nazwie. Chyba nie trzeba nikogo przekonywa\u0107 o rzetelno\u015bci sprzedawcy, prawda? Obecnie realme 14 Pro w wersji 8 \/256 GB kosztuje jedynie <a href=\"https:\/\/clk.tradedoubler.com\/click?p=288386&amp;a=1519650&amp;epi=link&amp;url=https%3A%2F%2Fallegro.pl%2Foferta%2Fsmartfon-realme-14-pro-5g-8-gb-256-gb-pearl-white-17243959857\" rel=\"nofollow noopener\" target=\"_blank\">839 z\u0142otych<\/a>, co uwa\u017cam za super cen\u0119.<\/p>\n<p>A jak promocyjna kwota prezentuje si\u0119 na tle pozosta\u0142ych z naszego kraju?<\/p>\n<p><a href=\"https:\/\/www.ceneo.pl\/180655692;0280-0.htm#pid=525\" rel=\"nofollow noopener\" target=\"_blank\"><img loading=\"lazy\" decoding=\"async\" aria-describedby=\"caption-attachment-1618259\" class=\"wp-image-1618259 size-medium\" src=\"https:\/\/www.europesays.com\/pl\/wp-content\/uploads\/2025\/12\/3-medium.jpg\" alt=\"realme 14 Pro\" width=\"500\" height=\"189\"   itemprop=\"image\" \/><\/a><\/p>\n<p id=\"caption-attachment-1618259\" class=\"wp-caption-text\">realme 14 Pro w wersji 8\/256 GB wed\u0142ug Ceneo<\/p>\n<p>Grzech nie kupi\u0107 tego \u015bredniaka do zdj\u0119\u0107 w takiej cenie<\/p>\n<p>Zacznijmy od procesora realme 14 Pro. Telefon pracuje na MediaTek Dimensity 7300 Energy, kt\u00f3rego wydajno\u015b\u0107 prowadz\u0105 cztery rdzenie z taktowaniem 2.5 GHz i cztery rdzenie z cz\u0119stotliwo\u015bci\u0105 do 2.0 GHz. Solidna jednostka, solidna moc i wysoka kultura pracy. Tak w skr\u00f3cie mo\u017cna skwitowa\u0107 SoC z Tajwanu.<\/p>\n<p><a href=\"https:\/\/www.gsmmaniak.pl\/wp-content\/uploads\/gsmmaniak\/2025\/09\/realme-14-pro.jpg\" rel=\"nofollow noopener\" target=\"_blank\"><img loading=\"lazy\" decoding=\"async\" aria-describedby=\"caption-attachment-1598179\" class=\"size-medium wp-image-1598179\" src=\"https:\/\/www.europesays.com\/pl\/wp-content\/uploads\/2025\/12\/realme-14-pro-medium.jpg\" alt=\"realme 14 Pro 5G\" width=\"500\" height=\"252\"   \/><\/a><\/p>\n<p id=\"caption-attachment-1598179\" class=\"wp-caption-text\">realme 14 Pro 5G \/ fot. producenta<\/p>\n<p>Kolejna wa\u017cna kwestia dotyczy optyki. Zaplecze fotograficzne prowadzi aparat g\u0142\u00f3wny Sony IMX882 z matryc\u0105 50 MP i OIS. Wspiera go pomocniczy obiektyw z matryc\u0105 2 MP, to te\u017c skupi\u0142bym si\u0119 tylko na pierwszym sensorze. Z kolei kamerka selfie oferuje 16 MP i jest ca\u0142kiem zno\u015bna.<\/p>\n<p>Na koniec jeszcze trzy wa\u017cne kwestie. Prz\u00f3d doposa\u017ca 6,77-calowy OLED z rozdzielczo\u015bci\u0105 2392 \u00d7 1080 pikseli i od\u015bwie\u017caniem 120 Hz. Obudowa mo\u017ce pochwali\u0107 si\u0119 certyfikatem IP68, IP69 i wojskowym standardem MIL-STD-810H. Ca\u0142o\u015b\u0107 pracuje na pojemno\u015bci 6000 mAh z \u0142adowaniem 45 W i nie zabrak\u0142o r\u00f3wnie\u017c funkcji eSIM.<\/p>\n<blockquote class=\"wp-embedded-content\" data-secret=\"eeCmkGVGnT\">\n<p><a href=\"https:\/\/www.gsmmaniak.pl\/1543679\/jaki-telefon-kupic-oplacalne-smartfony-w-najlepszych-cenach-2025\/\" rel=\"nofollow noopener\" target=\"_blank\">Elitarne grono najbardziej op\u0142acalnych telefon\u00f3w w Polsce. S\u0105 warte ka\u017cdej z\u0142ot\u00f3wki<\/a><\/p>\n<\/blockquote>\n<p>Nie przegap kolejnej promocji<\/p>\n<p><a href=\"https:\/\/www.facebook.com\/Lowcy.Promocji\" target=\"_blank\" rel=\"nofollow noopener\"><img decoding=\"async\" class=\"aligncenter size-medium wp-image-592466\" src=\"https:\/\/www.europesays.com\/pl\/wp-content\/uploads\/2025\/10\/pasek-fb-lowcy-promocji.png\" alt=\"\u0141owcy Promocji techManiaK.PL\" \/><\/a><\/p>\n<p>Je\u017celi szukasz przecen i promocji i nie chcesz przegapi\u0107 dobrych okazji, zach\u0119cam do \u015bledzenia naszego maniaKalnego profilu <a href=\"https:\/\/www.facebook.com\/Lowcy.Promocji\" target=\"_self\" rel=\"nofollow noopener\">\u0141owcy Promocji na facebooku<\/a>. Codziennie sprawdzamy co ciekawego mo\u017cna znale\u017a\u0107 w Sieci.<\/p>\n","protected":false},"excerpt":{"rendered":"Jedyne 839 z\u0142otych za smartfon z bateri\u0105 6000 mAh, dobrym aparatem z OIS i certyfikatem IP68\/IP69? To nie&hellip;\n","protected":false},"author":2,"featured_media":130433,"comment_status":"","ping_status":"","sticky":false,"template":"","format":"standard","meta":{"footnotes":""},"categories":[20],"tags":[27272,120,118,119,42,38,40,39,41,6715,27271,6716,12830,12828,12825,12826,116,114,115,27274,121,117,27273],"class_list":{"0":"post-130432","1":"post","2":"type-post","3":"status-publish","4":"format-standard","5":"has-post-thumbnail","7":"category-nauka-i-technika","8":"tag-dobry-telefon-do-1000-zlotych","9":"tag-nauka","10":"tag-nauka-i-technika","11":"tag-naukatechnika","12":"tag-pl","13":"tag-poland","14":"tag-polish","15":"tag-polska","16":"tag-polski","17":"tag-realme-14-pro","18":"tag-realme-14-pro-cena","19":"tag-realme-14-pro-promocja","20":"tag-realme-14-pro-czy-warto","21":"tag-realme-14-pro-najtaniej","22":"tag-realme-14-pro-okazja","23":"tag-realme-14-pro-specyfikacja","24":"tag-science","25":"tag-science-and-technology","26":"tag-sciencetechnology","27":"tag-tani-telefon-do-zdjec","28":"tag-technika","29":"tag-technology","30":"tag-telefon-na-prezent"},"share_on_mastodon":{"url":"https:\/\/pubeurope.com\/@pl\/115655148256250642","error":""},"_links":{"self":[{"href":"https:\/\/www.europesays.com\/pl\/wp-json\/wp\/v2\/posts\/130432","targetHints":{"allow":["GET"]}}],"collection":[{"href":"https:\/\/www.europesays.com\/pl\/wp-json\/wp\/v2\/posts"}],"about":[{"href":"https:\/\/www.europesays.com\/pl\/wp-json\/wp\/v2\/types\/post"}],"author":[{"embeddable":true,"href":"https:\/\/www.europesays.com\/pl\/wp-json\/wp\/v2\/users\/2"}],"replies":[{"embeddable":true,"href":"https:\/\/www.europesays.com\/pl\/wp-json\/wp\/v2\/comments?post=130432"}],"version-history":[{"count":0,"href":"https:\/\/www.europesays.com\/pl\/wp-json\/wp\/v2\/posts\/130432\/revisions"}],"wp:featuredmedia":[{"embeddable":true,"href":"https:\/\/www.europesays.com\/pl\/wp-json\/wp\/v2\/media\/130433"}],"wp:attachment":[{"href":"https:\/\/www.europesays.com\/pl\/wp-json\/wp\/v2\/media?parent=130432"}],"wp:term":[{"taxonomy":"category","embeddable":true,"href":"https:\/\/www.europesays.com\/pl\/wp-json\/wp\/v2\/categories?post=130432"},{"taxonomy":"post_tag","embeddable":true,"href":"https:\/\/www.europesays.com\/pl\/wp-json\/wp\/v2\/tags?post=130432"}],"curies":[{"name":"wp","href":"https:\/\/api.w.org\/{rel}","templated":true}]}}