{"id":130490,"date":"2025-12-03T10:57:08","date_gmt":"2025-12-03T10:57:08","guid":{"rendered":"https:\/\/www.europesays.com\/pl\/130490\/"},"modified":"2025-12-03T10:57:08","modified_gmt":"2025-12-03T10:57:08","slug":"poleciala-do-tajlandii-pokazala-sie-w-wiazanym-bikini","status":"publish","type":"post","link":"https:\/\/www.europesays.com\/pl\/130490\/","title":{"rendered":"Polecia\u0142a do Tajlandii. Pokaza\u0142a si\u0119 w wi\u0105zanym bikini"},"content":{"rendered":"<p>Nie narzeka na brak zawodowych wyzwa\u0144. Jeszcze dwa lata temu prowadzi\u0142a &#8222;Ko\u0142o Fortuny&#8221; i\u00a0&#8222;Pytanie na \u015aniadanie&#8221;, a\u00a0dzi\u015b pojawia si\u0119 w\u00a0wielu produkcjach stacji TVN. Po tygodniach intensywnej pracy na planach telewizyjnych <a href=\"https:\/\/kobieta.wp.pl\/izabella-krzan-temat-6058567292748417\" rel=\"noopener noreferrer nofollow\" target=\"_blank\">Izabella Krzan<\/a> postanowi\u0142a wreszcie zwolni\u0107 tempo i\u00a0znale\u017a\u0107 chwil\u0119 wytchnienia od codziennego zgie\u0142ku. <\/p>\n<p>Za cel zimowego wypadu obra\u0142a Tajlandi\u0119. W\u00a0podr\u00f3\u017cy towarzyszy jej mama, z\u00a0kt\u00f3r\u0105 tworzy zgrany duet. Razem odkrywaj\u0105 tajskie pla\u017ce, k\u0105pi\u0105 si\u0119 w\u00a0lazurowej wodzie i\u00a0korzystaj\u0105 z\u00a0promieni s\u0142o\u0144ca.<\/p>\n<p>Krzan o\u00a0pracy w\u00a0&#8222;DDTVN&#8221;, przeprowadzce i\u00a0ukochanym, kt\u00f3rego na co dzie\u0144 nie pokazuje w\u00a0sieci<\/p>\n<p>Na Instagramie Izabella Krzan ch\u0119tnie dzieli si\u0119 wakacyjnymi &#8222;poczt\u00f3wkami&#8221;, a\u00a0jej profil \u015bledzi ju\u017c ponad 330 tys. os\u00f3b. Pojawiaj\u0105 si\u0119 tam zdj\u0119cia z\u00a0basenu, kr\u00f3tkie filmiki z\u00a0leniwych porank\u00f3w oraz kadry z\u00a0egzotycznych pla\u017c. Wyra\u017anie wida\u0107, \u017ce podr\u00f3\u017c pozwala prezenterce oderwa\u0107 si\u0119 od codziennego tempa \u017cycia i\u00a0na\u0142adowa\u0107 baterie przed powrotem do pracy.<\/p>\n<p>Na wakacje prezenterka zabra\u0142a ze sob\u0105 kilka komplet\u00f3w stroj\u00f3w k\u0105pielowych, jednak szczeg\u00f3lnie wyr\u00f3\u017cnia\u0142o si\u0119 czerwone bikini ozdobione \u017c\u00f3\u0142tymi aplikacjami. Fason z\u00a0wi\u0105zaniem na szyi, tr\u00f3jk\u0105tnymi miseczkami i\u00a0do\u0142em ze sznureczkami na biodrach jest ch\u0119tnie wybierany przez gwiazdy. <\/p>\n<p>W wydaniu Izabelli Krzan prezentuje si\u0119 wyj\u0105tkowo efektownie. Kostium subtelnie modeluje sylwetk\u0119 prezenterki, a\u00a0intensywne kolory podkre\u015blaj\u0105 jej naturaln\u0105 urod\u0119.<\/p>\n<p>Dobrej jako\u015bci, klasyczne bikini sprawdzi si\u0119 przez wiele sezon\u00f3w. Ponadczasowy fason nigdy nie wychodzi z\u00a0mody i\u00a0zawsze prezentuje si\u0119 stylowo. Taki kostium mo\u017cna \u0142atwo zestawia\u0107 z\u00a0r\u00f3\u017cnymi dodatkami, a\u00a0prosty, sprawdzony kr\u00f3j gwarantuje wygod\u0119 i\u00a0swobod\u0119 ruch\u00f3w. To inwestycja, kt\u00f3ra si\u0119 op\u0142aca, bo klasyka w\u00a0modzie pla\u017cowej zawsze pozostaje niezawodnym wyborem.<\/p>\n<p>Zapraszamy na grup\u0119 na Facebooku &#8211;\u00a0<a href=\"https:\/\/www.facebook.com\/groups\/540919303734252\" rel=\"noopener noreferrer nofollow\" target=\"_blank\">#Samodba\u0142o\u015b\u0107<\/a>. To tu b\u0119dziemy informowa\u0107 na bie\u017c\u0105co o\u00a0wywiadach, nowych historiach. Do\u0142\u0105czcie do nas i\u00a0zapro\u015bcie wszystkie znajome. Czekamy na was!<\/p>\n","protected":false},"excerpt":{"rendered":"Nie narzeka na brak zawodowych wyzwa\u0144. Jeszcze dwa lata temu prowadzi\u0142a &#8222;Ko\u0142o Fortuny&#8221; i\u00a0&#8222;Pytanie na \u015aniadanie&#8221;, a\u00a0dzi\u015b pojawia&hellip;\n","protected":false},"author":2,"featured_media":130491,"comment_status":"","ping_status":"","sticky":false,"template":"","format":"standard","meta":{"footnotes":""},"categories":[22],"tags":[122,42,38,40,39,41,123],"class_list":{"0":"post-130490","1":"post","2":"type-post","3":"status-publish","4":"format-standard","5":"has-post-thumbnail","7":"category-rozrywka","8":"tag-entertainment","9":"tag-pl","10":"tag-poland","11":"tag-polish","12":"tag-polska","13":"tag-polski","14":"tag-rozrywka"},"share_on_mastodon":{"url":"https:\/\/pubeurope.com\/@pl\/115655281680568625","error":""},"_links":{"self":[{"href":"https:\/\/www.europesays.com\/pl\/wp-json\/wp\/v2\/posts\/130490","targetHints":{"allow":["GET"]}}],"collection":[{"href":"https:\/\/www.europesays.com\/pl\/wp-json\/wp\/v2\/posts"}],"about":[{"href":"https:\/\/www.europesays.com\/pl\/wp-json\/wp\/v2\/types\/post"}],"author":[{"embeddable":true,"href":"https:\/\/www.europesays.com\/pl\/wp-json\/wp\/v2\/users\/2"}],"replies":[{"embeddable":true,"href":"https:\/\/www.europesays.com\/pl\/wp-json\/wp\/v2\/comments?post=130490"}],"version-history":[{"count":0,"href":"https:\/\/www.europesays.com\/pl\/wp-json\/wp\/v2\/posts\/130490\/revisions"}],"wp:featuredmedia":[{"embeddable":true,"href":"https:\/\/www.europesays.com\/pl\/wp-json\/wp\/v2\/media\/130491"}],"wp:attachment":[{"href":"https:\/\/www.europesays.com\/pl\/wp-json\/wp\/v2\/media?parent=130490"}],"wp:term":[{"taxonomy":"category","embeddable":true,"href":"https:\/\/www.europesays.com\/pl\/wp-json\/wp\/v2\/categories?post=130490"},{"taxonomy":"post_tag","embeddable":true,"href":"https:\/\/www.europesays.com\/pl\/wp-json\/wp\/v2\/tags?post=130490"}],"curies":[{"name":"wp","href":"https:\/\/api.w.org\/{rel}","templated":true}]}}