{"id":130492,"date":"2025-12-03T10:58:11","date_gmt":"2025-12-03T10:58:11","guid":{"rendered":"https:\/\/www.europesays.com\/pl\/130492\/"},"modified":"2025-12-03T10:58:11","modified_gmt":"2025-12-03T10:58:11","slug":"zimny-ksiezyc-2025-nadchodzi-kiedy-ogladac-te-niezwykla-pelnie","status":"publish","type":"post","link":"https:\/\/www.europesays.com\/pl\/130492\/","title":{"rendered":"Zimny Ksi\u0119\u017cyc 2025 nadchodzi. Kiedy ogl\u0105da\u0107 t\u0119 niezwyk\u0142\u0105 pe\u0142ni\u0119?"},"content":{"rendered":"<p><img width=\"3840\" height=\"2160\" src=\"https:\/\/www.europesays.com\/pl\/wp-content\/uploads\/2025\/12\/grudniowa-pelnia-ksiezyca-jak-obserwowac-Zimny-Ksiezyc-Zimny-Ksiezyc-.jpg\" class=\"attachment-full size-full wp-post-image\" alt=\"grudniowa pe\u0142nia ksi\u0119\u017cyca jak obserwowa\u0107 Zimny Ksi\u0119\u017cyc Zimny Ksi\u0119\u017cyc W nocy z 4 na 5 grudnia pojawi si\u0119 pe\u0142nia - Zimny Ksi\u0119\u017cyc.\" decoding=\"async\" fetchpriority=\"high\"  \/><\/p>\n<p>Ju\u017c 5 grudnia czeka nas wyj\u0105tkowe zjawisko \u2014 Zimny Ksi\u0119\u017cyc, najwy\u017csza pe\u0142nia roku. Tu\u017c po p\u00f3\u0142nocy Ksi\u0119\u017cyc wzniesie si\u0119 rekordowo wysoko, oferuj\u0105c niezwyk\u0142y widok. Oto najlepsza godzina obserwacji i wskaz\u00f3wki, jak przygotowa\u0107 si\u0119 by w pe\u0142ni podziwia\u0107 superksi\u0119\u017cyc.<\/p>\n<p>Czym jest Zimny Ksi\u0119\u017cyc?<\/p>\n<p>To\u00a0nic innego jak grudniowa pe\u0142nia ksi\u0119\u017cyca \u2013 ale\u00a0nie\u00a0byle jaka. Z\u00a0racji, \u017ce\u00a0przypada w\u00a0ostatnim miesi\u0105cu roku, nazywana jest Zimnym Ksi\u0119\u017cycem. Jej nazwa wywodzi si\u0119 od\u00a0rdzennych mieszka\u0144c\u00f3w Ameryki P\u00f3\u0142nocnej, kt\u00f3rzy\u00a0zauwa\u017cyli, \u017ce\u00a0wraz z\u00a0tym miesi\u0105cem mr\u00f3z i\u00a0\u015bnieg zaczynaj\u0105 dominowa\u0107 w\u00a0krajobrazie. Poza tym \u2013 w\u00a0zale\u017cno\u015bci od\u00a0tradycji i\u00a0kultury, ta\u00a0grudniowa pe\u0142nia ksi\u0119\u017cyca ma\u00a0te\u017c inne nazwy: Ksi\u0119\u017cyc D\u0142ugich Nocy, a\u00a0czasem D\u0119bowy Ksi\u0119\u017cyc.<\/p>\n<p>Superksi\u0119\u017cyc: najwy\u017csza pe\u0142nia w\u00a0roku i\u00a0wyj\u0105tkowo efektowna<\/p>\n<p>To\u00a0wyj\u0105tkowa pe\u0142nia \u2013 symbolizuje nadej\u015bcie zimnych dni i\u00a0d\u0142ugich nocy, a\u00a0tak\u017ce zamyka ca\u0142y cykl roku. Pojawia si\u0119, gdy\u00a0Ksi\u0119\u017cyc zbli\u017ca si\u0119  bardzo blisko do\u00a0<a href=\"https:\/\/holistic.news\/oceany-globalne-ocieplenie-przestaja-wchlaniac-dwutlenek\/\" rel=\"nofollow noopener\" target=\"_blank\">Ziemi <\/a> \u2013 w\u00a0swoim perygeum, w\u00a0odleg\u0142o\u015bci zaledwie oko\u0142o 356 500 kilometr\u00f3w.<\/p>\n<p>To\u00a0tak\u017ce pe\u0142nia Ksi\u0119\u017cyca przypadaj\u0105ca najbli\u017cej przesilenia \u2013 w\u00a0tym czasie p\u00f3\u0142kula p\u00f3\u0142nocna otula si\u0119 d\u0142ugimi, zimowymi nocami. <\/p>\n<blockquote class=\"wp-block-quote is-layout-flow wp-block-quote-is-layout-flow\">\n<p>Dzi\u0119ki temu staje si\u0119 ona najwy\u017csz\u0105 pe\u0142ni\u0105 w\u00a0roku  i\u00a0zarazem jedn\u0105 z\u00a0ja\u015bniejszych i\u00a0bardziej efektownych.<\/p>\n<\/blockquote>\n<p>\nZimny Ksi\u0119\u017cyc:<br \/>\nw\u00a0tym roku niezwyk\u0142\u0105 superpe\u0142ni\u0119 b\u0119dzie mo\u017cna podziwia\u0107 przez\u00a0trzy doby, pocz\u0105wszy od\u00a0nocy z\u00a04 na\u00a05 grudnia.<\/p>\n<p>Jak obserwowa\u0107 Zimny Ksi\u0119\u017cyc 2025?<\/p>\n<p>Zanim wybierzesz si\u0119 na\u00a0podziwianie pe\u0142ni, zapoznaj si\u0119 z\u00a0najwa\u017cniejszymi informacjami na\u00a0jej temat:<\/p>\n<ul class=\"wp-block-list\">\n<li>data i\u00a0godzina \u2013 w\u00a0tym roku zobaczymy go\u00a0w\u00a0nocy 5 grudnia o\u00a0godzinie 00:15. Potrwa przez\u00a0trzy dni;<\/li>\n<li>nat\u0119\u017cenie o\u015bwietlenia \u2013 ta\u00a0pe\u0142nia ksi\u0119\u017cyca nie\u00a0jest o\u015bwietlona w\u00a0100 proc. przez\u00a0nachylenie orbity Ksi\u0119\u017cyca wzgl\u0119dem orbity Ziemi.<\/li>\n<\/ul>\n<p>Z\u00a0racji, \u017ce\u00a0to\u00a0ostatnia pe\u0142nia w\u00a0tym roku, warto si\u0119 na\u00a0ni\u0105 szczeg\u00f3lnie przygotowa\u0107.<\/p>\n<p>O\u00a0czym nale\u017cy pami\u0119ta\u0107 przed\u00a0obserwacj\u0105 grudniowego superksi\u0119\u017cyca?<\/p>\n<p>Zimny Ksi\u0119\u017cyc, jak ka\u017cd\u0105 pe\u0142ni\u0119, b\u0119dzie mo\u017cna dostrzec go\u0142ym okiem. W\u0142a\u015bnie dlatego nie\u00a0potrzebujesz \u017cadnego specjalistycznego sprz\u0119tu. Mimo to\u00a0warto wykorzysta\u0107 <a href=\"https:\/\/holistic.news\/zderzenie-dwoch-gwiazd\/\" rel=\"nofollow noopener\" target=\"_blank\">teleskop <\/a>albo\u00a0lornetk\u0119, by\u00a0uzyska\u0107 lepszy i\u00a0bardziej szczeg\u00f3\u0142owy widok.\u00a0<\/p>\n<p>Aby cieszy\u0107 si\u0119 tym pi\u0119knym zjawiskiem na\u00a0niebie, warto oddali\u0107 si\u0119 od\u00a0sztucznego \u015bwiat\u0142a, zw\u0142aszcza w\u00a0mie\u015bcie i\u00a0przenie\u015b\u0107 si\u0119 w\u00a0bardziej zacienione miejsce. Pami\u0119taj jednak, \u017ce\u00a0grudniowe noce s\u0105\u00a0do\u015b\u0107 mro\u017ane. Z\u00a0tego powodu warto ciep\u0142o si\u0119 ubra\u0107. Poza tym we\u017a ze\u00a0sob\u0105 ciep\u0142y nap\u00f3j rozgrzewaj\u0105cy. Przyda si\u0119 tak\u017ce krzes\u0142o lub le\u017cak.<\/p>\n<p>Te\u00a0wskaz\u00f3wki przydadz\u0105 Ci\u00a0si\u0119 nie\u00a0tylko\u00a0podczas pierwszych dni tego miesi\u0105ca. Ju\u017c w\u00a0nocy z\u00a013 na\u00a014 grudnia sw\u00f3j szczyt b\u0119d\u0105 mia\u0142y r\u00f3j meteor\u00f3w Geminid\u00f3w, a\u00a0tu\u017c przed\u00a0\u015bwi\u0119tami Ursyd\u00f3w.<\/p>\n<p>Tradycje i\u00a0wierzenia:<br \/>\nLudy \u017cyj\u0105ce w\u00a0surowym klimacie wierzy\u0142y, \u017ce\u00a0Zimny Ksi\u0119\u017cyc:<\/p>\n<ul style=\"margin:6px 0 0 18px; padding:0;\">\n<li>pilnuje ludzi podczas najd\u0142u\u017cszych, najzimniejszych nocy,<\/li>\n<li>ma\u00a0moc odp\u0119dzania z\u0142ych duch\u00f3w ciemno\u015bci,<\/li>\n<li>\u201e\u015bwieci d\u0142u\u017cej\u201d, bo\u00a0noc trwa d\u0142u\u017cej.<\/li>\n<\/ul>\n<p>Grudniowa pe\u0142nia: Zimny Ksi\u0119\u017cyc w\u00a0ca\u0142ej okaza\u0142o\u015bci<\/p>\n<p>Grudniowa pe\u0142nia ksi\u0119\u017cyca przynosi Zimny Ksi\u0119\u017cyc \u2013 zjawisko, kt\u00f3re ko\u0144czy roczny cykl i\u00a0staje si\u0119 symbolem kr\u00f3tkich dni i\u00a0zimnych nocy. Jak obserwowa\u0107 Zimny Ksi\u0119\u017cyc? Przede wszystkim ubierz si\u0119 ciep\u0142o i\u00a0oddal si\u0119 w\u00a0ciemne miejsce. Samo zjawisko dostrze\u017cesz go\u0142ym okiem.<\/p>\n<p>Masz w\u015br\u00f3d bliskich kogo\u015b, kogo interesuje, jak obserwowa\u0107 Zimny Ksi\u0119\u017cyc? Wy\u015blij mu\u00a0ten tekst.<\/p>\n<p>Wi\u0119cej ciekawych tre\u015bci na\u00a0temat obserwacji nieba znajdziesz na\u00a0naszym <a href=\"https:\/\/www.youtube.com\/@holistic_news\" target=\"_blank\" rel=\"noreferrer noopener nofollow\">kanale <\/a>na\u00a0YouTube.<\/p>\n<p>Warto przeczyta\u0107: <a href=\"https:\/\/holistic.news\/roj-najjasniejszych-meteorow-na-niebie-w-polsce\/\" rel=\"nofollow noopener\" target=\"_blank\">Nadci\u0105ga r\u00f3j najja\u015bniejszych meteor\u00f3w. Sprawd\u017a kiedy i\u00a0jak je\u00a0obserwowa\u0107<\/a><\/p>\n<p>GRUDNIOWA PROMOCJA W\u00a0KSI\u0118GARNI?<\/p>\n<p>Oczywi\u015bcie! <br \/>Oto kod na\u00a0DARMOW\u0104 dostaw\u0119\u2013 wpisz w\u00a0koszyku: MIKOLAJ<br \/>Udanych zakup\u00f3w!<br \/><a href=\"https:\/\/ksiegarnia.holistic.news\/\" target=\"_blank\" rel=\"noreferrer noopener nofollow\">Ksi\u0119garnia Holistic News<\/a><\/p>\n","protected":false},"excerpt":{"rendered":"Ju\u017c 5 grudnia czeka nas wyj\u0105tkowe zjawisko \u2014 Zimny Ksi\u0119\u017cyc, najwy\u017csza pe\u0142nia roku. Tu\u017c po p\u00f3\u0142nocy Ksi\u0119\u017cyc wzniesie&hellip;\n","protected":false},"author":2,"featured_media":130493,"comment_status":"","ping_status":"","sticky":false,"template":"","format":"standard","meta":{"footnotes":""},"categories":[20],"tags":[20400,509,4622,8625,120,118,119,20401,21551,42,38,40,39,41,116,114,115,121,117],"class_list":{"0":"post-130492","1":"post","2":"type-post","3":"status-publish","4":"format-standard","5":"has-post-thumbnail","7":"category-nauka-i-technika","8":"tag-czlowiek","9":"tag-gwiazdy","10":"tag-kosmos","11":"tag-ksiezyc","12":"tag-nauka","13":"tag-nauka-i-technika","14":"tag-naukatechnika","15":"tag-nocne-niebo","16":"tag-obserwacje-nieba","17":"tag-pl","18":"tag-poland","19":"tag-polish","20":"tag-polska","21":"tag-polski","22":"tag-science","23":"tag-science-and-technology","24":"tag-sciencetechnology","25":"tag-technika","26":"tag-technology"},"share_on_mastodon":{"url":"https:\/\/pubeurope.com\/@pl\/115655285926828122","error":""},"_links":{"self":[{"href":"https:\/\/www.europesays.com\/pl\/wp-json\/wp\/v2\/posts\/130492","targetHints":{"allow":["GET"]}}],"collection":[{"href":"https:\/\/www.europesays.com\/pl\/wp-json\/wp\/v2\/posts"}],"about":[{"href":"https:\/\/www.europesays.com\/pl\/wp-json\/wp\/v2\/types\/post"}],"author":[{"embeddable":true,"href":"https:\/\/www.europesays.com\/pl\/wp-json\/wp\/v2\/users\/2"}],"replies":[{"embeddable":true,"href":"https:\/\/www.europesays.com\/pl\/wp-json\/wp\/v2\/comments?post=130492"}],"version-history":[{"count":0,"href":"https:\/\/www.europesays.com\/pl\/wp-json\/wp\/v2\/posts\/130492\/revisions"}],"wp:featuredmedia":[{"embeddable":true,"href":"https:\/\/www.europesays.com\/pl\/wp-json\/wp\/v2\/media\/130493"}],"wp:attachment":[{"href":"https:\/\/www.europesays.com\/pl\/wp-json\/wp\/v2\/media?parent=130492"}],"wp:term":[{"taxonomy":"category","embeddable":true,"href":"https:\/\/www.europesays.com\/pl\/wp-json\/wp\/v2\/categories?post=130492"},{"taxonomy":"post_tag","embeddable":true,"href":"https:\/\/www.europesays.com\/pl\/wp-json\/wp\/v2\/tags?post=130492"}],"curies":[{"name":"wp","href":"https:\/\/api.w.org\/{rel}","templated":true}]}}