{"id":130525,"date":"2025-12-03T11:21:10","date_gmt":"2025-12-03T11:21:10","guid":{"rendered":"https:\/\/www.europesays.com\/pl\/130525\/"},"modified":"2025-12-03T11:21:10","modified_gmt":"2025-12-03T11:21:10","slug":"kreml-komentuje-rozmowy-z-delegacja-usa-w-moskwie-putin-nie-odrzucil-planu-pokojowego-onet","status":"publish","type":"post","link":"https:\/\/www.europesays.com\/pl\/130525\/","title":{"rendered":"Kreml komentuje rozmowy z delegacj\u0105 USA w Moskwie. &quot;Putin nie odrzuci\u0142 planu pokojowego&quot; &#8211; Onet"},"content":{"rendered":"<ol>\n<li><a href=\"https:\/\/news.google.com\/rss\/articles\/CBMi4gFBVV95cUxPM2hST2xUYWZLUFB0emZSbjR5eWs3RlVfRVVvSG5GVjVyZWpXSUwtV05kaE83dUQxNmpXT3V2ZzZCYXhMRFpKbXhoeFVPMDQzRmtRRlRhbGxleks0ZW9KTU04dXF3YjBzZHoxR0tiMzBPVXhDNkw4MFRnWFllTHcyZWFSbHByWTkzcllaRHUxaXI3clFsMlE1M2ZCYlhiN3d6aklsa1RXSjFyTGxZS1VTc3pubUEwdTNQTmpPLU1URUVMUzVqTmJvbklnQUZJa3dPTzFDdXE0TXRGblIwRkVMWjJ3?oc=5\" target=\"_blank\" rel=\"nofollow noopener\">Kreml komentuje rozmowy z delegacj\u0105 USA w Moskwie. &#8222;Putin nie odrzuci\u0142 planu pokojowego&#8221;<\/a>&nbsp;&nbsp;Onet<\/li>\n<li><a href=\"https:\/\/news.google.com\/rss\/articles\/CBMinAFBVV95cUxNZTJMS0RPaTdaS1JtSzdGU3FFdW9LYmtUNVFGaW54aE1XcjRaUGYteUlmekdvcFZjeU5xWldQaExMMTRXNFJMUjRTT2lBa2Vsc2FtaVd3NDE1UE9XbmpkSmdReWpHeWtGWUExY0NVNEx6Y1duS2gzam1TdWUyaUVHRHBGeEM3dDR6U2RNNEhnNnN5MlpHNTN0NjJJQ3I?oc=5\" target=\"_blank\" rel=\"nofollow noopener\">Nagranie z rozm\u00f3w w Moskwie. Tak zachowali si\u0119 Putin i Witkoff<\/a>&nbsp;&nbsp;Onet Wiadomo\u015bci<\/li>\n<li><a href=\"https:\/\/news.google.com\/rss\/articles\/CBMitgFBVV95cUxNQi0xc0k4U2ZFY05uX083ZzgydWRGSDlDMVdqQ3gzdlBqeVYyYXZuUGhvWXUzcFJwaUNLYXhMRnh1TGc0MWx5dGtEWWRYUl9SaGFPQ1J4UVNWejhfYkIxWlRBenVpYkR6cms0ZGczUXhmb01ZcmJ0WUR6UHh5OUl1eE50emd1RVlWZzU2bXppZkZfUnZxemhhMmYwc3hVa3lWSUVZQUJ6MFZMclVDZzktdjJjX2Zzdw?oc=5\" target=\"_blank\" rel=\"nofollow noopener\">Rzecznik Kremla po rozmowach pokojowych. M\u00f3wi o &#8222;b\u0142\u0119dzie&#8221;<\/a>&nbsp;&nbsp;Business Insider Polska<\/li>\n<li><a href=\"https:\/\/news.google.com\/rss\/articles\/CBMioAFBVV95cUxPM1JjUGxxaWljcTg2M2RQRTRUQzNUc1c4R1MtNE1hcFZLd0otYWRKVGNNZnhFYW1wejVVR0RjSE02TDIxQW5hSUlEMnh4VUk4aEw5R0lRekw0bHdkWjY4M1FaT0k5MThPVEpNSlpxR1NSN2JRenJUYWdSQVV5YVVfV0V2OTlxWjZXLXhVbkZXaXp3S0xIV0JIbjFYNVVqZkhN?oc=5\" target=\"_blank\" rel=\"nofollow noopener\">Co pokaza\u0142y rozmowy Putin-Witkoff? &#8222;Bardzo niebezpieczny sygna\u0142 dla Polski&#8221;<\/a>&nbsp;&nbsp;TOK FM<\/li>\n<li><a href=\"https:\/\/news.google.com\/rss\/articles\/CBMiyAFBVV95cUxNZEZjR0M0TFZDeDdZT1FVVllTUTY5SUFBUzg5WmVKdGRTMU00RmdXSkVRM04tTWJ5WkNoYVg5aThsWXZtQ3J3emxJOTNYMVhaRHBNUjRLR0tEQlFKNjlaYlVZdmhxMVVUenNDZENHMFdpVXlucVB1clc1eWNqYkR4bEJkS05zekpLMkQwWC1oNHY3UkR1NTBQZjNrVUdaTERDSkFFVVlRa2ZVcnRhVmVLLTl4a0tXVjBFWmpsemZZTE03eGp5MTRIUw?oc=5\" target=\"_blank\" rel=\"nofollow noopener\">Spacer ameryka\u0144skiej delegacji po Moskwie. &#8222;To wspania\u0142e miasto&#8221;<\/a>&nbsp;&nbsp;TVN24<\/li>\n<\/ol>\n","protected":false},"excerpt":{"rendered":"Kreml komentuje rozmowy z delegacj\u0105 USA w Moskwie. &#8222;Putin nie odrzuci\u0142 planu pokojowego&#8221;&nbsp;&nbsp;Onet Nagranie z rozm\u00f3w w Moskwie.&hellip;\n","protected":false},"author":2,"featured_media":130526,"comment_status":"","ping_status":"","sticky":false,"template":"","format":"standard","meta":{"footnotes":""},"categories":[14],"tags":[32,33,445,27,67,64,1709,34,35,4349,28,31,53,25,52,68,51,55,40,41,62,47,59,80,29,30,390,65,50,26,418,82,83,84],"class_list":{"0":"post-130525","1":"post","2":"type-post","3":"status-publish","4":"format-standard","5":"has-post-thumbnail","7":"category-swiat","8":"tag-breaking-news","9":"tag-breakingnews","10":"tag-dmitrij_pieskow","11":"tag-headlines","12":"tag-intextvideo_splayer","13":"tag-inwazja_rosji_na_ukraine_2014_","14":"tag-kreml","15":"tag-latest-news","16":"tag-latestnews","17":"tag-moskwa_miasto","18":"tag-naglowki","19":"tag-najwazniejsze-artykuly","20":"tag-new_header","21":"tag-news","22":"tag-onet3","23":"tag-onet3d","24":"tag-onet3d_2i","25":"tag-phx","26":"tag-polish","27":"tag-polski","28":"tag-rosja_kraj_rosjanin_rosjanie_rosjanka_rosjanki","29":"tag-screening_general","30":"tag-stany_zjednoczone_usa","31":"tag-swiat","32":"tag-top-stories","33":"tag-topstories","34":"tag-ukraina_ukrainiec_ukrainka_ukraincy_ukrainki","35":"tag-update_me","36":"tag-v2021","37":"tag-wiadomosci","38":"tag-wladimir_putin_rosyjski_prezydent","39":"tag-world","40":"tag-world-news","41":"tag-worldnews"},"share_on_mastodon":{"url":"","error":"Validation failed: Text character limit of 500 exceeded"},"_links":{"self":[{"href":"https:\/\/www.europesays.com\/pl\/wp-json\/wp\/v2\/posts\/130525","targetHints":{"allow":["GET"]}}],"collection":[{"href":"https:\/\/www.europesays.com\/pl\/wp-json\/wp\/v2\/posts"}],"about":[{"href":"https:\/\/www.europesays.com\/pl\/wp-json\/wp\/v2\/types\/post"}],"author":[{"embeddable":true,"href":"https:\/\/www.europesays.com\/pl\/wp-json\/wp\/v2\/users\/2"}],"replies":[{"embeddable":true,"href":"https:\/\/www.europesays.com\/pl\/wp-json\/wp\/v2\/comments?post=130525"}],"version-history":[{"count":0,"href":"https:\/\/www.europesays.com\/pl\/wp-json\/wp\/v2\/posts\/130525\/revisions"}],"wp:featuredmedia":[{"embeddable":true,"href":"https:\/\/www.europesays.com\/pl\/wp-json\/wp\/v2\/media\/130526"}],"wp:attachment":[{"href":"https:\/\/www.europesays.com\/pl\/wp-json\/wp\/v2\/media?parent=130525"}],"wp:term":[{"taxonomy":"category","embeddable":true,"href":"https:\/\/www.europesays.com\/pl\/wp-json\/wp\/v2\/categories?post=130525"},{"taxonomy":"post_tag","embeddable":true,"href":"https:\/\/www.europesays.com\/pl\/wp-json\/wp\/v2\/tags?post=130525"}],"curies":[{"name":"wp","href":"https:\/\/api.w.org\/{rel}","templated":true}]}}