{"id":130716,"date":"2025-12-03T13:14:10","date_gmt":"2025-12-03T13:14:10","guid":{"rendered":"https:\/\/www.europesays.com\/pl\/130716\/"},"modified":"2025-12-03T13:14:10","modified_gmt":"2025-12-03T13:14:10","slug":"pocwiartowal-cialo-wspollokatora-i-zakopal-w-parku-sa-zarzuty-dla-19-letniego-alana","status":"publish","type":"post","link":"https:\/\/www.europesays.com\/pl\/130716\/","title":{"rendered":"Po\u0107wiartowa\u0142 cia\u0142o wsp\u00f3\u0142lokatora i zakopa\u0142 w parku. S\u0105 zarzuty dla 19-letniego Alana"},"content":{"rendered":"<ul class=\"UnorderedList_container__nmfSl\">\n<li class=\"UnorderedList_listElement__Py7xi\" data-id=\"ai-summary-link\">Du\u017co czytania, a ma\u0142o czasu? Sprawd\u017a\u00a0skr\u00f3t\u00a0artyku\u0142u<\/li>\n<\/ul>\n<p class=\"Paragraph_desktopParagraph__U31Gm\">Mateusz D. ostatni raz widziany by\u0142 24 listopada w S\u0142upsku, gdy wychodzi\u0142 z pracy. Dzie\u0144 p\u00f3\u017aniej z jego telefonu zosta\u0142 wys\u0142any esemes. Od tamtego czasu 31-latek nie dawa\u0142 znaku \u017cycia. Sprawa zagini\u0119cia zosta\u0142a zg\u0142oszona na policj\u0119, a w jego poszukiwania zaanga\u017cowali si\u0119 m.in. znajomi z pracy.<\/p>\n<p class=\"Paragraph_desktopParagraph__U31Gm\">We wtorek, <a href=\"https:\/\/www.onet.pl\/informacje\/onettrojmiasto\/brutalne-morderstwo-w-slupsku-policjanci-znalezli-pocwiartowane-cialo-mezczyzny\/wr5xte6,79cfc278\" id=\"cb551b67-940d-4922-bc54-91de892d84d3\" rel=\"nofollow noopener\" target=\"_blank\">jak pisali\u015bmy w Onecie<\/a>, w Parku Kultury i Wypoczynku w S\u0142upsku znaleziono po\u0107wiartowane cia\u0142o m\u0119\u017cczyzny. Zw\u0142oki by\u0142y w workach, kt\u00f3re zosta\u0142y zakopane. \u015aledczy dawali do zrozumienia, \u017ce ofiar\u0105 jest najprawdopodobniej Mateusz D.<\/p>\n<ul class=\"OchatFollowUps_wrapper__1ry7X\">\n<li class=\"OchatFollowUps_item__Dhyly OchatFollowUps_itemDesktop__R6aBv\">Kto by\u0142 ofiar\u0105 zab\u00f3jstwa?<\/li>\n<li class=\"OchatFollowUps_item__Dhyly OchatFollowUps_itemDesktop__R6aBv\">Jakie by\u0142y powody zab\u00f3jstwa?<\/li>\n<li class=\"OchatFollowUps_item__Dhyly OchatFollowUps_itemDesktop__R6aBv\">Gdzie cia\u0142o ofiary zosta\u0142o zakopane?<\/li>\n<li class=\"OchatFollowUps_item__Dhyly OchatFollowUps_itemDesktop__R6aBv\">Jakie zarzuty postawiono Alanowi G.?<\/li>\n<\/ul>\n<p class=\"Paragraph_desktopParagraph__U31Gm\">Wczoraj w tej sprawie zatrzymano podejrzewanego o zab\u00f3jstwo m\u0119\u017cczyzn\u0119. Zosta\u0142 przes\u0142uchany na policji, a dzi\u015b w prokuraturze.<\/p>\n<p class=\"Paragraph_desktopParagraph__U31Gm\">\u015aledczy podaj\u0105 teraz wi\u0119cej szczeg\u00f3\u0142\u00f3w. S\u0105 one wstrz\u0105saj\u0105ce.<\/p>\n<p class=\"Paragraph_desktopParagraph__U31Gm\">&#8222;Sprawc\u0105 morderstwa okaza\u0142 si\u0119 19-letni Alan G., natomiast ofiar\u0105 mordu, jego wsp\u00f3\u0142lokator, to jest 31-letni Mateusz D., kt\u00f3ry od kilku dni by\u0142 poszukiwany na terenie miasta jako zaginiony&#8221; \u2014 pisz\u0105 w komunikacie do medi\u00f3w \u015bledczy.<\/p>\n<p>&#8222;Zakopa\u0142 je w workach na \u015bmieci, walizk\u0119 spali\u0142&#8221; <\/p>\n<p class=\"Paragraph_desktopParagraph__U31Gm\">Sekcja wykaza\u0142a, \u017ce przyczyn\u0105 \u015bmierci by\u0142o kilka ran no\u017cem w okolic\u0119 serca. Do po\u0107wiartowania zw\u0142ok dosz\u0142o ju\u017c po \u015bmierci ofiary.<\/p>\n<p class=\"Paragraph_desktopParagraph__U31Gm\">\u2014 Alanowi G. zosta\u0142y w zwi\u0105zku z powy\u017cszym postawione dwa zarzuty przest\u0119pstwa, to jest zarzut morderstwa ze szczeg\u00f3lnym okrucie\u0144stwem oraz zarzut zbezczeszczania zw\u0142ok ludzkich \u2014 m\u00f3wi prok. Pawe\u0142 Wnuk z Prokuratury Okr\u0119gowej w S\u0142upsku, kt\u00f3ra we wtorek przej\u0119\u0142a \u015bledztwo od Prokuratury Regionalnej.<\/p>\n<p class=\"Paragraph_desktopParagraph__U31Gm\">Alan G. przyzna\u0142 si\u0119 do zab\u00f3jstwa. \u015aledczym powiedzia\u0142, \u017ce swojego wsp\u00f3\u0142lokatora zabi\u0142 z powod\u00f3w rabunkowych.<\/p>\n<p class=\"Paragraph_desktopParagraph__U31Gm\">&#8222;Alan G. potwierdzi\u0142 tak\u017ce, i\u017c po dokonaniu zab\u00f3jstwa, cia\u0142o ofiary po\u0107wiartowa\u0142 w \u0142azience mieszkania przy u\u017cyciu no\u017cy kuchennych, a nast\u0119pnie w walizce po fragmentach przeni\u00f3s\u0142 je do Parku, gdzie zakopa\u0142 je w workach na \u015bmieci, a walizk\u0119 spali\u0142&#8221;\u2014 pisz\u0105 s\u0142upscy \u015bledczy.<\/p>\n<p class=\"Paragraph_desktopParagraph__U31Gm\">Jak podaj\u0105 prokuratorzy, Alan G. leczy\u0142 si\u0119 psychiatrycznie i nie by\u0142 karany s\u0105downie. Prokuratura w S\u0142upsku w \u015brod\u0119 z\u0142o\u017cy wniosek do s\u0105du o tymczasowe aresztowanie Alana G. na trzy miesi\u0105ce.<\/p>\n","protected":false},"excerpt":{"rendered":"Du\u017co czytania, a ma\u0142o czasu? Sprawd\u017a\u00a0skr\u00f3t\u00a0artyku\u0142u Mateusz D. ostatni raz widziany by\u0142 24 listopada w S\u0142upsku, gdy wychodzi\u0142&hellip;\n","protected":false},"author":2,"featured_media":130717,"comment_status":"","ping_status":"","sticky":false,"template":"","format":"standard","meta":{"footnotes":""},"categories":[12],"tags":[32,33,36,37,27,34,35,28,31,53,25,52,68,51,55,42,38,251,40,39,41,47,19702,29,30,65,50,26,3459],"class_list":{"0":"post-130716","1":"post","2":"type-post","3":"status-publish","4":"format-standard","5":"has-post-thumbnail","7":"category-polska","8":"tag-breaking-news","9":"tag-breakingnews","10":"tag-featured-news","11":"tag-featurednews","12":"tag-headlines","13":"tag-latest-news","14":"tag-latestnews","15":"tag-naglowki","16":"tag-najwazniejsze-artykuly","17":"tag-new_header","18":"tag-news","19":"tag-onet3","20":"tag-onet3d","21":"tag-onet3d_2i","22":"tag-phx","23":"tag-pl","24":"tag-poland","25":"tag-policja_policjanci_policjant_policjantka_policjantki","26":"tag-polish","27":"tag-polska","28":"tag-polski","29":"tag-screening_general","30":"tag-slupsk","31":"tag-top-stories","32":"tag-topstories","33":"tag-update_me","34":"tag-v2021","35":"tag-wiadomosci","36":"tag-zabojstwo_morderstwo_morderstwa_zabojstwa"},"share_on_mastodon":{"url":"https:\/\/pubeurope.com\/@pl\/115655820352799093","error":""},"_links":{"self":[{"href":"https:\/\/www.europesays.com\/pl\/wp-json\/wp\/v2\/posts\/130716","targetHints":{"allow":["GET"]}}],"collection":[{"href":"https:\/\/www.europesays.com\/pl\/wp-json\/wp\/v2\/posts"}],"about":[{"href":"https:\/\/www.europesays.com\/pl\/wp-json\/wp\/v2\/types\/post"}],"author":[{"embeddable":true,"href":"https:\/\/www.europesays.com\/pl\/wp-json\/wp\/v2\/users\/2"}],"replies":[{"embeddable":true,"href":"https:\/\/www.europesays.com\/pl\/wp-json\/wp\/v2\/comments?post=130716"}],"version-history":[{"count":0,"href":"https:\/\/www.europesays.com\/pl\/wp-json\/wp\/v2\/posts\/130716\/revisions"}],"wp:featuredmedia":[{"embeddable":true,"href":"https:\/\/www.europesays.com\/pl\/wp-json\/wp\/v2\/media\/130717"}],"wp:attachment":[{"href":"https:\/\/www.europesays.com\/pl\/wp-json\/wp\/v2\/media?parent=130716"}],"wp:term":[{"taxonomy":"category","embeddable":true,"href":"https:\/\/www.europesays.com\/pl\/wp-json\/wp\/v2\/categories?post=130716"},{"taxonomy":"post_tag","embeddable":true,"href":"https:\/\/www.europesays.com\/pl\/wp-json\/wp\/v2\/tags?post=130716"}],"curies":[{"name":"wp","href":"https:\/\/api.w.org\/{rel}","templated":true}]}}