{"id":130728,"date":"2025-12-03T13:21:09","date_gmt":"2025-12-03T13:21:09","guid":{"rendered":"https:\/\/www.europesays.com\/pl\/130728\/"},"modified":"2025-12-03T13:21:09","modified_gmt":"2025-12-03T13:21:09","slug":"mial-planowac-ataki-dywersji-na-terenie-polski-prokuratura-ujawnia-kim-jest-2","status":"publish","type":"post","link":"https:\/\/www.europesays.com\/pl\/130728\/","title":{"rendered":"Mia\u0142 planowa\u0107 ataki dywersji na terenie Polski. Prokuratura ujawnia kim jest"},"content":{"rendered":"<p class=\"Paragraph_desktopParagraph__U31Gm\">Jak podaje serwis Agenctwo, polskie s\u0142u\u017cby przedstawi\u0142y Mirgorodskiemu pi\u0119\u0107 zarzut\u00f3w tj.: kierowanie zorganizowan\u0105 grup\u0105 przest\u0119pcz\u0105, organizowanie dzia\u0142alno\u015bci wywiadu zagranicznego, przygotowywanie sabota\u017cu kolejowego, pod\u017ceganie do przemocy i niszczenia mienia oraz finansowanie terroryzmu.<\/p>\n<p class=\"VideoPlayerText_videoPlayerText__iDwyz\">Dalszy ci\u0105g materia\u0142u pod wideo<\/p>\n<ul class=\"OchatFollowUps_wrapper__1ry7X\">\n<li class=\"OchatFollowUps_item__Dhyly OchatFollowUps_itemDesktop__R6aBv\">Dlaczego Michai\u0142 Mirgorodski jest poszukiwany?<\/li>\n<li class=\"OchatFollowUps_item__Dhyly OchatFollowUps_itemDesktop__R6aBv\">Jakie zarzuty postawiono Mirgorodskiemu?<\/li>\n<li class=\"OchatFollowUps_item__Dhyly OchatFollowUps_itemDesktop__R6aBv\">Ile os\u00f3b nale\u017cy do siatki przest\u0119pczej kierowanej przez Mirgorodskiego?<\/li>\n<li class=\"OchatFollowUps_item__Dhyly OchatFollowUps_itemDesktop__R6aBv\">Gdzie mieszka\u0142 Mirgorodski przed poszukiwaniem?<\/li>\n<\/ul>\n<p>28-latek poszukiwany listem go\u0144czym za szpiegostwo. &#8222;Nigdy w Polsce nie by\u0142&#8221; <\/p>\n<p class=\"Paragraph_desktopParagraph__U31Gm\">Wed\u0142ug prokuratury m\u0119\u017cczyzna w pierwszej po\u0142owie 2023 r. przebywaj\u0105c w Rosji, za po\u015brednictwem Telegrama stworzy\u0142 siatk\u0119 przest\u0119pcz\u0105 licz\u0105c\u0105 co najmniej 30 os\u00f3b. Cz\u0142onkowie grupy mieli obserwowa\u0107 obiekty wojskowe i infrastrukturalne w Polsce, instalowa\u0107 urz\u0105dzenia przechwytuj\u0105ce sygna\u0142 GPS, zbiera\u0107 dane z lotnisk, stacji kolejowych i przej\u015b\u0107 granicznych, a tak\u017ce rozpowszechnia\u0107 prorosyjsk\u0105 propagand\u0119. Mieli r\u00f3wnie\u017c planowa\u0107 pobicia ukrai\u0144skich oraz bia\u0142oruskich opozycjonist\u00f3w czy niszczenie ich mienia. Zaplanowano tak\u017ce wykolejenie poci\u0105gu. Atak zosta\u0142 udaremniony przez ABW w czerwcu 2023 r. Za wykonane zadania Mirgorodski p\u0142aci\u0142 w kryptowalutach.<\/p>\n<p class=\"Paragraph_desktopParagraph__U31Gm\">Mirgorodski urodzi\u0142 si\u0119 w Swit\u0142owodsku w obwodzie kirowogradzkim w Ukrainie, lecz od 2008 r. mieszka\u0142 w Rosji. Przebywa\u0142 m.in. w mie\u015bcie Murawlenko, a p\u00f3\u017aniej w Ba\u0142aszydze pod Moskw\u0105 i Kaszyrze. Wed\u0142ug Agenctwo rodzina Mirgorodskiego mieszka\u0142a nieopodal bazy FSB &#8222;Alfa&#8221;. Jego s\u0105siadem mia\u0142 by\u0107 by\u0142y ochroniarz by\u0142ego prezydenta Ukriany, Wiktora Janukowycza. Z przeciek\u00f3w portalu wynika, \u017ce Mirgorodski by\u0142 cz\u0119stym klientem firm po\u017cyczkowych i bank\u00f3w oraz pozostawi\u0142 po sobie ponad 634 tys. rubli d\u0142ugu (ok. 30 tys. z\u0142).<\/p>\n<p class=\"Paragraph_desktopParagraph__U31Gm\">Post\u0119powanie w sprawie rosyjskiej siatki rozpocz\u0119to w 2023 r. Dot\u0105d skazano 16 os\u00f3b: 12 obywateli Ukrainy, trzech Bia\u0142orusin\u00f3w i jednego Rosjanina. W sprawie o\u015bmiu kolejnych os\u00f3b, w tym jednego Rosjanina, trzech Bia\u0142orusin\u00f3w i obywateli Polski, Litwy oraz Ukrainy, \u015bledztwo nadal trwa.<\/p>\n<p class=\"Paragraph_desktopParagraph__U31Gm\">Prokuratura podkre\u015bla, \u017ce Mirgorodski nigdy nie by\u0142 w Polsce ani w strefie Schengen i wszystkie dzia\u0142ania mia\u0142 koordynowa\u0107 z terytorium Rosji. &#8222;Nie uda\u0142o si\u0119 dokona\u0107 czynno\u015bci procesowych z t\u0105 osob\u0105, nigdy w Polsce nie by\u0142, nie ma te\u017c \u015bladu, \u017ce kiedykolwiek by\u0142 w kraju strefy Schengen. Wszystkie dzia\u0142ania prowadzi\u0142 za po\u015brednictwem internetu, fizycznie przebywaj\u0105c w Rosji. Mamy du\u017ce podejrzenie, \u017ce jest to kadrowy funkcjonariusz Federalnej S\u0142u\u017cby Bezpiecze\u0144stwa Rosji&#8221; \u2014 poinformowa\u0142 rzecznik prasowy Prokuratury Krajowej, prok. Przemys\u0142aw Nowak.<\/p>\n","protected":false},"excerpt":{"rendered":"Jak podaje serwis Agenctwo, polskie s\u0142u\u017cby przedstawi\u0142y Mirgorodskiemu pi\u0119\u0107 zarzut\u00f3w tj.: kierowanie zorganizowan\u0105 grup\u0105 przest\u0119pcz\u0105, organizowanie dzia\u0142alno\u015bci wywiadu&hellip;\n","protected":false},"author":2,"featured_media":130729,"comment_status":"","ping_status":"","sticky":false,"template":"","format":"standard","meta":{"footnotes":""},"categories":[12],"tags":[32,33,4096,36,37,27,67,34,35,28,31,53,25,52,68,51,55,42,38,40,39,41,62,47,29,30,390,65,50,26],"class_list":{"0":"post-130728","1":"post","2":"type-post","3":"status-publish","4":"format-standard","5":"has-post-thumbnail","7":"category-polska","8":"tag-breaking-news","9":"tag-breakingnews","10":"tag-dywersja","11":"tag-featured-news","12":"tag-featurednews","13":"tag-headlines","14":"tag-intextvideo_splayer","15":"tag-latest-news","16":"tag-latestnews","17":"tag-naglowki","18":"tag-najwazniejsze-artykuly","19":"tag-new_header","20":"tag-news","21":"tag-onet3","22":"tag-onet3d","23":"tag-onet3d_2i","24":"tag-phx","25":"tag-pl","26":"tag-poland","27":"tag-polish","28":"tag-polska","29":"tag-polski","30":"tag-rosja_kraj_rosjanin_rosjanie_rosjanka_rosjanki","31":"tag-screening_general","32":"tag-top-stories","33":"tag-topstories","34":"tag-ukraina_ukrainiec_ukrainka_ukraincy_ukrainki","35":"tag-update_me","36":"tag-v2021","37":"tag-wiadomosci"},"share_on_mastodon":{"url":"","error":"Validation failed: Text character limit of 500 exceeded"},"_links":{"self":[{"href":"https:\/\/www.europesays.com\/pl\/wp-json\/wp\/v2\/posts\/130728","targetHints":{"allow":["GET"]}}],"collection":[{"href":"https:\/\/www.europesays.com\/pl\/wp-json\/wp\/v2\/posts"}],"about":[{"href":"https:\/\/www.europesays.com\/pl\/wp-json\/wp\/v2\/types\/post"}],"author":[{"embeddable":true,"href":"https:\/\/www.europesays.com\/pl\/wp-json\/wp\/v2\/users\/2"}],"replies":[{"embeddable":true,"href":"https:\/\/www.europesays.com\/pl\/wp-json\/wp\/v2\/comments?post=130728"}],"version-history":[{"count":0,"href":"https:\/\/www.europesays.com\/pl\/wp-json\/wp\/v2\/posts\/130728\/revisions"}],"wp:featuredmedia":[{"embeddable":true,"href":"https:\/\/www.europesays.com\/pl\/wp-json\/wp\/v2\/media\/130729"}],"wp:attachment":[{"href":"https:\/\/www.europesays.com\/pl\/wp-json\/wp\/v2\/media?parent=130728"}],"wp:term":[{"taxonomy":"category","embeddable":true,"href":"https:\/\/www.europesays.com\/pl\/wp-json\/wp\/v2\/categories?post=130728"},{"taxonomy":"post_tag","embeddable":true,"href":"https:\/\/www.europesays.com\/pl\/wp-json\/wp\/v2\/tags?post=130728"}],"curies":[{"name":"wp","href":"https:\/\/api.w.org\/{rel}","templated":true}]}}