{"id":130739,"date":"2025-12-03T13:27:10","date_gmt":"2025-12-03T13:27:10","guid":{"rendered":"https:\/\/www.europesays.com\/pl\/130739\/"},"modified":"2025-12-03T13:27:10","modified_gmt":"2025-12-03T13:27:10","slug":"ue-konczy-z-rosyjskim-gazem-wegry-i-slowacja-juz-odpowiadaja","status":"publish","type":"post","link":"https:\/\/www.europesays.com\/pl\/130739\/","title":{"rendered":"UE ko\u0144czy z rosyjskim gazem. W\u0119gry i S\u0142owacja ju\u017c odpowiadaj\u0105"},"content":{"rendered":"\n<p>W\u0119gierski minister spraw zagranicznych Peter Szijjarto og\u0142osi\u0142, \u017ce W\u0119gry oraz S\u0142owacja zamierzaj\u0105 z\u0142o\u017cy\u0107 skarg\u0119 do Trybuna\u0142u Sprawiedliwo\u015bci Unii Europejskiej. <\/p>\n<p>&#8222;Putin boi si\u0119 ko\u0144ca wojny&#8221;. Analityk o\u00a0przed\u0142u\u017caj\u0105cym si\u0119 konflikcie <\/p>\n<p>  <img role=\"presentation\" class=\"absolute left-1\/2 top-1\/2 max-h-[80%] max-w-[100px] -translate-x-1\/2 -translate-y-1\/2\" src=\"https:\/\/v.wpimg.pl\/ZXJfd3AudTkrBBIAbg54LGhcRlAxHQUrPgJGH2MAeGJoSQ1eIBI_K2UHAEVuBTY5KQMMXC0RPyoVERQdMgM9ejc\" loading=\"lazy\" decoding=\"async\"\/> <\/p>\n<p>Szijjarto, cytowany przez agencj\u0119 Reutera, podkre\u015bli\u0142, \u017ce Budapeszt nie akceptuje tej decyzji, gdy\u017c jej realizacja mog\u0142aby zagrozi\u0107 bezpiecze\u0144stwu energetycznemu W\u0119gier.<\/p>\n<p>Koniec z\u00a0rosyjskim gazem w\u00a0UE. Jest porozumienie <\/p>\n<p>Jak wynika z\u00a0ustale\u0144, wprowadzone zostan\u0105 wi\u0105\u017c\u0105ce przepisy, kt\u00f3re ca\u0142kowicie ogranicz\u0105 nap\u0142yw rosyjskiego gazu do UE. Skroplony <a href=\"https:\/\/www.money.pl\/wiadomosci\/gaz-lng.html\" rel=\"noopener noreferrer nofollow\" target=\"_blank\">gaz ziemny (LNG)<\/a> ma by\u0107 zakazany ju\u017c od ko\u0144ca 2026 roku, podczas gdy tradycyjny gazoci\u0105gami przestanie by\u0107 importowany od jesieni 2027 roku.<\/p>\n<p>&#8211; To du\u017ce zwyci\u0119stwo dla nas i\u00a0ca\u0142ej Europy. Musimy po\u0142o\u017cy\u0107 kres uzale\u017cnieniu UE od rosyjskiego gazu, a\u00a0zakazanie go na sta\u0142e w\u00a0UE jest wa\u017cnym krokiem w\u00a0dobr\u0105 stron\u0119 &#8211;\u00a0o\u015bwiadczy\u0142 du\u0144ski minister ds. energii i\u00a0klimatu Lars Aagaard.<\/p>\n<p> <img role=\"presentation\" class=\"absolute left-1\/2 top-1\/2 max-h-[80%] max-w-[100px] -translate-x-1\/2 -translate-y-1\/2\" src=\"https:\/\/v.wpimg.pl\/ZXJfd3AudTkrBBIAbg54LGhcRlAxHQUrPgJGH2MAeGJoSQ1eIBI_K2UHAEVuBTY5KQMMXC0RPyoVERQdMgM9ejc\" loading=\"lazy\" decoding=\"async\"\/> <\/p>\n<p>Aby nowe regulacje prawne mog\u0142y wej\u015b\u0107 w\u00a0\u017cycie, konieczne jest ich formalne zatwierdzenie zar\u00f3wno przez Parlament Europejski, jak i\u00a0Rad\u0119 Europejsk\u0105.<\/p>\n<p>W pa\u017adzierniku z\u00a0Rosji pochodzi\u0142o 12 proc. gazu sprowadzonego do UE, podczas gdy przed rozpocz\u0119ciem przez Moskw\u0119 w\u00a02022 roku inwazji na Ukrain\u0119 na pe\u0142n\u0105 skal\u0119 odsetek ten wynosi\u0142 45 proc. Gaz z\u00a0Rosji wci\u0105\u017c importuj\u0105 mi\u0119dzy innymi W\u0119gry, Francja i\u00a0Belgia &#8211;\u00a0poda\u0142a agencja Reutera.<\/p>\n<p> <img role=\"presentation\" class=\"absolute left-1\/2 top-1\/2 max-h-[80%] max-w-[100px] -translate-x-1\/2 -translate-y-1\/2\" src=\"https:\/\/v.wpimg.pl\/ZXJfd3AudTkrBBIAbg54LGhcRlAxHQUrPgJGH2MAeGJoSQ1eIBI_K2UHAEVuBTY5KQMMXC0RPyoVERQdMgM9ejc\" loading=\"lazy\" decoding=\"async\"\/> <\/p>\n<p>Rzecznik Kremla, Dmitrij Pieskow, skrytykowa\u0142 decyzj\u0119 Unii, ostrzegaj\u0105c, \u017ce mo\u017ce ona uczyni\u0107 Europ\u0119 mniej konkurencyjn\u0105 oraz wp\u0142yn\u0105\u0107 na wzrost cen dla konsument\u00f3w.<\/p>\n","protected":false},"excerpt":{"rendered":"W\u0119gierski minister spraw zagranicznych Peter Szijjarto og\u0142osi\u0142, \u017ce W\u0119gry oraz S\u0142owacja zamierzaj\u0105 z\u0142o\u017cy\u0107 skarg\u0119 do Trybuna\u0142u Sprawiedliwo\u015bci Unii&hellip;\n","protected":false},"author":2,"featured_media":130740,"comment_status":"","ping_status":"","sticky":false,"template":"","format":"standard","meta":{"footnotes":""},"categories":[14],"tags":[32,33,27,34,35,28,31,25,40,41,80,29,30,26,82,83,84],"class_list":{"0":"post-130739","1":"post","2":"type-post","3":"status-publish","4":"format-standard","5":"has-post-thumbnail","7":"category-swiat","8":"tag-breaking-news","9":"tag-breakingnews","10":"tag-headlines","11":"tag-latest-news","12":"tag-latestnews","13":"tag-naglowki","14":"tag-najwazniejsze-artykuly","15":"tag-news","16":"tag-polish","17":"tag-polski","18":"tag-swiat","19":"tag-top-stories","20":"tag-topstories","21":"tag-wiadomosci","22":"tag-world","23":"tag-world-news","24":"tag-worldnews"},"share_on_mastodon":{"url":"https:\/\/pubeurope.com\/@pl\/115655871781507930","error":""},"_links":{"self":[{"href":"https:\/\/www.europesays.com\/pl\/wp-json\/wp\/v2\/posts\/130739","targetHints":{"allow":["GET"]}}],"collection":[{"href":"https:\/\/www.europesays.com\/pl\/wp-json\/wp\/v2\/posts"}],"about":[{"href":"https:\/\/www.europesays.com\/pl\/wp-json\/wp\/v2\/types\/post"}],"author":[{"embeddable":true,"href":"https:\/\/www.europesays.com\/pl\/wp-json\/wp\/v2\/users\/2"}],"replies":[{"embeddable":true,"href":"https:\/\/www.europesays.com\/pl\/wp-json\/wp\/v2\/comments?post=130739"}],"version-history":[{"count":0,"href":"https:\/\/www.europesays.com\/pl\/wp-json\/wp\/v2\/posts\/130739\/revisions"}],"wp:featuredmedia":[{"embeddable":true,"href":"https:\/\/www.europesays.com\/pl\/wp-json\/wp\/v2\/media\/130740"}],"wp:attachment":[{"href":"https:\/\/www.europesays.com\/pl\/wp-json\/wp\/v2\/media?parent=130739"}],"wp:term":[{"taxonomy":"category","embeddable":true,"href":"https:\/\/www.europesays.com\/pl\/wp-json\/wp\/v2\/categories?post=130739"},{"taxonomy":"post_tag","embeddable":true,"href":"https:\/\/www.europesays.com\/pl\/wp-json\/wp\/v2\/tags?post=130739"}],"curies":[{"name":"wp","href":"https:\/\/api.w.org\/{rel}","templated":true}]}}