{"id":130743,"date":"2025-12-03T13:29:18","date_gmt":"2025-12-03T13:29:18","guid":{"rendered":"https:\/\/www.europesays.com\/pl\/130743\/"},"modified":"2025-12-03T13:29:18","modified_gmt":"2025-12-03T13:29:18","slug":"mamy-medale-ogromny-sukces-polakow-na-start-me-co-za-wyczyn-przeglad-sportowy-onet","status":"publish","type":"post","link":"https:\/\/www.europesays.com\/pl\/130743\/","title":{"rendered":"Mamy medale! Ogromny sukces Polak\u00f3w na start ME. Co za wyczyn &#8211; Przegl\u0105d Sportowy Onet"},"content":{"rendered":"<ol>\n<li><a href=\"https:\/\/news.google.com\/rss\/articles\/CBMirgFBVV95cUxQeUtJLWM4SEM1QjY5dFN6RC1ITVlxSkp3S00ySlA5YnlHT043T1dSMV9UV000bE1BRnNQQlhnZm5MZ0NMWThhLUt2R3Q3VFowem52X1l4V0VZQmZNVFBrZ0tXY2dBNDU5VkN6bHZTZHRra2R0LXRTUTFJb2VTX0dQWlhNQXRaaXFIZHVWc1d1ZUZwWUtYNFpuNVN2OUlzdVV0QXBKWk5jb3EzZ2lWcGc?oc=5\" target=\"_blank\" rel=\"nofollow noopener\">Mamy medale! Ogromny sukces Polak\u00f3w na start ME. Co za wyczyn<\/a>&nbsp;&nbsp;Przegl\u0105d Sportowy Onet<\/li>\n<li><a href=\"https:\/\/news.google.com\/rss\/articles\/CBMisgFBVV95cUxQd0wxbnNDYnZrUUdUdDN2ck5LZkpyWVBEVkFLRUVvM1hUV0FyeEs1WnZTX2xKeC1COEJvYVhKVU93T1BVeHhxY0VTbGxoQURrbkExdFhLTEV5TlB0dG56eWJDX1lBMzhCQ1VwdmNIOGlCTDlTT0VkeTZxN1N1SnFMdVFUdHBLal9hREJTdVItSE5TMFcwTGFVekpfV0FMejFlVjl5TGV4VzgtSHRSTy10bVBR?oc=5\" target=\"_blank\" rel=\"nofollow noopener\">Cudowny pocz\u0105tek mistrzostw Europy. Polacy ju\u017c maj\u0105 dwa medale zdobyte na w\u0142asnej ziemi<\/a>&nbsp;&nbsp;Sport w INTERIA.PL<\/li>\n<li><a href=\"https:\/\/news.google.com\/rss\/articles\/CBMivAFBVV95cUxPTEswWTBoRFZfVlhxQ1RsZlgxbGc4RHpEb0t2WnNhRU5WZTYySnk1QTBEZHNwNVJaSUJyOUc3Mm1YVkJ4QUpSZS1WSjdCejJJTjA3c2pwTDV3ZmphbFF2ZXJqX2pzdjBLWHBvWTN5SlZSaXdNanhOckVtRDBYdU5LUE91T2tJTU5YTVZvNGJNZzBCbTFNUjZIZXc2blNEdTBvNXlucVNPMmxGMUVLUXpwbVhnNkxfMXhsNmZ6SA?oc=5\" target=\"_blank\" rel=\"nofollow noopener\">23-latek zapowiada rekord Polski. Chce go pobi\u0107 na mistrzostwach Europy<\/a>&nbsp;&nbsp;Przegl\u0105d Sportowy Onet<\/li>\n<li><a href=\"https:\/\/news.google.com\/rss\/articles\/CBMifEFVX3lxTE03MEJsejBONTNMVFhGcVRuVFQ0OEhzZVhWV0lDNFlTZ0ZhckduVWRPeHdQMHYyak93OVMtUjZnd1A2Wk9OSkZNdGxjRTVSX2dQQ3ZvR3FzcG5rdWFFZ2Vuc2Q0Sk40YkF0Z1BCTjRtVmY5cGdaSVQySVpIYTQ?oc=5\" target=\"_blank\" rel=\"nofollow noopener\">\u0141\u00f3dzki dzie\u0144 w Lublinie<\/a>&nbsp;&nbsp;Urz\u0105d Marsza\u0142kowski Wojew\u00f3dztwa \u0141\u00f3dzkiego<\/li>\n<li><a href=\"https:\/\/news.google.com\/rss\/articles\/CBMioAFBVV95cUxOX18xZkcyWkQ5UDI4T1ZHaTVhZUc1eHk4WjJMLW03aUI3cGVRTTVQUFZGalB1aGZHX05rang2cG0zcGNIcm9HdkNUSjVEbFZyNk5RZ1VNdDhVVmRnaHRMOWk0R2c3X2FmQ1BldUpLVUxjcVFEWlZNQWRHX0dHNnVKU0pCMi1wR1k2RS1pM1htZ2g2VmpWODdsMk9qZWFqSGJO?oc=5\" target=\"_blank\" rel=\"nofollow noopener\">Katarzyna Wasick: Wierz\u0119, \u017ce start w Polsce nas poniesie<\/a>&nbsp;&nbsp;SportoweFakty<\/li>\n<\/ol>\n","protected":false},"excerpt":{"rendered":"Mamy medale! Ogromny sukces Polak\u00f3w na start ME. Co za wyczyn&nbsp;&nbsp;Przegl\u0105d Sportowy Onet Cudowny pocz\u0105tek mistrzostw Europy. Polacy&hellip;\n","protected":false},"author":2,"featured_media":130744,"comment_status":"","ping_status":"","sticky":false,"template":"","format":"standard","meta":{"footnotes":""},"categories":[5],"tags":[32,33,36,37,27,67,34,35,28,31,25,549,42,6095,38,40,39,41,136,128,47,135,29,30,26],"class_list":{"0":"post-130743","1":"post","2":"type-post","3":"status-publish","4":"format-standard","5":"has-post-thumbnail","7":"category-naglowki","8":"tag-breaking-news","9":"tag-breakingnews","10":"tag-featured-news","11":"tag-featurednews","12":"tag-headlines","13":"tag-intextvideo_splayer","14":"tag-latest-news","15":"tag-latestnews","16":"tag-naglowki","17":"tag-najwazniejsze-artykuly","18":"tag-news","19":"tag-pber","20":"tag-pl","21":"tag-plywanie","22":"tag-poland","23":"tag-polish","24":"tag-polska","25":"tag-polski","26":"tag-ps_detal_new","27":"tag-psv2","28":"tag-screening_general","29":"tag-sport_sport","30":"tag-top-stories","31":"tag-topstories","32":"tag-wiadomosci"},"share_on_mastodon":{"url":"https:\/\/pubeurope.com\/@pl\/115655879688401154","error":""},"_links":{"self":[{"href":"https:\/\/www.europesays.com\/pl\/wp-json\/wp\/v2\/posts\/130743","targetHints":{"allow":["GET"]}}],"collection":[{"href":"https:\/\/www.europesays.com\/pl\/wp-json\/wp\/v2\/posts"}],"about":[{"href":"https:\/\/www.europesays.com\/pl\/wp-json\/wp\/v2\/types\/post"}],"author":[{"embeddable":true,"href":"https:\/\/www.europesays.com\/pl\/wp-json\/wp\/v2\/users\/2"}],"replies":[{"embeddable":true,"href":"https:\/\/www.europesays.com\/pl\/wp-json\/wp\/v2\/comments?post=130743"}],"version-history":[{"count":0,"href":"https:\/\/www.europesays.com\/pl\/wp-json\/wp\/v2\/posts\/130743\/revisions"}],"wp:featuredmedia":[{"embeddable":true,"href":"https:\/\/www.europesays.com\/pl\/wp-json\/wp\/v2\/media\/130744"}],"wp:attachment":[{"href":"https:\/\/www.europesays.com\/pl\/wp-json\/wp\/v2\/media?parent=130743"}],"wp:term":[{"taxonomy":"category","embeddable":true,"href":"https:\/\/www.europesays.com\/pl\/wp-json\/wp\/v2\/categories?post=130743"},{"taxonomy":"post_tag","embeddable":true,"href":"https:\/\/www.europesays.com\/pl\/wp-json\/wp\/v2\/tags?post=130743"}],"curies":[{"name":"wp","href":"https:\/\/api.w.org\/{rel}","templated":true}]}}