{"id":130829,"date":"2025-12-03T14:20:08","date_gmt":"2025-12-03T14:20:08","guid":{"rendered":"https:\/\/www.europesays.com\/pl\/130829\/"},"modified":"2025-12-03T14:20:08","modified_gmt":"2025-12-03T14:20:08","slug":"malgorzata-ostrowska-mowi-o-mezu-artysta-jest-obecnie-pacjentem-hospicjum","status":"publish","type":"post","link":"https:\/\/www.europesays.com\/pl\/130829\/","title":{"rendered":"Ma\u0142gorzata Ostrowska m\u00f3wi o m\u0119\u017cu. &#8222;Artysta jest obecnie pacjentem hospicjum&#8221;"},"content":{"rendered":"<p class=\"Paragraph_desktopParagraph__U31Gm\"><a href=\"https:\/\/plejada.pl\/malgorzata-ostrowska\" id=\"65d878de-baf3-4287-948d-41dce47ca0a2\" rel=\"nofollow noopener\" target=\"_blank\">Ma\u0142gorzata Ostrowska<\/a> zyska\u0142a ogromn\u0105 popularno\u015b\u0107 jako wokalistka zespo\u0142u <a href=\"https:\/\/plejada.pl\/lombard\" id=\"93049ec2-4813-4f1c-805e-435e47458404\" rel=\"nofollow noopener\" target=\"_blank\">Lombard<\/a>. Razem wylansowali takie hity jak m.in. &#8222;Szklana pogoda&#8221; czy &#8222;Adriatyk, ocean gor\u0105cy&#8221;. W tym czasie artystka pozna\u0142a swojego m\u0119\u017ca \u2014 Jacka, kt\u00f3ry fotografowa\u0142 j\u0105 w czasie koncert\u00f3w z zespo\u0142em. P\u00f3\u017aniej artystka postawi\u0142a na karier\u0119 solow\u0105.<\/p>\n<p class=\"Paragraph_desktopParagraph__U31Gm\">&#8222;To nie by\u0142a mi\u0142o\u015b\u0107 od pierwszego wejrzenia. Zanim stworzyli\u015bmy zwi\u0105zek, znali\u015bmy si\u0119 na p\u0142aszczy\u017anie towarzyskiej. \u017by\u0142am w\u00f3wczas w ci\u0105g\u0142ym biegu, on wiedzia\u0142, jaki tryb \u017cycia prowadz\u0119&#8221; \u2014 powiedzia\u0142a w wywiadzie dla &#8222;Vivy!&#8221;.<\/p>\n<p class=\"Paragraph_desktopParagraph__U31Gm\">Para wsp\u00f3lnie wychowuje syna. Po jego narodzinach Ostrowska szybko wr\u00f3ci\u0142a na scen\u0119, \u0142\u0105cz\u0105c macierzy\u0144stwo z intensywn\u0105 dzia\u0142alno\u015bci\u0105 artystyczn\u0105.<\/p>\n<blockquote>\n<p class=\"Paragraph_desktopParagraph__U31Gm\">Twierdzi\u0142am wtedy, \u017ce m\u00f3j syn ma wyrodn\u0105 matk\u0119, ale za to ma wspania\u0142ego ojca<\/p>\n<\/blockquote>\n<p class=\"Paragraph_desktopParagraph__U31Gm\">\u2014 podkre\u015bli\u0142a.<\/p>\n<ul class=\"OchatFollowUps_wrapper__1ry7X\">\n<li class=\"OchatFollowUps_item__Dhyly OchatFollowUps_itemDesktop__R6aBv\">Dlaczego Jacek Gulczy\u0144ski przebywa w hospicjum?<\/li>\n<li class=\"OchatFollowUps_item__Dhyly OchatFollowUps_itemDesktop__R6aBv\">Jakie prace Jacka Gulczy\u0144skiego b\u0119d\u0105 prezentowane na wystawie?<\/li>\n<li class=\"OchatFollowUps_item__Dhyly OchatFollowUps_itemDesktop__R6aBv\">Kiedy odb\u0119dzie si\u0119 wernisa\u017c wystawy Jacka Gulczy\u0144skiego?<\/li>\n<li class=\"OchatFollowUps_item__Dhyly OchatFollowUps_itemDesktop__R6aBv\">Jakie s\u0105 relacje Ma\u0142gorzaty Ostrowskiej i Jacka Gulczy\u0144skiego?<\/li>\n<\/ul>\n<p>M\u0105\u017c Ma\u0142gorzaty Ostrowskiej przebywa w hospicjum <\/p>\n<p class=\"Paragraph_desktopParagraph__U31Gm\">W swoim najnowszym po\u015bcie na Instagramie piosenkarka zamie\u015bci\u0142a fotografi\u0119 m\u0119\u017ca, zapowiadaj\u0105c wystaw\u0119 jego prac. Jak ujawni\u0142a, wernisa\u017c zaplanowano w pozna\u0144skim hospicjum, w kt\u00f3rym Jacek Gulczy\u0144ski aktualnie przebywa jako pacjent.<\/p>\n<blockquote>\n<p class=\"Paragraph_desktopParagraph__U31Gm\">W najbli\u017csz\u0105 \u015brod\u0119 3.12.2025, o godz. 18.00 w holu pozna\u0144skiego Hospicjum Palium odb\u0119dzie si\u0119 wernisa\u017c wystawy Jacka Gulczy\u0144skiego pt. ROGALIN. Artysta jest obecnie pacjentem Hospicjum, ale obiecuje, \u017ce z rado\u015bci\u0105 spotka si\u0119 ze znajomymi, fanami i wszystkimi odwiedzaj\u0105cymi wystaw\u0119. Serdecznie zapraszamy<\/p>\n<\/blockquote>\n<p class=\"Paragraph_desktopParagraph__U31Gm\">\u2014 czytamy.<\/p>\n<p class=\"Paragraph_desktopParagraph__U31Gm\">Pod wpisem pojawi\u0142a si\u0119 lawina komentarzy.<\/p>\n<p class=\"Paragraph_desktopParagraph__U31Gm\">&#8222;Du\u017co, du\u017co zdrowia dla pana Jacka&#8221;<\/p>\n<p class=\"Paragraph_desktopParagraph__U31Gm\">&#8222;Du\u017co zdrowia dla pana Jacka \u017cycz\u0119&#8221;<\/p>\n<p class=\"Paragraph_desktopParagraph__U31Gm\">&#8222;Du\u017co si\u0142y i zdrowia&#8221;<\/p>\n<p class=\"Paragraph_desktopParagraph__U31Gm\">&#8222;Bardzo du\u017co zdrowia, si\u0142y i wytrwa\u0142o\u015bci&#8221;<\/p>\n<p class=\"Paragraph_desktopParagraph__U31Gm\">Zobacz te\u017c: <a href=\"https:\/\/plejada.pl\/newsy\/malgorzata-ostrowska-nie-wytrzymala-po-wizycie-w-hotelu-50-stopni-w-sypialni\/59lycyy\" id=\"887222f9-28a6-46ae-8263-31bcd2e01f4c\" rel=\"nofollow noopener\" target=\"_blank\">Ma\u0142gorzata Ostrowska nie wytrzyma\u0142a po wizycie w hotelu. &#8222;Jest jakie\u015b 50 stopni w sypialni&#8221;<\/a><\/p>\n<p class=\"Paragraph_desktopParagraph__U31Gm\">Dzi\u0119kujemy, \u017ce przeczyta\u0142a\u015b\/e\u015b nasz artyku\u0142 do ko\u0144ca. W serwisie Plejada.pl ka\u017cdego dnia piszemy o najwa\u017cniejszych wydarzeniach show-biznesowych. B\u0105d\u017a na bie\u017c\u0105co! <a rel=\"nofollow noopener\" href=\"https:\/\/news.google.com\/publications\/CAAiEF0PeAlb7W1llpV_mwV2rL4qFAgKIhBdD3gJW-1tZZaVf5sFdqy-?hl=pl&amp;gl=PL&amp;ceid=PL%3Apl\" id=\"7361335c-4cf9-49fb-9d0b-2de436e2bd99\" target=\"_blank\">Obserwuj<\/a> Plejad\u0119 w Wiadomo\u015bciach Google. Odwied\u017a nas tak\u017ce na <a rel=\"nofollow noopener\" href=\"https:\/\/www.facebook.com\/plejadapl\" id=\"04b193a2-213f-4d85-8ef1-9bf1e311f4d2\" target=\"_blank\">Facebooku<\/a>, <a rel=\"nofollow noopener\" href=\"https:\/\/www.instagram.com\/plejadapl\/\" id=\"f337d79e-d1ca-40c3-bb08-ecda4b05e4f0\" target=\"_blank\">Instagramie<\/a>, <a rel=\"nofollow noopener\" href=\"https:\/\/www.youtube.com\/c\/plejada\" id=\"8c07456b-6bdd-40b0-9c44-739828d624fb\" target=\"_blank\">YouTubie<\/a> oraz <a rel=\"nofollow noopener\" href=\"https:\/\/www.tiktok.com\/@plejada_pl\" id=\"1e4fc56a-9ac1-4197-b355-c7fc5596e329\" target=\"_blank\">TikToku<\/a>.<\/p>\n<p class=\"Paragraph_desktopParagraph__U31Gm\">Chcesz podzieli\u0107 si\u0119 ciekawym newsem lub zaproponowa\u0107 temat? Skontaktuj si\u0119 z nami, pisz\u0105c maila na adres: plejada@redakcjaonet.pl.<\/p>\n<p><script async src=\"\/\/www.instagram.com\/embed.js\"><\/script><script async src=\"\/\/www.tiktok.com\/embed.js\"><\/script><\/p>\n","protected":false},"excerpt":{"rendered":"Ma\u0142gorzata Ostrowska zyska\u0142a ogromn\u0105 popularno\u015b\u0107 jako wokalistka zespo\u0142u Lombard. Razem wylansowali takie hity jak m.in. &#8222;Szklana pogoda&#8221; czy&hellip;\n","protected":false},"author":2,"featured_media":130830,"comment_status":"","ping_status":"","sticky":false,"template":"","format":"standard","meta":{"footnotes":""},"categories":[22],"tags":[122,67,27357,53,52,68,51,55,42,38,40,39,41,123,47,196,65,50],"class_list":{"0":"post-130829","1":"post","2":"type-post","3":"status-publish","4":"format-standard","5":"has-post-thumbnail","7":"category-rozrywka","8":"tag-entertainment","9":"tag-intextvideo_splayer","10":"tag-malgorzata_ostrowska_piosenkarka","11":"tag-new_header","12":"tag-onet3","13":"tag-onet3d","14":"tag-onet3d_2i","15":"tag-phx","16":"tag-pl","17":"tag-poland","18":"tag-polish","19":"tag-polska","20":"tag-polski","21":"tag-rozrywka","22":"tag-screening_general","23":"tag-styl_zycia","24":"tag-update_me","25":"tag-v2021"},"share_on_mastodon":{"url":"https:\/\/pubeurope.com\/@pl\/115656079628531046","error":""},"_links":{"self":[{"href":"https:\/\/www.europesays.com\/pl\/wp-json\/wp\/v2\/posts\/130829","targetHints":{"allow":["GET"]}}],"collection":[{"href":"https:\/\/www.europesays.com\/pl\/wp-json\/wp\/v2\/posts"}],"about":[{"href":"https:\/\/www.europesays.com\/pl\/wp-json\/wp\/v2\/types\/post"}],"author":[{"embeddable":true,"href":"https:\/\/www.europesays.com\/pl\/wp-json\/wp\/v2\/users\/2"}],"replies":[{"embeddable":true,"href":"https:\/\/www.europesays.com\/pl\/wp-json\/wp\/v2\/comments?post=130829"}],"version-history":[{"count":0,"href":"https:\/\/www.europesays.com\/pl\/wp-json\/wp\/v2\/posts\/130829\/revisions"}],"wp:featuredmedia":[{"embeddable":true,"href":"https:\/\/www.europesays.com\/pl\/wp-json\/wp\/v2\/media\/130830"}],"wp:attachment":[{"href":"https:\/\/www.europesays.com\/pl\/wp-json\/wp\/v2\/media?parent=130829"}],"wp:term":[{"taxonomy":"category","embeddable":true,"href":"https:\/\/www.europesays.com\/pl\/wp-json\/wp\/v2\/categories?post=130829"},{"taxonomy":"post_tag","embeddable":true,"href":"https:\/\/www.europesays.com\/pl\/wp-json\/wp\/v2\/tags?post=130829"}],"curies":[{"name":"wp","href":"https:\/\/api.w.org\/{rel}","templated":true}]}}