{"id":130920,"date":"2025-12-03T15:30:08","date_gmt":"2025-12-03T15:30:08","guid":{"rendered":"https:\/\/www.europesays.com\/pl\/130920\/"},"modified":"2025-12-03T15:30:08","modified_gmt":"2025-12-03T15:30:08","slug":"mariusz-bienkowski-zmarl-nagle-podczas-wystepu-muzyk-mial-zaledwie-44-lata","status":"publish","type":"post","link":"https:\/\/www.europesays.com\/pl\/130920\/","title":{"rendered":"Mariusz Bie\u0144kowski zmar\u0142 nagle podczas wyst\u0119pu. Muzyk mia\u0142 zaledwie 44 lata"},"content":{"rendered":"<p class=\"article-p\" data-section=\"detail-body\">Mariusz Bie\u0144kowski by\u0142 postaci\u0105 dobrze znan\u0105 w powiecie nowomiejskim. Jako muzyk i wodzirej zapewnia\u0142 opraw\u0119 muzyczn\u0105 licznych rodzinnych uroczysto\u015bci. By\u0142 tak\u017ce aktywnym cz\u0142onkiem lokalnej spo\u0142eczno\u015bci, wcielaj\u0105c si\u0119 w rol\u0119 Miko\u0142aja podczas wydarze\u0144 dla dzieci oraz anga\u017cuj\u0105c si\u0119 w r\u00f3\u017cnorodne inicjatywy. Przyjaciele wspominaj\u0105 go jako osob\u0119, kt\u00f3ra potrafi\u0142a roz\u015bwietli\u0107 ka\u017cd\u0105 chwil\u0119 swoim u\u015bmiechem.<\/p>\n<p>        Mariusz Bie\u0144kowski nie \u017cyje. Muzyk zmar\u0142 nagle w wieku 44 lat<\/p>\n<p class=\"article-p\" data-section=\"detail-body\">29 listopada Mariusz Bie\u0144kowski niespodziewanie zas\u0142ab\u0142, co wywo\u0142a\u0142o natychmiastow\u0105 interwencj\u0119 obecnych na miejscu go\u015bci, stra\u017cak\u00f3w z Bratiana oraz ratownik\u00f3w medycznych z Nowego Miasta Lubawskiego. Pomimo intensywnych dzia\u0142a\u0144, serce muzyka nie podj\u0119\u0142o pracy. Bliscy artysty podkre\u015blaj\u0105, \u017ce odszed\u0142, robi\u0105c to, co kocha\u0142 \u2014 graj\u0105c dla innych.<\/p>\n<p class=\"article-p\" data-section=\"detail-body\">&#8222;Odszed\u0142e\u015b niespodziewanie w sobotni wiecz\u00f3r (29.11.2025), podczas tego, co lubi\u0142e\u015b robi\u0107 najbardziej, czyli grania i \u015bpiewania na imprezach. \u015amier\u0107 zakrad\u0142a si\u0119 niespodziewanie jak z\u0142odziej. Byli\u015bmy przy Tobie do ko\u0144ca reanimacji, modl\u0105c si\u0119, prosz\u0105c Pana Boga, aby Twoje serce ruszy\u0142o&#8230; jednak czas p\u0142yn\u0105\u0142, a serduszko nie wraca\u0142o&#8221; \u2014 przekaza\u0142 Rafa\u0142 Marszelewski, fotograf z Lubawy i szwagier Bie\u0144kowskiego, cytowany przez Info I\u0142awa.<\/p>\n<p class=\"article-p\" data-section=\"detail-body\">Opr\u00f3cz dzia\u0142alno\u015bci muzycznej Mariusz by\u0142 osob\u0105 g\u0142\u0119boko wierz\u0105c\u0105. W ci\u0105gu \u017cycia uczestniczy\u0142 w 18 pieszych pielgrzymkach na Jasn\u0105 G\u00f3r\u0119, zawsze nosz\u0105c przy sobie obrazek Matki Bo\u017cej. Jego wiara by\u0142a dla wielu inspiracj\u0105, a on sam pozostawa\u0142 wzorem do na\u015bladowania.<\/p>\n<p>        Ostatnie po\u017cegnanie Mariusza Bie\u0144kowskiego<\/p>\n<p class=\"article-p\" data-section=\"detail-body\">Pogrzeb Mariusza Bie\u0144kowskiego odby\u0142 si\u0119 3 grudnia w Ko\u015bciele Niepokalanego Pocz\u0119cia Naj\u015bwi\u0119tszej Marii Panny w I\u0142awie. Po mszy \u017ca\u0142obnej cia\u0142o zosta\u0142o z\u0142o\u017cone na miejscowym cmentarzu komunalnym. Jego niespodziewana \u015bmier\u0107 pozostawi\u0142a ogromn\u0105 pustk\u0119 w sercach bliskich oraz lokalnej spo\u0142eczno\u015bci. <\/p>\n<p class=\"article-p\" data-section=\"detail-body\">Bliskim muzyka sk\u0142adamy najszczersze kondolencje.<\/p>\n<p class=\"article-p\" data-section=\"detail-body\"><a href=\"https:\/\/www.fakt.pl\/wydarzenia\/nie-zyje-grzegorz-wolny-lider-zespolu-popiol-byl-tworca-festiwalu\/yv1g4w9\" id=\"1422ddb0-a125-4011-af73-0ee8fe1c2c9b\" rel=\"nofollow noopener\" target=\"_blank\">Nie \u017cyje tw\u00f3rca popularnego festiwalu. &#8222;Szybko sta\u0142 si\u0119 cz\u0119\u015bci\u0105 naszej codzienno\u015bci&#8221;<\/a><\/p>\n<p class=\"article-p\" data-section=\"detail-body\"><a href=\"https:\/\/ludzie.fakt.pl\/nie-zyje-28-letni-artysta-kim-byl-daniel-kowacki\/4py6pqz\" id=\"c0fbb20f-87e6-4612-8d08-e97a4e94e692\" rel=\"nofollow noopener\" target=\"_blank\">&#8222;Nag\u0142a&#8221; \u015bmier\u0107 28-letniego muzyka. Nie \u017cyje Daniel Kowacki<\/a><\/p>\n<p class=\"article-p\" data-section=\"detail-body\"><a href=\"https:\/\/ludzie.fakt.pl\/nie-zyje-andrzej-kolakowski-znanego-poete-pozegnal-sam-prezydent\/f9x072w\" id=\"20560ef3-ae6b-4221-8bae-5fd71ec1db21\" rel=\"nofollow noopener\" target=\"_blank\">Nie \u017cyje znany poeta i pie\u015bniarz. Po\u017cegna\u0142 go Karol Nawrocki<\/a><\/p>\n","protected":false},"excerpt":{"rendered":"Mariusz Bie\u0144kowski by\u0142 postaci\u0105 dobrze znan\u0105 w powiecie nowomiejskim. Jako muzyk i wodzirej zapewnia\u0142 opraw\u0119 muzyczn\u0105 licznych rodzinnych&hellip;\n","protected":false},"author":2,"featured_media":130921,"comment_status":"","ping_status":"","sticky":false,"template":"","format":"standard","meta":{"footnotes":""},"categories":[22],"tags":[122,42,38,40,39,41,123],"class_list":{"0":"post-130920","1":"post","2":"type-post","3":"status-publish","4":"format-standard","5":"has-post-thumbnail","7":"category-rozrywka","8":"tag-entertainment","9":"tag-pl","10":"tag-poland","11":"tag-polish","12":"tag-polska","13":"tag-polski","14":"tag-rozrywka"},"share_on_mastodon":{"url":"https:\/\/pubeurope.com\/@pl\/115656355011983877","error":""},"_links":{"self":[{"href":"https:\/\/www.europesays.com\/pl\/wp-json\/wp\/v2\/posts\/130920","targetHints":{"allow":["GET"]}}],"collection":[{"href":"https:\/\/www.europesays.com\/pl\/wp-json\/wp\/v2\/posts"}],"about":[{"href":"https:\/\/www.europesays.com\/pl\/wp-json\/wp\/v2\/types\/post"}],"author":[{"embeddable":true,"href":"https:\/\/www.europesays.com\/pl\/wp-json\/wp\/v2\/users\/2"}],"replies":[{"embeddable":true,"href":"https:\/\/www.europesays.com\/pl\/wp-json\/wp\/v2\/comments?post=130920"}],"version-history":[{"count":0,"href":"https:\/\/www.europesays.com\/pl\/wp-json\/wp\/v2\/posts\/130920\/revisions"}],"wp:featuredmedia":[{"embeddable":true,"href":"https:\/\/www.europesays.com\/pl\/wp-json\/wp\/v2\/media\/130921"}],"wp:attachment":[{"href":"https:\/\/www.europesays.com\/pl\/wp-json\/wp\/v2\/media?parent=130920"}],"wp:term":[{"taxonomy":"category","embeddable":true,"href":"https:\/\/www.europesays.com\/pl\/wp-json\/wp\/v2\/categories?post=130920"},{"taxonomy":"post_tag","embeddable":true,"href":"https:\/\/www.europesays.com\/pl\/wp-json\/wp\/v2\/tags?post=130920"}],"curies":[{"name":"wp","href":"https:\/\/api.w.org\/{rel}","templated":true}]}}