{"id":130924,"date":"2025-12-03T15:32:10","date_gmt":"2025-12-03T15:32:10","guid":{"rendered":"https:\/\/www.europesays.com\/pl\/130924\/"},"modified":"2025-12-03T15:32:10","modified_gmt":"2025-12-03T15:32:10","slug":"nowa-huta-zielone-swiatlo-dla-gigantycznej-inwestycji-7r","status":"publish","type":"post","link":"https:\/\/www.europesays.com\/pl\/130924\/","title":{"rendered":"Nowa Huta. Zielone \u015bwiat\u0142o dla gigantycznej inwestycji 7R"},"content":{"rendered":"<p>Kompleks powstanie na terenach Ruszczy, przy ulicy Igo\u0142omskiej.<\/p>\n<p>\u2013 Nasza inwestycja w Nowej Hucie to istotny krok w dostarczaniu nowoczesnej infrastruktury. \u0141\u0105cz\u0105c doskona\u0142\u0105 komunikacj\u0119 z zaawansowan\u0105 technologi\u0105, tworzymy wydajny projekt zar\u00f3wno dla najemc\u00f3w, jak i lokalnej spo\u0142eczno\u015bci \u2013 podkre\u015bla Magda Uler-K\u0142eczek, cz\u0142onek zarz\u0105du w 7R.<\/p>\n<p>Inteligentna infrastruktura<\/p>\n<p>Inwestycja stawia na automatyzacj\u0119 i inteligentne systemy zarz\u0105dzania (BMS). Deweloper zaplanowa\u0142 przejrzysty podzia\u0142 stref oraz uk\u0142ady dojazdowe, kt\u00f3re maj\u0105 usprawni\u0107 logistyk\u0119 i zaoszcz\u0119dzi\u0107 czas najemc\u00f3w.<\/p>\n<p>Proces komercjalizacji ju\u017c ruszy\u0142. Zdaniem inwestora, 7R Hub Nowa Huta przyci\u0105ga uwag\u0119 firm technologicznych, produkcyjnych oraz operator\u00f3w logistycznych. \u2013 Obecnie finalizujemy negocjacje z podmiotami z bran\u017cy lekkiej produkcji i us\u0142ug \u2013 informuj\u0105 przedstawiciele firmy.<\/p>\n<p>                  <img decoding=\"async\" loading=\"lazy\" width=\"744\" height=\"418\" src=\"https:\/\/www.europesays.com\/pl\/wp-content\/uploads\/2025\/12\/42f0ed87fec47567890710f20b9b6dd6.jpg.webp\" alt=\"7R - Wizualizacja inwestycji\"\/><\/p>\n<p>7R &#8211; Wizualizacja inwestycji<\/p>\n<p>Ziele\u0144 na poprzemys\u0142owym gruncie<\/p>\n<p>Obecnie trwaj\u0105 ostatnie przygotowania do startu budowy \u2013 grunt poddano remediacji, a wyb\u00f3r generalnego wykonawcy jest na finiszu. Projekt ma wyr\u00f3\u017cnia\u0107 si\u0119 dba\u0142o\u015bci\u0105 o \u015brodowisko. Jeden z budynk\u00f3w powstanie w standardzie \u201e7R Green Saver\u201d, co oznacza wykorzystanie pomp ciep\u0142a, bank\u00f3w energii i znacz\u0105c\u0105 redukcj\u0119 emisji CO2.<\/p>\n<p>Deweloper zapowiada r\u00f3wnie\u017c &#8222;zielon\u0105 rewolucj\u0119&#8221; w otoczeniu hal. Pomi\u0119dzy magazynami a drogami zasadzone zostan\u0105 tysi\u0105ce drzew i \u0142\u0105ki kwietne, powstan\u0105 te\u017c strefy relaksu. Celem jest przywr\u00f3cenie r\u00f3wnowagi ekologicznej temu poprzemys\u0142owemu obszarowi.<\/p>\n","protected":false},"excerpt":{"rendered":"Kompleks powstanie na terenach Ruszczy, przy ulicy Igo\u0142omskiej. \u2013 Nasza inwestycja w Nowej Hucie to istotny krok w&hellip;\n","protected":false},"author":2,"featured_media":130925,"comment_status":"","ping_status":"","sticky":false,"template":"","format":"standard","meta":{"footnotes":""},"categories":[16],"tags":[113,112,42,38,40,39,41],"class_list":{"0":"post-130924","1":"post","2":"type-post","3":"status-publish","4":"format-standard","5":"has-post-thumbnail","7":"category-biznes","8":"tag-biznes","9":"tag-business","10":"tag-pl","11":"tag-poland","12":"tag-polish","13":"tag-polska","14":"tag-polski"},"share_on_mastodon":{"url":"https:\/\/pubeurope.com\/@pl\/115656362992138663","error":""},"_links":{"self":[{"href":"https:\/\/www.europesays.com\/pl\/wp-json\/wp\/v2\/posts\/130924","targetHints":{"allow":["GET"]}}],"collection":[{"href":"https:\/\/www.europesays.com\/pl\/wp-json\/wp\/v2\/posts"}],"about":[{"href":"https:\/\/www.europesays.com\/pl\/wp-json\/wp\/v2\/types\/post"}],"author":[{"embeddable":true,"href":"https:\/\/www.europesays.com\/pl\/wp-json\/wp\/v2\/users\/2"}],"replies":[{"embeddable":true,"href":"https:\/\/www.europesays.com\/pl\/wp-json\/wp\/v2\/comments?post=130924"}],"version-history":[{"count":0,"href":"https:\/\/www.europesays.com\/pl\/wp-json\/wp\/v2\/posts\/130924\/revisions"}],"wp:featuredmedia":[{"embeddable":true,"href":"https:\/\/www.europesays.com\/pl\/wp-json\/wp\/v2\/media\/130925"}],"wp:attachment":[{"href":"https:\/\/www.europesays.com\/pl\/wp-json\/wp\/v2\/media?parent=130924"}],"wp:term":[{"taxonomy":"category","embeddable":true,"href":"https:\/\/www.europesays.com\/pl\/wp-json\/wp\/v2\/categories?post=130924"},{"taxonomy":"post_tag","embeddable":true,"href":"https:\/\/www.europesays.com\/pl\/wp-json\/wp\/v2\/tags?post=130924"}],"curies":[{"name":"wp","href":"https:\/\/api.w.org\/{rel}","templated":true}]}}