{"id":130926,"date":"2025-12-03T15:33:08","date_gmt":"2025-12-03T15:33:08","guid":{"rendered":"https:\/\/www.europesays.com\/pl\/130926\/"},"modified":"2025-12-03T15:33:08","modified_gmt":"2025-12-03T15:33:08","slug":"zywiol-pochlonal-ponad-1500-ofiar-tak-zle-nie-bylo-od-dawna","status":"publish","type":"post","link":"https:\/\/www.europesays.com\/pl\/130926\/","title":{"rendered":"\u017bywio\u0142 poch\u0142on\u0105\u0142 ponad 1500 ofiar. Tak \u017ale nie by\u0142o od dawna"},"content":{"rendered":"<p>Ponad 1500 os\u00f3b straci\u0142o \u017cycie w\u00a0wyniku powodzi i\u00a0osuni\u0119\u0107 ziemi, kt\u00f3re dotkn\u0119\u0142y Indonezj\u0119, Sri Lank\u0119 i\u00a0Tajlandi\u0119. Jak poda\u0142y lokalne w\u0142adze, najnowszy bilans ofiar w\u00a0Indonezji wzr\u00f3s\u0142 w\u00a0\u015brod\u0119 do 804, a\u00a0na Sri Lance do 474. Na wyspie Sumatra za zaginione uznaje si\u0119 obecnie 650 os\u00f3b. <\/p>\n<p>Indonezja zosta\u0142a najmocniej dotkni\u0119ta przez kataklizm. Mimo ogromu zniszcze\u0144 i\u00a0apeli polityk\u00f3w oraz organizacji humanitarnych, w\u00a0tym Amnesty International, rz\u0105d w\u00a0D\u017cakarcie nie og\u0142osi\u0142 stanu kl\u0119ski \u017cywio\u0142owej, argumentuj\u0105c, \u017ce zarz\u0105dzanie kryzysowe nale\u017cy do lokalnych w\u0142adz prowincji i\u00a0to one dysponuj\u0105 wystarczaj\u0105cymi zasobami.<\/p>\n<p>By\u0142a 14:30 w\u00a0Zakopanem. Ludzie a\u017c si\u0119 zatrzymywali i\u00a0nagrywali <\/p>\n<p>Zdaniem analityk\u00f3w, w\u0142adze obawiaj\u0105 si\u0119 odstraszenia inwestor\u00f3w oraz postrzegania rz\u0105du jako niezdolnego do zarz\u0105dzania sytuacj\u0105 kryzysow\u0105. Zapewnienia w\u0142adz kontrastuj\u0105 z\u00a0relacjami z\u00a0terenu, gdzie ro\u015bnie frustracja z\u00a0powodu powolnego tempa pomocy \u2014\u00a0zwraca uwag\u0119 agencja AFP. Na Sumatrze, przez zniszczone drogi i\u00a0mosty, wiele rejon\u00f3w pozostaje odci\u0119tych od \u015bwiata.<\/p>\n<p>Najwi\u0119ksza katastrofa na\u00a0wyspie od\u00a02004 r. <\/p>\n<p>Na Sri Lance informowano o\u00a0\u015bmierci 410 os\u00f3b, a\u00a0356 jest nadal zaginionych. To najwi\u0119ksza katastrofa naturalna na wyspie od tsunami w\u00a02004 roku, a\u00a0koszt odbudowy szacowany jest na 7\u00a0mld dolar\u00f3w. <\/p>\n<p>Rz\u0105d w\u00a0Kolombo og\u0142osi\u0142 stan wyj\u0105tkowy i\u00a0zwr\u00f3ci\u0142 si\u0119 o\u00a0pomoc mi\u0119dzynarodow\u0105, deklaruj\u0105c r\u00f3wnie\u017c wsparcie finansowe dla rodzin ofiar. <\/p>\n<p>W po\u0142udniowej Tajlandii zgin\u0119\u0142o co najmniej 267 os\u00f3b. W\u00a0p\u00f3\u0142nocnej Malezji odnotowano dwie ofiary \u015bmiertelne. <\/p>\n<p>Eksperci wskazuj\u0105, \u017ce tragiczny bilans jest wynikiem zmian klimatycznych i\u00a0dzia\u0142alno\u015bci cz\u0142owieka.  Cieplejsza atmosfera zatrzymuje wi\u0119cej wilgoci, a\u00a0wy\u017csze temperatury ocean\u00f3w mog\u0105 wzmacnia\u0107 si\u0142\u0119 burz tropikalnych. Dodatkowo wylesianie teren\u00f3w i\u00a0dzia\u0142alno\u015b\u0107 wydobywcza prowadz\u0105 do zmniejszenia zdolno\u015bci retencyjnych i\u00a0infiltracyjnych gleby, zwi\u0119kszaj\u0105c ryzyko nag\u0142ych wezbra\u0144 i\u00a0powodzi.<\/p>\n","protected":false},"excerpt":{"rendered":"Ponad 1500 os\u00f3b straci\u0142o \u017cycie w\u00a0wyniku powodzi i\u00a0osuni\u0119\u0107 ziemi, kt\u00f3re dotkn\u0119\u0142y Indonezj\u0119, Sri Lank\u0119 i\u00a0Tajlandi\u0119. Jak poda\u0142y lokalne&hellip;\n","protected":false},"author":2,"featured_media":130927,"comment_status":"","ping_status":"","sticky":false,"template":"","format":"standard","meta":{"footnotes":""},"categories":[14],"tags":[32,33,27,34,35,28,31,25,40,41,80,29,30,26,82,83,84],"class_list":{"0":"post-130926","1":"post","2":"type-post","3":"status-publish","4":"format-standard","5":"has-post-thumbnail","7":"category-swiat","8":"tag-breaking-news","9":"tag-breakingnews","10":"tag-headlines","11":"tag-latest-news","12":"tag-latestnews","13":"tag-naglowki","14":"tag-najwazniejsze-artykuly","15":"tag-news","16":"tag-polish","17":"tag-polski","18":"tag-swiat","19":"tag-top-stories","20":"tag-topstories","21":"tag-wiadomosci","22":"tag-world","23":"tag-world-news","24":"tag-worldnews"},"share_on_mastodon":{"url":"https:\/\/pubeurope.com\/@pl\/115656366723243166","error":""},"_links":{"self":[{"href":"https:\/\/www.europesays.com\/pl\/wp-json\/wp\/v2\/posts\/130926","targetHints":{"allow":["GET"]}}],"collection":[{"href":"https:\/\/www.europesays.com\/pl\/wp-json\/wp\/v2\/posts"}],"about":[{"href":"https:\/\/www.europesays.com\/pl\/wp-json\/wp\/v2\/types\/post"}],"author":[{"embeddable":true,"href":"https:\/\/www.europesays.com\/pl\/wp-json\/wp\/v2\/users\/2"}],"replies":[{"embeddable":true,"href":"https:\/\/www.europesays.com\/pl\/wp-json\/wp\/v2\/comments?post=130926"}],"version-history":[{"count":0,"href":"https:\/\/www.europesays.com\/pl\/wp-json\/wp\/v2\/posts\/130926\/revisions"}],"wp:featuredmedia":[{"embeddable":true,"href":"https:\/\/www.europesays.com\/pl\/wp-json\/wp\/v2\/media\/130927"}],"wp:attachment":[{"href":"https:\/\/www.europesays.com\/pl\/wp-json\/wp\/v2\/media?parent=130926"}],"wp:term":[{"taxonomy":"category","embeddable":true,"href":"https:\/\/www.europesays.com\/pl\/wp-json\/wp\/v2\/categories?post=130926"},{"taxonomy":"post_tag","embeddable":true,"href":"https:\/\/www.europesays.com\/pl\/wp-json\/wp\/v2\/tags?post=130926"}],"curies":[{"name":"wp","href":"https:\/\/api.w.org\/{rel}","templated":true}]}}