{"id":130938,"date":"2025-12-03T15:40:13","date_gmt":"2025-12-03T15:40:13","guid":{"rendered":"https:\/\/www.europesays.com\/pl\/130938\/"},"modified":"2025-12-03T15:40:13","modified_gmt":"2025-12-03T15:40:13","slug":"ukraina-byla-rzeczniczka-zelenskiego-julija-mendel-jermak-to-niebezpieczny-czlowiek","status":"publish","type":"post","link":"https:\/\/www.europesays.com\/pl\/130938\/","title":{"rendered":"Ukraina. By\u0142a rzeczniczka Ze\u0142enskiego Julija Mendel: Jermak to niebezpieczny cz\u0142owiek"},"content":{"rendered":"<ul class=\"typography ids-typeset-body ids-typeset-body--preset-large list ids-list ids-list--unordered ids-list--size-large \" datatype=\"disc\">\n<li class=\"ids-list-item\">\n<p>Julija Mendel, by\u0142a rzeczniczka prezydenta Ukrainy, wyrazi\u0142a obawy wzgl\u0119dem Andrija Jermaka, okre\u015blaj\u0105c go jako &#8222;niebezpiecznego cz\u0142owieka&#8221;.<\/p>\n<\/li>\n<li class=\"ids-list-item\">\n<p>Wed\u0142ug Mendel Jermak mia\u0142 wykorzystywa\u0107 polityczne wp\u0142ywy, manipulowa\u0107 informacjami i wp\u0142ywa\u0107 na decyzje Ze\u0142enskiego.<\/p>\n<\/li>\n<li class=\"ids-list-item\">\n<p>Andrij Jermak poda\u0142 si\u0119 do dymisji po przeszukaniu przez s\u0142u\u017cby antykorupcyjne w zwi\u0105zku z afer\u0105 w sektorze energetycznym.<\/p>\n<\/li>\n<li class=\"ids-list-item\">Wi\u0119cej wa\u017cnych informacji znajdziesz na <a class=\"ids-undecorated-link link ids-link link\" href=\"https:\/\/www.interia.pl\/#utm_source=wydarzenia&amp;utm_medium=bullet&amp;utm_campaign=powrot_z_wew&amp;iwa_source=bullet\" target=\"_blank\" rel=\"nofollow noopener\">stronie g\u0142\u00f3wnej Interii<\/a><\/li>\n<\/ul>\n<p class=\"typography ids-typeset-body ids-typeset-body--preset-large link paragraph ids-paragraph ids-paragraph--default\">&#8211; Teraz, kiedy to m\u00f3wi\u0119, jestem przera\u017cona i modl\u0119 si\u0119 ka\u017cdego dnia, i dzi\u0119kuj\u0119 Bogu, \u017ce \u017cyj\u0119, bo Andrij Borysowycz (Jermak &#8211; red.) jest bardzo niebezpiecznym cz\u0142owiekiem. Jest bardzo niebezpiecznym cz\u0142owiekiem. I ci, kt\u00f3rzy go znaj\u0105, to zrozumiej\u0105 &#8211; m\u00f3wi\u0142a Julija Mendel w rozmowie z Radiem Swoboda.<\/p>\n<p class=\"typography ids-typeset-body ids-typeset-body--preset-large link paragraph ids-paragraph ids-paragraph--default\">By\u0142a rzeczniczka prezydenta <a href=\"https:\/\/wydarzenia.interia.pl\/tematy-ukraina,gsbi,3144\" rel=\"nofollow noopener\" target=\"_blank\">Ukrainy<\/a> pytana o to, czego dok\u0142adnie si\u0119 boi i co dok\u0142adnie mo\u017ce jej zrobi\u0107 Andrij Jermak, stwierdzi\u0142a, \u017ce &#8222;jest wiele mo\u017cliwo\u015bci&#8221;.<\/p>\n<p class=\"typography ids-typeset-body ids-typeset-body--preset-large link paragraph ids-paragraph ids-paragraph--default\">&#8211; Od kampanii banalnych oszczerstw, z wykorzystaniem technik politycznych, wszczynania wszelkiego rodzaju atak\u00f3w na tych, kt\u00f3rzy sprzeciwiaj\u0105 si\u0119 Andrijowi Borysowyczowi &#8211; \u017ce s\u0105 albo prorosyjscy, albo zdrajcami &#8211; po fakt, \u017ce ma on pewien wp\u0142yw na organy \u015bcigania, a tam znienacka wszczynane s\u0105 post\u0119powania karne &#8211; zdrada stanu i tak dalej &#8211; wyja\u015bni\u0142a Mendel.<\/p>\n<p>Ukraina. By\u0142a rzecznika Ze\u0142enskiego zarzuca Jermakowi wprowadzanie prezydenta w b\u0142\u0105d<\/p>\n<p class=\"typography ids-typeset-body ids-typeset-body--preset-large link paragraph ids-paragraph ids-paragraph--default\">By\u0142a rzeczniczka doda\u0142a, \u017ce w zwi\u0105zku z tymi dzia\u0142aniami wiele os\u00f3b mia\u0142o zako\u0144czy\u0107 prac\u0119 w kancelarii prezydenta. Ponadto &#8211; jak doda\u0142a &#8211; &#8222;wiele los\u00f3w zosta\u0142o zniszczonych&#8221; przez Andrija Jermaka.<\/p>\n<p class=\"typography ids-typeset-body ids-typeset-body--preset-large link paragraph ids-paragraph ids-paragraph--default\">Julija Mendel doda\u0142a r\u00f3wnie\u017c, \u017ce w 2019 roku Jermak rzekomo zapyta\u0142 jednego ze strateg\u00f3w politycznych USA, w jaki spos\u00f3b m\u00f3g\u0142by zosta\u0107 prezydentem Ukrainy. Jak stwierdzi\u0142a, jego &#8222;ambicje s\u0105 wi\u0119c bardzo du\u017ce&#8221;.<\/p>\n<p class=\"typography ids-typeset-body ids-typeset-body--preset-large link paragraph ids-paragraph ids-paragraph--default\">&#8211; Od 2019 roku buduje sw\u00f3j w\u0142asny pion w\u0142adzy. Wiem, \u017ce w 2019 roku Andrij Jermak, b\u0119d\u0105c w <a href=\"https:\/\/wydarzenia.interia.pl\/tematy-stany-zjednoczone,gsbi,4230\" rel=\"nofollow noopener\" target=\"_blank\">Stanach Zjednoczonych<\/a>, rozmawia\u0142 z konsultantem politycznym i pyta\u0142 go, jak m\u00f3g\u0142by zosta\u0107 prezydentem kraju &#8211; m\u00f3wi\u0142a na antenie Radia Swoboda.<\/p>\n<p class=\"typography ids-typeset-body ids-typeset-body--preset-large link paragraph ids-paragraph ids-paragraph--default\">Wed\u0142ug Mendel Jermak mia\u0142 tak\u017ce rzekomo cz\u0119sto wprowadza\u0107 w b\u0142\u0105d prezydenta Wo\u0142odymyra Ze\u0142enskiego, m.in. przeinaczaj\u0105c informacje lub przekazuj\u0105c je w spos\u00f3b dla niego korzystny. Jej zdaniem to w\u0142a\u015bnie Jermak mia\u0142 przekonywa\u0107 przyw\u00f3dc\u0119 Ukrainy, \u017ce nie dojdzie do inwazji na pe\u0142n\u0105 skal\u0119.<\/p>\n<p class=\"typography ids-typeset-body ids-typeset-body--preset-large link paragraph ids-paragraph ids-paragraph--default\">&#8211; Ta informacja nie pochodzi z medi\u00f3w. Nadal mam sporo kontakt\u00f3w. Powiedzia\u0142a mi o tym wi\u0119cej ni\u017c jedna osoba blisko zwi\u0105zana z tym, co si\u0119 dzieje &#8211; wyja\u015bni\u0142a.<\/p>\n<p class=\"typography ids-typeset-body ids-typeset-body--preset-large link paragraph ids-paragraph ids-paragraph--default\">Dodajmy, \u017ce Ukrai\u0144ska Prawda zwraca uwag\u0119 na fakt, \u017ce w trakcie rozmowy z Radiem Swoboda Julija Mendel m\u00f3wi\u0142a bardzo og\u00f3lnie, odnosz\u0105c si\u0119 do &#8222;swoich do\u015bwiadcze\u0144&#8221;. Nie poda\u0142a jednak \u017cadnych dowod\u00f3w na poparcie swoich s\u0142\u00f3w.<\/p>\n<p>Andrij Jermak poda\u0142 si\u0119 do dymisji. W tle afera korupcyjna. &#8222;Unikn\u0105\u0107 plotek&#8221;<\/p>\n<p class=\"typography ids-typeset-body ids-typeset-body--preset-large link paragraph ids-paragraph ids-paragraph--default\">Przypomnijmy &#8211; Andrij Jermak poda\u0142 si\u0119 do dymisji w ubieg\u0142y pi\u0105tek po tym, jak do jego mieszkania w celu przeszukania\u00a0wesz\u0142y ukrai\u0144skie s\u0142u\u017cby antykorupcyjne.<\/p>\n<p class=\"typography ids-typeset-body ids-typeset-body--preset-large link paragraph ids-paragraph ids-paragraph--default\">\u015aledztwo dotyczy afery korupcyjnej w sprawie krajowego sektora energetycznego, okre\u015blanej jako &#8222;Operacja Midas&#8221;.<\/p>\n<p class=\"typography ids-typeset-body ids-typeset-body--preset-large link paragraph ids-paragraph ids-paragraph--default\">Wed\u0142ug \u015bledczych wykonawcy pa\u0144stwowego koncernu Energoatom mieli by\u0107 zmuszani do p\u0142acenia 10-15 proc. \u0142ap\u00f3wek pod gro\u017ab\u0105 umieszczenia ich na czarnej li\u015bcie. W ten spos\u00f3b oszu\u015bci mogli wy\u0142udzi\u0107 nawet 100 mln dolar\u00f3w.<\/p>\n<p class=\"typography ids-typeset-body ids-typeset-body--preset-large link paragraph ids-paragraph ids-paragraph--default\">Jermak od pocz\u0105tku zapowiada\u0142 pe\u0142n\u0105 wsp\u00f3\u0142prac\u0119 z organami \u015bcigania, twierdz\u0105c, \u017ce nie by\u0142 zaanga\u017cowany w proceder. Mimo to prezydent <a href=\"https:\/\/wydarzenia.interia.pl\/tematy-wolodymyr-zelenski,gsbi,11\" rel=\"nofollow noopener\" target=\"_blank\">Wo\u0142odymyr Ze\u0142enski<\/a> stwierdzi\u0142, \u017ce &#8222;nie chce plotek i spekulacji&#8221;. To w\u0142a\u015bnie dlatego Jermak zosta\u0142 poproszony o podanie si\u0119 do dymisji.<\/p>\n<p class=\"typography ids-typeset-body ids-typeset-body--preset-large link paragraph ids-paragraph ids-paragraph--default\">&#8222;Id\u0119 na front i jestem przygotowany na wszelkie represje. Jestem uczciwym i porz\u0105dnym cz\u0142owiekiem. Jestem zniesmaczony obelgami, jakie s\u0105 mi wyrz\u0105dzane, a jeszcze bardziej brakiem wsparcia od tych, kt\u00f3rzy znaj\u0105 prawd\u0119. Mo\u017ce jeszcze si\u0119 zobaczymy. Chwa\u0142a Ukrainie&#8221; &#8211; napisa\u0142 Jermak po og\u0142oszeniu decyzji.<\/p>\n<p class=\"typography ids-typeset-body ids-typeset-body--preset-large link paragraph ids-paragraph ids-paragraph--default\">\u0179r\u00f3d\u0142a: Ukrai\u0144ska Prawda, Radio Swoboda<\/p>\n<p>&#8222;Wydarzenia&#8221;: Mieszka\u0144cy przecieraj\u0105 oczy. Nowy plac zabaw mia\u0142 wygl\u0105da\u0107 inaczejPolsat News<\/p>\n<p><a class=\"ids-undecorated-link source ids-page-info--source__link\" href=\"https:\/\/www.interia.pl\" rel=\"nofollow noopener\" target=\"_blank\"><img decoding=\"async\" class=\"ids-image-holder__img\" loading=\"lazy\" alt=\"\" title=\"\" height=\"24px\" src=\"https:\/\/www.europesays.com\/pl\/wp-content\/uploads\/2025\/12\/1764732975_102_0009A60QQ5I2TYF7-C202-F4.webp.webp\"\/><\/a><\/p>\n<p>Masz sugestie, uwagi albo widzisz b\u0142\u0105d? Napisz do nas<\/p>\n","protected":false},"excerpt":{"rendered":"Julija Mendel, by\u0142a rzeczniczka prezydenta Ukrainy, wyrazi\u0142a obawy wzgl\u0119dem Andrija Jermaka, okre\u015blaj\u0105c go jako &#8222;niebezpiecznego cz\u0142owieka&#8221;. Wed\u0142ug Mendel&hellip;\n","protected":false},"author":2,"featured_media":130939,"comment_status":"","ping_status":"","sticky":false,"template":"","format":"standard","meta":{"footnotes":""},"categories":[14],"tags":[32,33,27,34,35,28,31,25,40,41,80,29,30,26,82,83,84],"class_list":{"0":"post-130938","1":"post","2":"type-post","3":"status-publish","4":"format-standard","5":"has-post-thumbnail","7":"category-swiat","8":"tag-breaking-news","9":"tag-breakingnews","10":"tag-headlines","11":"tag-latest-news","12":"tag-latestnews","13":"tag-naglowki","14":"tag-najwazniejsze-artykuly","15":"tag-news","16":"tag-polish","17":"tag-polski","18":"tag-swiat","19":"tag-top-stories","20":"tag-topstories","21":"tag-wiadomosci","22":"tag-world","23":"tag-world-news","24":"tag-worldnews"},"share_on_mastodon":{"url":"https:\/\/pubeurope.com\/@pl\/115656394538091603","error":""},"_links":{"self":[{"href":"https:\/\/www.europesays.com\/pl\/wp-json\/wp\/v2\/posts\/130938","targetHints":{"allow":["GET"]}}],"collection":[{"href":"https:\/\/www.europesays.com\/pl\/wp-json\/wp\/v2\/posts"}],"about":[{"href":"https:\/\/www.europesays.com\/pl\/wp-json\/wp\/v2\/types\/post"}],"author":[{"embeddable":true,"href":"https:\/\/www.europesays.com\/pl\/wp-json\/wp\/v2\/users\/2"}],"replies":[{"embeddable":true,"href":"https:\/\/www.europesays.com\/pl\/wp-json\/wp\/v2\/comments?post=130938"}],"version-history":[{"count":0,"href":"https:\/\/www.europesays.com\/pl\/wp-json\/wp\/v2\/posts\/130938\/revisions"}],"wp:featuredmedia":[{"embeddable":true,"href":"https:\/\/www.europesays.com\/pl\/wp-json\/wp\/v2\/media\/130939"}],"wp:attachment":[{"href":"https:\/\/www.europesays.com\/pl\/wp-json\/wp\/v2\/media?parent=130938"}],"wp:term":[{"taxonomy":"category","embeddable":true,"href":"https:\/\/www.europesays.com\/pl\/wp-json\/wp\/v2\/categories?post=130938"},{"taxonomy":"post_tag","embeddable":true,"href":"https:\/\/www.europesays.com\/pl\/wp-json\/wp\/v2\/tags?post=130938"}],"curies":[{"name":"wp","href":"https:\/\/api.w.org\/{rel}","templated":true}]}}