{"id":130946,"date":"2025-12-03T15:46:15","date_gmt":"2025-12-03T15:46:15","guid":{"rendered":"https:\/\/www.europesays.com\/pl\/130946\/"},"modified":"2025-12-03T15:46:15","modified_gmt":"2025-12-03T15:46:15","slug":"wyzsze-emerytury-dla-tych-rocznikow-zus-naprawi-blad-sprzed-lat","status":"publish","type":"post","link":"https:\/\/www.europesays.com\/pl\/130946\/","title":{"rendered":"Wy\u017csze emerytury dla tych rocznik\u00f3w. ZUS naprawi b\u0142\u0105d sprzed lat"},"content":{"rendered":"<ul>&#13;<\/p>\n<li>Nowelizacja ustawy o tzw. emeryturach czerwcowych obejmie wszystkie osoby, kt\u00f3re w latach 2009-2019 przesz\u0142y na emerytur\u0119 lub mia\u0142y j\u0105 przeliczan\u0105 w czerwcu, a ich \u015bwiadczenia mog\u0142y by\u0107 zani\u017cone z powodu braku kwartalnej waloryzacji.<\/li>\n<p>&#13;<\/p>\n<li>ZUS przeliczy emerytury automatycznie \u2013 bez \u017cadnych wniosk\u00f3w \u2013 i zrobi to wed\u0142ug zasad obowi\u0105zuj\u0105cych w chwili pierwotnego ustalenia \u015bwiadczenia, tak jakby miesi\u0105c przej\u015bcia na emerytur\u0119 nie by\u0142 czerwcem.<\/li>\n<p>&#13;<\/p>\n<li>Wszystkie post\u0119powania zostan\u0105 zako\u0144czone najp\u00f3\u017aniej do 31 marca 2026 r., a wcze\u015bniejsze wnioski z\u0142o\u017cone przed wej\u015bciem ustawy w \u017cycie mog\u0105 czasowo wstrzyma\u0107 rozpatrywanie sprawy.<\/li>\n<p>&#13;\n<\/ul>\n<p>Nowe przepisy naprawiaj\u0105 wieloletni problem zani\u017conych \u015bwiadcze\u0144 dla os\u00f3b przechodz\u0105cych na emerytur\u0119 w czerwcu<\/p>\n<p>W sierpniu prezydent Karol Nawrocki podpisa\u0142 nowelizacj\u0119 ustawy dotycz\u0105c\u0105 tzw. emerytur czerwcowych. Chodzi o osoby, kt\u00f3re w latach 2009-2019 sk\u0142ada\u0142y wniosek o emerytur\u0119 w\u0142a\u015bnie w czerwcu, przez co ich \u015bwiadczenia by\u0142y ni\u017csze, ni\u017c gdyby zrobi\u0142y to np. miesi\u0105c wcze\u015bniej. Powodem by\u0142o to, \u017ce w czerwcu \u2013 w przeciwie\u0144stwie do pozosta\u0142ych miesi\u0119cy \u2013 nie uwzgl\u0119dniano dodatkowych waloryzacji kwartalnych, a jedynie roczn\u0105. W efekcie wiele os\u00f3b otrzymywa\u0142o \u015bwiadczenia zani\u017cone nawet o kilkaset z\u0142otych, co by\u0142o zauwa\u017cane m.in. przez Trybuna\u0142 Konstytucyjny.<\/p>\n<p>        <a href=\"https:\/\/www.pulshr.pl\/wynagrodzenia\/rzad-zdecydowal-niemcy-dostana-2-razy-wiecej-niz-polacy,115624.html\" class=\"read-more-box-img-cnt\" rel=\"nofollow noopener\" target=\"_blank\"><br \/>\n        \t            <img decoding=\"async\" src=\"https:\/\/www.europesays.com\/pl\/wp-content\/uploads\/2025\/12\/131538_r0_300.jpg\" class=\"read-more-box-img\" loading=\"lazy\" alt=\"Rz\u0105d zdecydowa\u0142. Niemcy dostan\u0105 2 razy wi\u0119cej ni\u017c Polacy\" width=\"300\" height=\"200\"\/><br \/>\n                    <\/a><\/p>\n<p>Automatyczne przeliczenie emerytur obejmie emeryt\u00f3w, rencist\u00f3w oraz osoby pobieraj\u0105ce renty rodzinne<\/p>\n<p>Nowela zacznie obowi\u0105zywa\u0107 1 stycznia 2026 r., a Zak\u0142ad Ubezpiecze\u0144 Spo\u0142ecznych z urz\u0119du przeliczy wszystkie emerytury ustalone lub przeliczone w czerwcu w latach 2009-2019.<br \/>ZUS podkre\u015bli\u0142, \u017ce:<\/p>\n<ul>&#13;<\/p>\n<li>emeryt nie musi sk\u0142ada\u0107 \u017cadnego wniosku,<\/li>\n<p>&#13;<\/p>\n<li>nowa decyzja zostanie wydana automatycznie,<\/li>\n<p>&#13;<\/p>\n<li>je\u015bli przeliczenie da\u0142oby kwot\u0119 ni\u017csz\u0105, dotychczasowa wysoko\u015b\u0107 \u015bwiadczenia zostanie zachowana.<\/li>\n<p>&#13;\n<\/ul>\n<p>        <a href=\"https:\/\/www.pulshr.pl\/wynagrodzenia\/72-tys-jednorazowej-wyplaty-dla-pracownika-od-1-stycznia-pracodawca-musi-zaplacic,115637.html\" class=\"read-more-box-img-cnt\" rel=\"nofollow noopener\" target=\"_blank\"><br \/>\n        \t            <img decoding=\"async\" src=\"https:\/\/www.europesays.com\/pl\/wp-content\/uploads\/2025\/12\/131532_r0_300.jpg\" class=\"read-more-box-img\" loading=\"lazy\" alt=\"Rosn\u0105 kwoty odprawy za zwolnienia z pracy. Pracownik dostanie nawet 72 tys. z\u0142\" width=\"300\" height=\"200\"\/><br \/>\n                    <\/a><\/p>\n<p>Nowe zasady dotycz\u0105 kilku grup:<\/p>\n<ul>&#13;<\/p>\n<li>os\u00f3b, kt\u00f3re w latach 2009-2019 przesz\u0142y na emerytur\u0119 od czerwca,<br \/>os\u00f3b, kt\u00f3rym w tym miesi\u0105cu przeliczano \u015bwiadczenie,<\/li>\n<p>&#13;<\/p>\n<li>os\u00f3b pobieraj\u0105cych rent\u0119 rodzinn\u0105 po zmar\u0142ym, kt\u00f3rego emerytura zosta\u0142a ustalona lub przeliczona w czerwcu,<\/li>\n<p>&#13;<\/p>\n<li>os\u00f3b pobieraj\u0105cych rent\u0119 rodzinn\u0105 po zmar\u0142ym, kt\u00f3ry osi\u0105gn\u0105\u0142 wiek emerytalny, zmar\u0142 w czerwcu, ale nie zd\u0105\u017cy\u0142 z\u0142o\u017cy\u0107 wniosku lub nie mia\u0142 ustalonego prawa.<\/li>\n<p>&#13;\n<\/ul>\n<p>ZUS obliczy \u015bwiadczenia tak, jakby nie by\u0142y przyznane w czerwcu, i zwaloryzuje je do obecnych zasad<\/p>\n<p>Zak\u0142ad ponownie policzy wysoko\u015b\u0107 emerytury wed\u0142ug regu\u0142 obowi\u0105zuj\u0105cych w dniu jej pierwotnego ustalenia \u2013 czyli tak, jakby przej\u015bcie na emerytur\u0119 nast\u0105pi\u0142o w innym miesi\u0105cu.<\/p>\n<p>Po tym:<\/p>\n<ul>&#13;<\/p>\n<li>zostanie zwaloryzowany kapita\u0142 pocz\u0105tkowy,<\/li>\n<p>&#13;<\/p>\n<li>zostan\u0105 zwaloryzowane zgromadzone sk\u0142adki,<\/li>\n<p>&#13;<\/p>\n<li>\u015bwiadczenie zostanie doprowadzone do aktualnego poziomu.<\/li>\n<p>&#13;\n<\/ul>\n<p>Cho\u0107 proces jest automatyczny, do ZUS zacz\u0119\u0142y ju\u017c wp\u0142ywa\u0107 wnioski od os\u00f3b zainteresowanych zmian\u0105.<\/p>\n<p>Wcze\u015bniejsze wnioski mog\u0105 wyd\u0142u\u017cy\u0107 procedur\u0119, a wszystkie sprawy zako\u0144cz\u0105 si\u0119 do 31 marca 2026 r.<\/p>\n<p>Zak\u0142ad wyja\u015bni\u0142, \u017ce je\u015bli wniosek zostanie z\u0142o\u017cony przed 1 stycznia 2026 r. i post\u0119powanie b\u0119dzie w toku \u2013 w ZUS lub w s\u0105dzie \u2013 to procedura dotycz\u0105ca wylicze\u0144 wynikaj\u0105cych z nowej ustawy zostanie zawieszona. ZUS wr\u00f3ci do niej dopiero po zako\u0144czeniu tego wcze\u015bniejszego post\u0119powania.<\/p>\n<p>        <a href=\"https:\/\/www.pulshr.pl\/wynagrodzenia\/to-prawdziwy-przewrot-b2b-przestanie-sie-oplacac-nowe-przepisy-w-sejmie,115557.html\" class=\"read-more-box-img-cnt\" rel=\"nofollow noopener\" target=\"_blank\"><br \/>\n        \t            <img decoding=\"async\" src=\"https:\/\/www.europesays.com\/pl\/wp-content\/uploads\/2025\/12\/131438_r0_300.jpg\" class=\"read-more-box-img\" loading=\"lazy\" alt=\"Umowa o prac\u0119 kontra B2B. Etatowcy trac\u0105 rocznie dziesi\u0105tki tysi\u0119cy z\u0142otych\" width=\"300\" height=\"200\"\/><br \/>\n                    <\/a><\/p>\n<p>Dodatkowo je\u015bli ZUS lub s\u0105d prowadzi spraw\u0119 dotycz\u0105c\u0105 \u015bwiadczenia ustalanego od czerwca przed 1 stycznia 2026 r., to post\u0119powanie musi zosta\u0107 zako\u0144czone zgodnie z zasadami, kt\u00f3re obowi\u0105zywa\u0142y w momencie jego wszcz\u0119cia.<\/p>\n<p>ZUS podkre\u015bli\u0142, \u017ce ponowne obliczenia obejm\u0105 wy\u0142\u0105cznie emerytury czerwcowe z lat 2009-2019 wynikaj\u0105ce z ustawy o FUS. Wszystkie sprawy maj\u0105 by\u0107 rozpatrzone najp\u00f3\u017aniej do 31 marca 2026 r.<\/p>\n<p><img decoding=\"async\" loading=\"lazy\" src=\"https:\/\/www.europesays.com\/pl\/wp-content\/uploads\/2025\/09\/1758531790_154_081834.png\"\/><\/p>\n","protected":false},"excerpt":{"rendered":"&#13; Nowelizacja ustawy o tzw. emeryturach czerwcowych obejmie wszystkie osoby, kt\u00f3re w latach 2009-2019 przesz\u0142y na emerytur\u0119 lub&hellip;\n","protected":false},"author":2,"featured_media":130947,"comment_status":"","ping_status":"","sticky":false,"template":"","format":"standard","meta":{"footnotes":""},"categories":[16],"tags":[664,8866,8863,14717,8857,27368,113,112,14715,8855,27366,8861,8864,42,38,40,39,41,14716,8856,27367,8862,8865],"class_list":{"0":"post-130946","1":"post","2":"type-post","3":"status-publish","4":"format-standard","5":"has-post-thumbnail","7":"category-biznes","8":"tag-typedefinedterm","9":"tag-12782-html","10":"tag-25892-html","11":"tag-26458-html","12":"tag-38457-html","13":"tag-59082-html","14":"tag-biznes","15":"tag-business","16":"tag-nameemerytura","17":"tag-nameemerytury","18":"tag-nameemerytury-czerwcowe","19":"tag-nameu015bwiadczenia","20":"tag-namezus","21":"tag-pl","22":"tag-poland","23":"tag-polish","24":"tag-polska","25":"tag-polski","26":"tag-urlhttps-www-pulshr-pl-lista-emerytura","27":"tag-urlhttps-www-pulshr-pl-lista-emerytury","28":"tag-urlhttps-www-pulshr-pl-lista-emerytury-czerwcowe","29":"tag-urlhttps-www-pulshr-pl-lista-swiadczenia","30":"tag-urlhttps-www-pulshr-pl-lista-zus"},"share_on_mastodon":{"url":"https:\/\/pubeurope.com\/@pl\/115656418414442038","error":""},"_links":{"self":[{"href":"https:\/\/www.europesays.com\/pl\/wp-json\/wp\/v2\/posts\/130946","targetHints":{"allow":["GET"]}}],"collection":[{"href":"https:\/\/www.europesays.com\/pl\/wp-json\/wp\/v2\/posts"}],"about":[{"href":"https:\/\/www.europesays.com\/pl\/wp-json\/wp\/v2\/types\/post"}],"author":[{"embeddable":true,"href":"https:\/\/www.europesays.com\/pl\/wp-json\/wp\/v2\/users\/2"}],"replies":[{"embeddable":true,"href":"https:\/\/www.europesays.com\/pl\/wp-json\/wp\/v2\/comments?post=130946"}],"version-history":[{"count":0,"href":"https:\/\/www.europesays.com\/pl\/wp-json\/wp\/v2\/posts\/130946\/revisions"}],"wp:featuredmedia":[{"embeddable":true,"href":"https:\/\/www.europesays.com\/pl\/wp-json\/wp\/v2\/media\/130947"}],"wp:attachment":[{"href":"https:\/\/www.europesays.com\/pl\/wp-json\/wp\/v2\/media?parent=130946"}],"wp:term":[{"taxonomy":"category","embeddable":true,"href":"https:\/\/www.europesays.com\/pl\/wp-json\/wp\/v2\/categories?post=130946"},{"taxonomy":"post_tag","embeddable":true,"href":"https:\/\/www.europesays.com\/pl\/wp-json\/wp\/v2\/tags?post=130946"}],"curies":[{"name":"wp","href":"https:\/\/api.w.org\/{rel}","templated":true}]}}