{"id":131031,"date":"2025-12-03T16:38:11","date_gmt":"2025-12-03T16:38:11","guid":{"rendered":"https:\/\/www.europesays.com\/pl\/131031\/"},"modified":"2025-12-03T16:38:11","modified_gmt":"2025-12-03T16:38:11","slug":"karol-nawrocki-chce-zdelegalizowac-kpp-ludzie-pis-walcza-z-nia-od-lat","status":"publish","type":"post","link":"https:\/\/www.europesays.com\/pl\/131031\/","title":{"rendered":"Karol Nawrocki chce zdelegalizowa\u0107 KPP. Ludzie PiS walcz\u0105 z ni\u0105 od lat"},"content":{"rendered":"<p class=\"ods-c-paragraph \">Komunistyczna Partia Polski to partia polityczna za\u0142o\u017cona w 2002 r., kt\u00f3ra odwo\u0142uje si\u0119 do tradycji Polskiej Partii Robotniczej, a cz\u0119\u015bciowo tak\u017ce Polskiej Zjednoczonej Partii Robotniczej. Utworzyli j\u0105 dzia\u0142acze wywodz\u0105cy si\u0119 w znacznej cz\u0119\u015bci ze Zwi\u0105zku Komunist\u00f3w Polskich &#8222;Proletariat&#8221;.<\/p>\n<p>Dalszy ci\u0105g artyku\u0142u pod materia\u0142em wideo<\/p>\n<p> Dlaczego Komunistyczna Partia Polski mo\u017ce zosta\u0107 zdelegalizowana? <\/p>\n<p> Kto z\u0142o\u017cy\u0142 wniosek o delegalizacj\u0119 KPP? <\/p>\n<p> Jakie cele g\u0142osi Komunistyczna Partia Polski? <\/p>\n<p> Kiedy odby\u0142 si\u0119 pierwszy zjazd KPP? <\/p>\n<p class=\"ods-c-paragraph \">Za\u0142o\u017cycielami KPP byli Marcin Adam, J\u00f3zef \u0141achut, Marian Indelak, Mieczys\u0142aw Pawela oraz Krystyna Kowalik. Pierwszy zjazd tej partii odby\u0142 si\u0119 w grudniu 2002 r. Przez lata ugrupowanie to silnie wsp\u00f3\u0142pracowa\u0142o z innymi lewicowymi partiami. W 2005 i 2007 r. jego cz\u0142onkowie startowali w wyborach parlamentarnych z list Polskiej Partii Pracy. Z kolei w 2010 r. przed wyborami prezydenckimi KPP oficjalnie popar\u0142a kandydatur\u0119 Grzegorza Napieralskiego z Sojuszu Lewicy Demokratycznej.<\/p>\n<p>   Komunistyczna Partia Polski. Czym jest ugrupowanie, kt\u00f3re chce zdelegalizowa\u0107 Nawrocki?<\/p>\n<p class=\"ods-c-paragraph \">KPP w swoim programie g\u0142osi has\u0142a antykapitalistyczne i antyimperialistyczne. Ugrupowanie marksistowsko-leninowskie chce wprowadzenia socjalizmu, a tak\u017ce przej\u0119cia w\u0142adzy przez proletariat. Opowiada si\u0119 r\u00f3wnie\u017c za nacjonalizacj\u0105 przemys\u0142u i handlu oraz zasob\u00f3w naturalnych. Partia ta jest te\u017c za r\u00f3wnouprawnieniem i pe\u0142nym rozdzia\u0142em Ko\u015bcio\u0142a od pa\u0144stwa. Jest tak\u017ce krytyczna wobec likwidacji PRL i uczestnictwu Polski w Unii Europejskiej oraz NATO.<\/p>\n<p>Politycy PiS d\u0105\u017c\u0105 do delegalizacji KPP. Przed Nawrockim by\u0142 Ziobro   <\/p>\n<p class=\"ods-c-paragraph \">Biuletynem partii jest kontrowersyjne pismo &#8222;Brzask&#8221;. To w\u0142a\u015bnie tre\u015bci publikowane przez cz\u0142onk\u00f3w KPP na jego \u0142amach przyczyni\u0142y si\u0119 do sk\u0142adania wniosk\u00f3w o delegalizacj\u0119 partii pod zarzutem propagowania totalitarnego ustroju pa\u0144stwa. W 2013 r. z takim wnioskiem wyst\u0105pi\u0142 pose\u0142 PiS Bartosz Kownacki. Ostatecznie jednak prokuratura nie dopatrzy\u0142a si\u0119 znamion przest\u0119pstwa i umorzy\u0142a dochodzenie.<\/p>\n<p class=\"ods-c-paragraph \">Z kolei w grudniu 2020 r. \u00f3wczesny minister sprawiedliwo\u015bci i prokurator generalny Zbigniew Ziobro tak\u017ce z\u0142o\u017cy\u0142 wniosek do Trybuna\u0142u Konstytucyjnego o delegalizacj\u0119 KPP. Zarzuca\u0142 w\u00f3wczas ugrupowaniu gloryfikowanie ustroju politycznego panuj\u0105cego w ZSRR w okresie wielkiego g\u0142odu i terroru stalinowskiego, a tak\u017ce nawo\u0142ywanie do przeprowadzenia w Polsce rewolucji na wz\u00f3r tej pa\u017adziernikowej, kt\u00f3ra mia\u0142a miejsce w Rosji. W jej wyniku w\u0142adz\u0119 przej\u0119li bolszewicy.<\/p>\n<p class=\"ods-c-paragraph \">Rozprawa w sprawie wniosku Ziobry o delegalizacj\u0119 KPP zaplanowana na pocz\u0105tek pa\u017adziernika br. zosta\u0142a odroczona bez terminu, ze wzgl\u0119du na niestawiennictwo wnioskodawcy.<\/p>\n<p class=\"ods-c-paragraph \"><a href=\"https:\/\/wiadomosci.onet.pl\/kraj\/karol-nawrocki-chce-delegalizacji-jednej-z-partii-zlozyl-wniosek-do-tk\/1vze5mk\" id=\"5eb6662a-1818-4454-a3e2-13bad33bdb23\" rel=\"nofollow noopener\" target=\"_blank\">Teraz podobny wniosek do TK z\u0142o\u017cy\u0142 Karol Nawrocki<\/a>. Prezydent RP podpisa\u0142 go w \u015brod\u0119 6 listopada. W komunikacie opublikowanym przez Kancelari\u0119 Prezydenta mo\u017cemy przeczyta\u0107, \u017ce powodem z\u0142o\u017cenia takiego wniosku jest &#8222;odwo\u0142ywanie si\u0119 w programowych celach do totalitarnych metod i praktyk dzia\u0142ania komunizmu oraz za\u0142o\u017cenie stosowania przemocy w celu zdobycia w\u0142adzy i wp\u0142ywu na polityk\u0119 pa\u0144stwa&#8221; przez KPP.<\/p>\n<p class=\"ods-c-paragraph \"><a href=\"https:\/\/wiadomosci.onet.pl\/kraj\/karol-nawrocki-chcial-delegalizacji-jednej-z-partii-trybunal-konstytucyjny-zdecydowal\/5wr0q5s\" id=\"d0f62c18-5301-43f8-824f-851d7f0cb255\" rel=\"nofollow noopener\" target=\"_blank\">W \u015brod\u0119 3 grudnia PAP poinformowa\u0142a o tym, \u017ce Trybuna\u0142 Konstytucyjny wyda\u0142 orzeczenie w sprawie KPP w pe\u0142nym sk\u0142adzie pod przewodnictwem prezesa Bogdana \u015awi\u0119czkowskiego.<\/a><\/p>\n","protected":false},"excerpt":{"rendered":"Komunistyczna Partia Polski to partia polityczna za\u0142o\u017cona w 2002 r., kt\u00f3ra odwo\u0142uje si\u0119 do tradycji Polskiej Partii Robotniczej,&hellip;\n","protected":false},"author":2,"featured_media":131032,"comment_status":"","ping_status":"","sticky":false,"template":"","format":"standard","meta":{"footnotes":""},"categories":[12],"tags":[32,33,36,37,27,43,11902,49,34,35,28,31,48,25,46,42,38,40,39,41,47,29,30,4423,26,2037],"class_list":{"0":"post-131031","1":"post","2":"type-post","3":"status-publish","4":"format-standard","5":"has-post-thumbnail","7":"category-polska","8":"tag-breaking-news","9":"tag-breakingnews","10":"tag-featured-news","11":"tag-featurednews","12":"tag-headlines","13":"tag-karol_nawrocki","14":"tag-komunizm","15":"tag-kraj","16":"tag-latest-news","17":"tag-latestnews","18":"tag-naglowki","19":"tag-najwazniejsze-artykuly","20":"tag-nat_styl","21":"tag-news","22":"tag-omp","23":"tag-pl","24":"tag-poland","25":"tag-polish","26":"tag-polska","27":"tag-polski","28":"tag-screening_general","29":"tag-top-stories","30":"tag-topstories","31":"tag-trybunal_konstytucyjny_tk","32":"tag-wiadomosci","33":"tag-zbigniew_ziobro"},"share_on_mastodon":{"url":"https:\/\/pubeurope.com\/@pl\/115656622373506842","error":""},"_links":{"self":[{"href":"https:\/\/www.europesays.com\/pl\/wp-json\/wp\/v2\/posts\/131031","targetHints":{"allow":["GET"]}}],"collection":[{"href":"https:\/\/www.europesays.com\/pl\/wp-json\/wp\/v2\/posts"}],"about":[{"href":"https:\/\/www.europesays.com\/pl\/wp-json\/wp\/v2\/types\/post"}],"author":[{"embeddable":true,"href":"https:\/\/www.europesays.com\/pl\/wp-json\/wp\/v2\/users\/2"}],"replies":[{"embeddable":true,"href":"https:\/\/www.europesays.com\/pl\/wp-json\/wp\/v2\/comments?post=131031"}],"version-history":[{"count":0,"href":"https:\/\/www.europesays.com\/pl\/wp-json\/wp\/v2\/posts\/131031\/revisions"}],"wp:featuredmedia":[{"embeddable":true,"href":"https:\/\/www.europesays.com\/pl\/wp-json\/wp\/v2\/media\/131032"}],"wp:attachment":[{"href":"https:\/\/www.europesays.com\/pl\/wp-json\/wp\/v2\/media?parent=131031"}],"wp:term":[{"taxonomy":"category","embeddable":true,"href":"https:\/\/www.europesays.com\/pl\/wp-json\/wp\/v2\/categories?post=131031"},{"taxonomy":"post_tag","embeddable":true,"href":"https:\/\/www.europesays.com\/pl\/wp-json\/wp\/v2\/tags?post=131031"}],"curies":[{"name":"wp","href":"https:\/\/api.w.org\/{rel}","templated":true}]}}