{"id":131134,"date":"2025-12-03T18:00:13","date_gmt":"2025-12-03T18:00:13","guid":{"rendered":"https:\/\/www.europesays.com\/pl\/131134\/"},"modified":"2025-12-03T18:00:13","modified_gmt":"2025-12-03T18:00:13","slug":"wta-quito-sensacja-w-meczu-chwalinskiej-o-cwiercfinal-154-lokaty-roznicy","status":"publish","type":"post","link":"https:\/\/www.europesays.com\/pl\/131134\/","title":{"rendered":"WTA Quito: Sensacja w meczu Chwali\u0144skiej o \u0107wier\u0107fina\u0142. 154 lokaty r\u00f3\u017cnicy"},"content":{"rendered":"<p class=\"typography ids-typeset-body ids-typeset-body--preset-large link paragraph ids-paragraph ids-paragraph--default\">Turniej WTA 125 w Quito zamyka\u0142 tryptyk start\u00f3w Mai Chwali\u0144skiej w Ameryce Po\u0142udniowej. Zacz\u0119\u0142o si\u0119 od \u0107wier\u0107fina\u0142u w Colinie, p\u00f3\u017aniej by\u0142a druga runda w Buenos Aires. Podczas rozgrywek w Ekwadorze nasza reprezentantka mia\u0142a nadziej\u0119 na lepsz\u0105 zdobycz. A to dlatego, \u017ce w tym tygodniu <a href=\"https:\/\/sport.interia.pl\/tenis\/news-historyczny-moment-dla-polki-premierowy-tytul-wta-ogromny-aw,nId,7871674\" target=\"_self\" rel=\"nofollow noopener\">przysz\u0142o jej broni\u0107 punkt\u00f3w za ubieg\u0142oroczny triumf w &#8222;125&#8221; we Florianopolis<\/a>. Wi\u0105za\u0142a si\u0119 z tym spora presja, bowiem ew. potkni\u0119cie na wczesnym etapie oznacza\u0142oby spadek o ponad 20 lokat i utrat\u0119 miejsca w\u015br\u00f3d rozstawionych w eliminacjach do Australian Open 2026.<\/p>\n<p class=\"typography ids-typeset-body ids-typeset-body--preset-large link paragraph ids-paragraph ids-paragraph--default\">Chwali\u0144ska zainaugurowa\u0142a start w Quito ju\u017c w poniedzia\u0142ek. Mia\u0142a si\u0119 wtedy zmierzy\u0107 z Nicole Foss\u0105 Huergo. Reprezentantka Argentyny wycofa\u0142a si\u0119 jednak z rywalizacji w turnieju rangi WTA 125 i zosta\u0142a zast\u0105piona w drabince przez Tani\u0119 Varel\u0119 &#8211; 38-letni\u0105 zawodniczk\u0119 gospodarzy, bez wi\u0119kszej przesz\u0142o\u015bci zawodowej. Polka <a href=\"https:\/\/sport.interia.pl\/tenis\/news-rozboj-w-bialy-dzien-55-minut-polki-na-drugim-koncu-swiata-6,nId,22462992\" target=\"_self\" rel=\"nofollow noopener\">pokona\u0142a nienotowan\u0105 tenisistk\u0119 6:0, 6:0 w zaledwie 55 minut<\/a>. W drugiej rundzie poprzeczka pow\u0119drowa\u0142a ju\u017c znacznie wy\u017cej. Jej rywalk\u0105 mia\u0142a by\u0107 Luisina Giovannini. Wci\u0105\u017c to jednak Maja przyst\u0119powa\u0142a do rywalizacji w roli zdecydowanej faworytki &#8211; cho\u0107by z tego wzgl\u0119du, \u017ce plasuje si\u0119 aktualnie o 154 lokaty wy\u017cej w rankingu i ma na swoim koncie poka\u017aniejsze trofea od 19-latki.<\/p>\n<p>WTA Quito: Maja Chwali\u0144ska walczy\u0142a o awans do \u0107wier\u0107fina\u0142u singla<\/p>\n<p class=\"typography ids-typeset-body ids-typeset-body--preset-large link paragraph ids-paragraph ids-paragraph--default\">Mecz rozpocz\u0105\u0142 si\u0119 od serwisu rozstawionej z &#8222;6&#8221; Chwali\u0144skiej. Ju\u017c na &#8222;dzie\u0144 dobry&#8221; Polka musia\u0142a solidnie si\u0119 napracowa\u0107 na utrzymanie w\u0142asnego podania. Giovannini posiada\u0142a break pointa, ale ostatecznie to Maja wysz\u0142a na prowadzenie. W kolejnych minutach panie pilnowa\u0142y swojego serwisu, chocia\u017c pewniej wykonywa\u0142a to Luisina. W trakcie pi\u0105tego gema nasza reprezentantka zanotowa\u0142a s\u0142abszy fragment. Pojawi\u0142o si\u0119 sporo b\u0142\u0119d\u00f3w, co przy stylu gry 127. rakiety \u015bwiata oznacza\u0142o k\u0142opoty. Zawodniczka z Argentyny doczeka\u0142a si\u0119 trzech szans na prze\u0142amanie z rz\u0119du. Pierwsz\u0105 uda\u0142o si\u0119 oddali\u0107, ale przy kolejnej przeciwniczka dopi\u0119\u0142a ju\u017c swego.<\/p>\n<p class=\"typography ids-typeset-body ids-typeset-body--preset-large link paragraph ids-paragraph ids-paragraph--default\">Po zmianie stron 281. tenisistka rankingu WTA bardzo pewnie potwierdzi\u0142a przewag\u0119, nie trac\u0105c \u017cadnego punktu. Po chwili zobaczyli\u015bmy podobn\u0105 odpowied\u017a ze strony Chwali\u0144skiej. Polka z\u0142apa\u0142a kontakt z przeciwniczk\u0105 i wydawa\u0142o si\u0119, \u017ce mo\u017ce jeszcze nawi\u0105za\u0107 walk\u0119 w premierowej ods\u0142onie. W trakcie \u00f3smego rozdania zobaczyli\u015bmy rezultat 30-30. Od tamtej pory Maja&#8230; nie wygra\u0142a ju\u017c ani jednej akcji w pierwszym secie. Zako\u0144czy\u0142a go podw\u00f3jnym b\u0142\u0119dem serwisowym. Prze\u0142amanie do zera w dziewi\u0105tym gemie oznacza\u0142o, \u017ce Giovannini zapisa\u0142a po swojej stronie wynik 6:3.<\/p>\n<p class=\"typography ids-typeset-body ids-typeset-body--preset-large link paragraph ids-paragraph ids-paragraph--default\">Na starcie drugiej cz\u0119\u015bci pojedynku Luisina zamierza\u0142a wykorzysta\u0107 swoje momentum. Pewnie utrzyma\u0142a serwis, a potem panie rozgrywa\u0142y d\u0142ugi gem, w kt\u00f3rym reprezentantka Argentyny posiada\u0142a szans\u0119 na 2:0. Ostatecznie Chwali\u0144ska wysz\u0142a z opresji i to zmieni\u0142o przebieg rywalizacji w kolejnych minutach. Nagle sytuacja zacz\u0119\u0142a si\u0119 rozwija\u0107 po my\u015bli Polki. Niewykorzystana okazja zachwia\u0142a pewno\u015bci\u0105 siebie Giovannini. Nasza tenisistka w ko\u0144cu doczeka\u0142a si\u0119 break point\u00f3w. Ju\u017c przy pierwszej z dw\u00f3ch sposobno\u015bci zawodniczka z Ameryki Po\u0142udniowej pope\u0142ni\u0142a b\u0142\u0105d, kt\u00f3ry da\u0142 prze\u0142amanie 127. rakiecie \u015bwiata.<\/p>\n<p class=\"typography ids-typeset-body ids-typeset-body--preset-large link paragraph ids-paragraph ids-paragraph--default\">W nast\u0119pnych minutach Maja kontrolowa\u0142a sytuacj\u0119 na korcie. By\u0142o 3:1, potem 4:2. Wszystko zacz\u0119\u0142o si\u0119 zmienia\u0107 od \u00f3smego gema. Wtedy to tenisistka z trzeciej setki rankingu odrobi\u0142a strat\u0119 breaka. Po chwili Chwali\u0144ska mog\u0142a odpowiedzie\u0107 kolejnym prze\u0142amaniem, ale rywalka wysz\u0142a ze stanu 15-40 i uzyska\u0142a pi\u0105te &#8222;oczko&#8221; na swoje konto. Na Polce wytworzy\u0142a si\u0119 ogromna presja &#8211; musia\u0142a utrzyma\u0107 serwis, by pozosta\u0107 w grze o awans do \u0107wier\u0107fina\u0142u. Niestety, pojawi\u0142y si\u0119 meczbole dla reprezentantki Argentyny i ju\u017c przy pierwszym Maja pos\u0142a\u0142a pi\u0142k\u0119 w korytarz deblowy. Ostatecznie Luisina sensacyjnie pokona\u0142a Polk\u0119 6:3, 6:4 i zameldowa\u0142a si\u0119 w najlepszej &#8222;8&#8221; WTA 125 w Quito. Z kolei Chwali\u0144ska spad\u0142a na 148. miejsce w notowaniu &#8222;na \u017cywo&#8221; &#8211; za Katarzyn\u0119 Kaw\u0119 i Lind\u0119 Klimovicov\u0105.<\/p>\n<p>Katarzyna Kawa &#8211; Vivian Yang. Skr\u00f3t meczu. WIDEOPolsat SportPolsat Sport<\/p>\n<p><img decoding=\"async\" class=\"ids-image-holder__img\" loading=\"lazy\" alt=\"Maja Chwali\u0144ska\" title=\"Maja Chwali\u0144ska\" width=\"3621\" height=\"2416\" src=\"https:\/\/www.europesays.com\/pl\/wp-content\/uploads\/2025\/12\/000KXK7D06VVVPYO-C322-F4.webp.webp\"\/><\/p>\n<p>Maja Chwali\u0144skaFoto Olimpik \/ NurPhoto \/ NurPhoto via AFPAFP<\/p>\n<p><img decoding=\"async\" class=\"ids-image-holder__img\" loading=\"lazy\" alt=\"Maja Chwali\u0144ska\" title=\"Maja Chwali\u0144ska\" width=\"3000\" height=\"2000\" src=\"https:\/\/www.europesays.com\/pl\/wp-content\/uploads\/2025\/12\/000KZU6YIC82N5P5-C322-F4.webp.webp\"\/><\/p>\n<p>Maja Chwali\u0144skaAFP7 v\u00eda Europa Press\/Associated PressEast News<\/p>\n<p><img decoding=\"async\" class=\"ids-image-holder__img\" loading=\"lazy\" alt=\"Maja Chwali\u0144ska\" title=\"Maja Chwali\u0144ska\" width=\"2000\" height=\"1333\" src=\"https:\/\/www.europesays.com\/pl\/wp-content\/uploads\/2025\/12\/000KJ7K5JWXY3H5B-C322-F4.webp.webp\"\/><\/p>\n<p>Maja Chwali\u0144skaIMAGO\/Juergen HasenkopfEast News<\/p>\n<p><a class=\"ids-undecorated-link source ids-page-info--source__link\" href=\"https:\/\/www.interia.pl\" rel=\"nofollow noopener\" target=\"_blank\"><img decoding=\"async\" class=\"ids-image-holder__img\" loading=\"lazy\" alt=\"\" title=\"\" height=\"24px\" src=\"https:\/\/www.europesays.com\/pl\/wp-content\/uploads\/2025\/12\/1764732975_102_0009A60QQ5I2TYF7-C202-F4.webp.webp\"\/><\/a><\/p>\n<p>Masz sugestie, uwagi albo widzisz b\u0142\u0105d? Napisz do nas<\/p>\n","protected":false},"excerpt":{"rendered":"Turniej WTA 125 w Quito zamyka\u0142 tryptyk start\u00f3w Mai Chwali\u0144skiej w Ameryce Po\u0142udniowej. Zacz\u0119\u0142o si\u0119 od \u0107wier\u0107fina\u0142u w&hellip;\n","protected":false},"author":2,"featured_media":131135,"comment_status":"","ping_status":"","sticky":false,"template":"","format":"standard","meta":{"footnotes":""},"categories":[24],"tags":[42,38,40,39,41,127,126],"class_list":{"0":"post-131134","1":"post","2":"type-post","3":"status-publish","4":"format-standard","5":"has-post-thumbnail","7":"category-sport","8":"tag-pl","9":"tag-poland","10":"tag-polish","11":"tag-polska","12":"tag-polski","13":"tag-sport","14":"tag-sports"},"share_on_mastodon":{"url":"https:\/\/pubeurope.com\/@pl\/115656944910976234","error":""},"_links":{"self":[{"href":"https:\/\/www.europesays.com\/pl\/wp-json\/wp\/v2\/posts\/131134","targetHints":{"allow":["GET"]}}],"collection":[{"href":"https:\/\/www.europesays.com\/pl\/wp-json\/wp\/v2\/posts"}],"about":[{"href":"https:\/\/www.europesays.com\/pl\/wp-json\/wp\/v2\/types\/post"}],"author":[{"embeddable":true,"href":"https:\/\/www.europesays.com\/pl\/wp-json\/wp\/v2\/users\/2"}],"replies":[{"embeddable":true,"href":"https:\/\/www.europesays.com\/pl\/wp-json\/wp\/v2\/comments?post=131134"}],"version-history":[{"count":0,"href":"https:\/\/www.europesays.com\/pl\/wp-json\/wp\/v2\/posts\/131134\/revisions"}],"wp:featuredmedia":[{"embeddable":true,"href":"https:\/\/www.europesays.com\/pl\/wp-json\/wp\/v2\/media\/131135"}],"wp:attachment":[{"href":"https:\/\/www.europesays.com\/pl\/wp-json\/wp\/v2\/media?parent=131134"}],"wp:term":[{"taxonomy":"category","embeddable":true,"href":"https:\/\/www.europesays.com\/pl\/wp-json\/wp\/v2\/categories?post=131134"},{"taxonomy":"post_tag","embeddable":true,"href":"https:\/\/www.europesays.com\/pl\/wp-json\/wp\/v2\/tags?post=131134"}],"curies":[{"name":"wp","href":"https:\/\/api.w.org\/{rel}","templated":true}]}}