{"id":131140,"date":"2025-12-03T18:06:11","date_gmt":"2025-12-03T18:06:11","guid":{"rendered":"https:\/\/www.europesays.com\/pl\/131140\/"},"modified":"2025-12-03T18:06:11","modified_gmt":"2025-12-03T18:06:11","slug":"ukraina-byly-premier-skazany-15-lat-za-zdrade-stanu","status":"publish","type":"post","link":"https:\/\/www.europesays.com\/pl\/131140\/","title":{"rendered":"Ukraina. By\u0142y premier skazany. 15 lat za zdrad\u0119 stanu"},"content":{"rendered":"<p>Jako pierwszy o decyzji s\u0105du poinformowa\u0142 portal TSN. Jak poinformowano by\u0142y szef ukrai\u0144skiego rz\u0105du zosta\u0142 skazany zaocznie, poniewa\u017c od rewolucji na Majdanie w 2014 roku ukrywa si\u0119 w Rosji.<\/p>\n<p>\u00a0<\/p>\n<p>Polityk, kt\u00f3ry pe\u0142ni\u0142 funkcj\u0119 premiera w trakcie za prezydentury Wiktora Janukowycza, oskar\u017cany by\u0142 o zdrad\u0119 stanu, naruszenie integralno\u015bci terytorialnej Ukrainy, nawo\u0142ywanie do obalenia ustroju konstytucyjnego i usprawiedliwianie rosyjskiej agresji w lutym 2022 roku.<\/p>\n<p>\u00a0<\/p>\n<p>S\u0105d Rejonowy Peczerski miasta Kijowa uzna\u0142 go za winnego i wymierzy\u0142 Azarowowi kar\u0119 15 lat wi\u0119zienia z konfiskat\u0105 maj\u0105tku.<\/p>\n<p>\u00a0<\/p>\n<p>ZOBACZ: <a href=\"https:\/\/www.polsatnews.pl\/wiadomosc\/2025-09-22\/nie-zyje-ulubieniec-rosyjskiej-propagandy-jerzy-tyc-walczyl-po-stronie-rosjan\/\" target=\"_blank\" rel=\"noopener noreferrer nofollow\">Nie \u017cyje &#8222;ulubieniec rosyjskiej propagandy&#8221;. Jerzy Tyc walczy\u0142 po stronie Rosjan<\/a><\/p>\n<p>\u00a0<\/p>\n<p>W opublikowanym wyroku podkre\u015blono r\u00f3wnie\u017c aktywn\u0105 dzia\u0142alno\u015b\u0107 by\u0142ego premiera w rosyjskich mediach propagandowych. Polityk regularnie udziela komentarzy, w kt\u00f3rych krytykuje w\u0142adze Ukrainy powielaj\u0105c kremlowsk\u0105 narracj\u0119 m.in. na temat powod\u00f3w rozpocz\u0119cia specjalnej wojskowej operacji (propagandowe okre\u015blenie wojny w Ukrainie &#8211; red.).<\/p>\n<p>Premier Azarow skazany. Powiela narracj\u0119 Kremla<\/p>\n<p>Myko\u0142a Azarow od czasu ucieczki z Ukrainy do Rosji bardzo ch\u0119tnie udziela si\u0119 w mediach spo\u0142eczno\u015bciowych, a tak\u017ce cz\u0119sto udziela komentarzy rosyjskim mediom. By\u0142y premier znany jest m.in. z usprawiedliwiania rosyjskiej agresji.<\/p>\n<p>\u00a0<\/p>\n<p>&#8222;NATO planowa\u0142o rozp\u0119ta\u0107 III wojn\u0119 \u015bwiatow\u0105 z u\u017cyciem broni j\u0105drowej przeciwko Rosji. Kluczow\u0105 rol\u0119 w tym odegra\u0107 mia\u0142a obecna, kontrolowana przez Amerykan\u00f3w elita rz\u0105dz\u0105ca w Kijowie i nacjonali\u015bci (\u2026) Putin uratowa\u0142 setki tysi\u0119cy mieszka\u0144c\u00f3w Donbasu&#8221; &#8211; przekonywa\u0142 w marcu 2022 roku.<\/p>\n<p>\u00a0<\/p>\n<p>ZOBACZ: <a href=\"https:\/\/www.polsatnews.pl\/wiadomosc\/2025-08-12\/obalic-rezim-prorosyjski-oligarcha-wzywa-obywateli-moldawii-do-protestow\/\" target=\"_blank\" rel=\"noopener noreferrer nofollow\">&#8222;Obali\u0107 re\u017cim&#8221;. Prorosyjski oligarcha wzywa obywateli Mo\u0142dawii do protest\u00f3w<\/a><\/p>\n<p>\u00a0<\/p>\n<p>By\u0142y szef rz\u0105du w Kijowie powiela\u0142 tak\u017ce narracj\u0119 Kremla dotycz\u0105c\u0105 masakry w Buczy, kt\u00f3r\u0105 okre\u015bla\u0142 &#8222;inscenizacj\u0105&#8221; przygotowan\u0105 przez Kij\u00f3w.<\/p>\n<p>\u00a0<\/p>\n<p>&#8211; Prowokacja w Buczy, kt\u00f3r\u0105 pr\u00f3buje si\u0119 wykorzysta\u0107 do nowej fali sankcji przeciwko Rosji jest k\u0142amstwem od pocz\u0105tku do ko\u0144ca (\u2026) To inscenizacja przygotowana przez ukrai\u0144skie s\u0142u\u017cby specjalne pod dyktando Zachodu &#8211; m\u00f3wi\u0142 na konferencji prasowej w Moskwie organizowanej przez Komitet Ocalenia Ukrainy.<\/p>\n<p>\u00a0<\/p>\n<p>Widzia\u0142e\u015b co\u015b wa\u017cnego? Przy\u015blij zdj\u0119cie, film lub napisz, co si\u0119 sta\u0142o. Skorzystaj z naszej <a href=\"https:\/\/www.polsatnews.pl\/platforma-widzow\/\" target=\"_blank\" rel=\"noopener noreferrer nofollow\">Wrzutni<\/a><\/p>\n<p>                <img decoding=\"async\" src=\"https:\/\/www.europesays.com\/pl\/wp-content\/uploads\/2025\/12\/cx7oefxx5b48ecm1oie2iahdpsnvpmi7.jpg\" alt=\"\" itemprop=\"contentUrl\" style=\"position:absolute; width: 100%; max-height: 100%;\"\/><video controls=\"\" controlslist=\"nodownload\" poster=\"https:\/\/www.europesays.com\/pl\/wp-content\/uploads\/2025\/12\/cx7oefxx5b48ecm1oie2iahdpsnvpmi7.jpg\" class=\"videoPlayer player6855354 news__video\" data-id=\"6855354\">Twoja przegl\u0105darka nie wspiera odtwarzacza wideo&#8230;<\/video><\/p>\n<p>                <a class=\"news__read-more-button\" href=\"https:\/\/www.polsatnews.pl\/\" rel=\"nofollow noopener\" target=\"_blank\">Czytaj wi\u0119cej<\/a><\/p>\n","protected":false},"excerpt":{"rendered":"Jako pierwszy o decyzji s\u0105du poinformowa\u0142 portal TSN. Jak poinformowano by\u0142y szef ukrai\u0144skiego rz\u0105du zosta\u0142 skazany zaocznie, poniewa\u017c&hellip;\n","protected":false},"author":2,"featured_media":131141,"comment_status":"","ping_status":"","sticky":false,"template":"","format":"standard","meta":{"footnotes":""},"categories":[14],"tags":[32,33,27,34,35,28,31,25,40,41,80,29,30,26,82,83,84],"class_list":{"0":"post-131140","1":"post","2":"type-post","3":"status-publish","4":"format-standard","5":"has-post-thumbnail","7":"category-swiat","8":"tag-breaking-news","9":"tag-breakingnews","10":"tag-headlines","11":"tag-latest-news","12":"tag-latestnews","13":"tag-naglowki","14":"tag-najwazniejsze-artykuly","15":"tag-news","16":"tag-polish","17":"tag-polski","18":"tag-swiat","19":"tag-top-stories","20":"tag-topstories","21":"tag-wiadomosci","22":"tag-world","23":"tag-world-news","24":"tag-worldnews"},"share_on_mastodon":{"url":"https:\/\/pubeurope.com\/@pl\/115656968586221388","error":""},"_links":{"self":[{"href":"https:\/\/www.europesays.com\/pl\/wp-json\/wp\/v2\/posts\/131140","targetHints":{"allow":["GET"]}}],"collection":[{"href":"https:\/\/www.europesays.com\/pl\/wp-json\/wp\/v2\/posts"}],"about":[{"href":"https:\/\/www.europesays.com\/pl\/wp-json\/wp\/v2\/types\/post"}],"author":[{"embeddable":true,"href":"https:\/\/www.europesays.com\/pl\/wp-json\/wp\/v2\/users\/2"}],"replies":[{"embeddable":true,"href":"https:\/\/www.europesays.com\/pl\/wp-json\/wp\/v2\/comments?post=131140"}],"version-history":[{"count":0,"href":"https:\/\/www.europesays.com\/pl\/wp-json\/wp\/v2\/posts\/131140\/revisions"}],"wp:featuredmedia":[{"embeddable":true,"href":"https:\/\/www.europesays.com\/pl\/wp-json\/wp\/v2\/media\/131141"}],"wp:attachment":[{"href":"https:\/\/www.europesays.com\/pl\/wp-json\/wp\/v2\/media?parent=131140"}],"wp:term":[{"taxonomy":"category","embeddable":true,"href":"https:\/\/www.europesays.com\/pl\/wp-json\/wp\/v2\/categories?post=131140"},{"taxonomy":"post_tag","embeddable":true,"href":"https:\/\/www.europesays.com\/pl\/wp-json\/wp\/v2\/tags?post=131140"}],"curies":[{"name":"wp","href":"https:\/\/api.w.org\/{rel}","templated":true}]}}