{"id":131146,"date":"2025-12-03T18:09:10","date_gmt":"2025-12-03T18:09:10","guid":{"rendered":"https:\/\/www.europesays.com\/pl\/131146\/"},"modified":"2025-12-03T18:09:10","modified_gmt":"2025-12-03T18:09:10","slug":"rozenek-do-konca-nie-tracila-nadziei-doniesienia-sie-potwierdzily-prosi-ludzi-juz-tylko-o-jedno","status":"publish","type":"post","link":"https:\/\/www.europesays.com\/pl\/131146\/","title":{"rendered":"Rozenek do ko\u0144ca nie traci\u0142a nadziei. Doniesienia si\u0119 potwierdzi\u0142y, prosi ludzi ju\u017c tylko o jedno"},"content":{"rendered":"<p class=\"typography ids-typeset-body ids-typeset-body--preset-large link paragraph ids-paragraph ids-paragraph--default\">Ma\u0142gorzata Rozenek-Majdan od lat tworzy udane ma\u0142\u017ce\u0144stwo z <a href=\"https:\/\/www.pomponik.pl\/gwiazdy-i-produkcje-radoslaw-majdan,gsbi,68\" rel=\"nofollow noopener\" target=\"_blank\">Rados\u0142awem Majdanem<\/a>, z kt\u00f3rym doczeka\u0142a si\u0119 nawet &#8211; po wielu trudach &#8211; wsp\u00f3lnego potomka.<\/p>\n<p class=\"typography ids-typeset-body ids-typeset-body--preset-large link paragraph ids-paragraph ids-paragraph--default\">Jak przyzna\u0142a w wywiadach celebrytka, to dla ukochanego Henia stara si\u0119 jak najlepiej wykorzysta\u0107 swoje &#8222;pi\u0119\u0107 minut&#8221;, by jej\u00a0pociecha nie musia\u0142a si\u0119 o nic w przysz\u0142o\u015bci martwi\u0107.\u00a0<\/p>\n<p>Wielkie zmiany w \u017cyciu Rozenek i Majdana<\/p>\n<p class=\"typography ids-typeset-body ids-typeset-body--preset-large link paragraph ids-paragraph ids-paragraph--default\">Dzi\u0119ki propozycjom reklamowym, wsp\u00f3\u0142pracom i programom telewizyjnym Majdanowie nie maj\u0105 powod\u00f3w do narzeka\u0144. Ostatnio wprowadzili si\u0119 do okaza\u0142ej rezydencji, kt\u00f3ra kosztowa\u0142a kilka milion\u00f3w.<\/p>\n<p class=\"typography ids-typeset-body ids-typeset-body--preset-large link paragraph ids-paragraph ids-paragraph--default\">Budowa jednak kosztowa\u0142a celebrytk\u0119 nie tylko sporo pieni\u0119dzy, ale i nerw\u00f3w. Do tego &#8211; jak utyskiwa\u0142a &#8211; m\u0105\u017c niespecjalnie si\u0119 anga\u017cowa\u0142.<\/p>\n<p class=\"typography ids-typeset-body ids-typeset-body--preset-large link paragraph ids-paragraph ids-paragraph--default\">&#8222;On ma wgl\u0105d, dlatego, \u017ce jestem osob\u0105, kt\u00f3ra lubi si\u0119 dzieli\u0107 tym wszystkim. Natomiast to nie jest tak, \u017ce on chce mie\u0107 wgl\u0105d. On jest tym troch\u0119 zm\u0119czony. On naprawd\u0119 nie widzi powodu, dla kt\u00f3rego mieliby\u015bmy dywagowa\u0107 nad tym, czy ten odcie\u0144 pod\u0142ogi jest dobry, czy nie &#8211; ju\u017c dwa razy go zmienia\u0142am&#8221; &#8211; opowiada\u0142a Pudelkowi par\u0119 miesi\u0119cy temu.<\/p>\n<p class=\"typography ids-typeset-body ids-typeset-body--preset-large link paragraph ids-paragraph ids-paragraph--default\">W ko\u0144cu jednak wszystko si\u0119 uda\u0142o i Majdanowie mogli zamieszka\u0107 w nowym gniazdku.\u00a0W mi\u0119dzyczasie kariera Ma\u0142gorzaty ponownie nabra\u0142a rozp\u0119du, bowiem w stacji TVN dosta\u0142a do prowadzenia a\u017c dwa nowe programy. Dzieje si\u0119 wi\u0119c sporo.<\/p>\n<p class=\"typography ids-typeset-body ids-typeset-body--preset-large link paragraph ids-paragraph ids-paragraph--default\">W ostatnim czasie Rozenek intensywnie promowa\u0142a format &#8222;Bez kompleks\u00f3w&#8221;, a po wype\u0142nieniu obowi\u0105zk\u00f3w, zrobi\u0142a sobie przerw\u0119 od bywania w mediach. Teraz zrobi\u0142a jednak wyj\u0105tek.<\/p>\n<p>Rozenek do ko\u0144ca nie traci\u0142a nadziei. Doniesienia si\u0119 potwierdzi\u0142y, prosi ludzi ju\u017c tylko o jedno<\/p>\n<p class=\"typography ids-typeset-body ids-typeset-body--preset-large link paragraph ids-paragraph ids-paragraph--default\">Gwiazda pojawi\u0142a si\u0119 bowiem w &#8222;Dzie\u0144 Dobry TVN&#8221;, by og\u0142osi\u0107 niespodziewan\u0105 nowin\u0119.<\/p>\n<p class=\"typography ids-typeset-body ids-typeset-body--preset-large link paragraph ids-paragraph ids-paragraph--default\">Ma\u0142gorzata do ko\u0144ca nie traci\u0142a nadziei, \u017ce tak si\u0119 stanie, a tu nad ranem potwierdzi\u0142y si\u0119 doniesienia.\u00a0\u017bona Majdana dosta\u0142a bowiem propozycj\u0119, by wr\u0119cza\u0142a nagrod\u0119 na wielkiej gali magazynu &#8222;Viva&#8221;. Rok temu to ona triumfowa\u0142a w tym plebiscycie.<\/p>\n<p class=\"typography ids-typeset-body ids-typeset-body--preset-large link paragraph ids-paragraph ids-paragraph--default\">&#8222;W zesz\u0142ym roku mia\u0142am zaszczyt odebra\u0107 nagrod\u0119 w kategorii Cz\u0142owiek dla Cz\u0142owieka z r\u0105k Andrzeja Seweryna. To by\u0142o dla mnie ogromne, wzruszaj\u0105ce wyr\u00f3\u017cnienie i jestem za nie bardzo wdzi\u0119czna. W tym roku wracam na gal\u0119, by wr\u0119czy\u0107 nagrod\u0119 w tej samej kategorii. To dla mnie szczeg\u00f3lny moment i ogromna przyjemno\u015b\u0107&#8221; &#8211; przekaza\u0142a przej\u0119ta Rozenek.<\/p>\n<p class=\"typography ids-typeset-body ids-typeset-body--preset-large link paragraph ids-paragraph ids-paragraph--default\">Potem wzruszona poprosi\u0142a swoich fan\u00f3w ju\u017c tylko o jedno, by ci w\u0142\u0105czyli transmisj\u0119 gali w TVN, na kt\u00f3rej b\u0119dzie wr\u0119cza\u0107 nagrod\u0119.<\/p>\n<p class=\"typography ids-typeset-body ids-typeset-body--preset-large link paragraph ids-paragraph ids-paragraph--default\">&#8222;Zapraszam was serdecznie do ogl\u0105dania&#8221;\u00a0&#8211; zwr\u00f3ci\u0142a si\u0119 z apelem do ludzi Ma\u0142gorzata.<\/p>\n<p>Juventus &#8211; Udinese. Skr\u00f3t meczu. WIDEOPolsat SportPolsat Sport<\/p>\n<p><a class=\"ids-undecorated-link source ids-page-info--source__link\" href=\"https:\/\/www.interia.pl\" rel=\"nofollow noopener\" target=\"_blank\"><img decoding=\"async\" class=\"ids-image-holder__img\" loading=\"lazy\" alt=\"\" title=\"\" height=\"24px\" src=\"https:\/\/www.europesays.com\/pl\/wp-content\/uploads\/2025\/12\/1764732975_102_0009A60QQ5I2TYF7-C202-F4.webp.webp\"\/><\/a><\/p>\n<p>Masz sugestie, uwagi albo widzisz b\u0142\u0105d? Napisz do nas<\/p>\n","protected":false},"excerpt":{"rendered":"Ma\u0142gorzata Rozenek-Majdan od lat tworzy udane ma\u0142\u017ce\u0144stwo z Rados\u0142awem Majdanem, z kt\u00f3rym doczeka\u0142a si\u0119 nawet &#8211; po wielu&hellip;\n","protected":false},"author":2,"featured_media":131147,"comment_status":"","ping_status":"","sticky":false,"template":"","format":"standard","meta":{"footnotes":""},"categories":[24],"tags":[42,38,40,39,41,127,126],"class_list":{"0":"post-131146","1":"post","2":"type-post","3":"status-publish","4":"format-standard","5":"has-post-thumbnail","7":"category-sport","8":"tag-pl","9":"tag-poland","10":"tag-polish","11":"tag-polska","12":"tag-polski","13":"tag-sport","14":"tag-sports"},"share_on_mastodon":{"url":"https:\/\/pubeurope.com\/@pl\/115656980536102642","error":""},"_links":{"self":[{"href":"https:\/\/www.europesays.com\/pl\/wp-json\/wp\/v2\/posts\/131146","targetHints":{"allow":["GET"]}}],"collection":[{"href":"https:\/\/www.europesays.com\/pl\/wp-json\/wp\/v2\/posts"}],"about":[{"href":"https:\/\/www.europesays.com\/pl\/wp-json\/wp\/v2\/types\/post"}],"author":[{"embeddable":true,"href":"https:\/\/www.europesays.com\/pl\/wp-json\/wp\/v2\/users\/2"}],"replies":[{"embeddable":true,"href":"https:\/\/www.europesays.com\/pl\/wp-json\/wp\/v2\/comments?post=131146"}],"version-history":[{"count":0,"href":"https:\/\/www.europesays.com\/pl\/wp-json\/wp\/v2\/posts\/131146\/revisions"}],"wp:featuredmedia":[{"embeddable":true,"href":"https:\/\/www.europesays.com\/pl\/wp-json\/wp\/v2\/media\/131147"}],"wp:attachment":[{"href":"https:\/\/www.europesays.com\/pl\/wp-json\/wp\/v2\/media?parent=131146"}],"wp:term":[{"taxonomy":"category","embeddable":true,"href":"https:\/\/www.europesays.com\/pl\/wp-json\/wp\/v2\/categories?post=131146"},{"taxonomy":"post_tag","embeddable":true,"href":"https:\/\/www.europesays.com\/pl\/wp-json\/wp\/v2\/tags?post=131146"}],"curies":[{"name":"wp","href":"https:\/\/api.w.org\/{rel}","templated":true}]}}