{"id":131148,"date":"2025-12-03T18:10:09","date_gmt":"2025-12-03T18:10:09","guid":{"rendered":"https:\/\/www.europesays.com\/pl\/131148\/"},"modified":"2025-12-03T18:10:09","modified_gmt":"2025-12-03T18:10:09","slug":"tomasz-karolak-zlamal-przepisy-zaparkowal-na-zakazie-sa-zdjecia","status":"publish","type":"post","link":"https:\/\/www.europesays.com\/pl\/131148\/","title":{"rendered":"Tomasz Karolak z\u0142ama\u0142 przepisy. Zaparkowa\u0142 na zakazie. S\u0105 zdj\u0119cia"},"content":{"rendered":"<p>Regularnie <a href=\"https:\/\/www.pudelek.pl\/maja-sablewska-parkuje-na-zakazie-auto-za-pol-miliona-zlotych-i-mknie-na-zakupy-do-japonskiego-sklepu-zdjecia-7227108942744416g\" rel=\"noopener noreferrer nofollow\" target=\"_blank\">publikujemy zdj\u0119cia gwiazd<\/a>, kt\u00f3re lekcewa\u017c\u0105 podstawowe zasady ruchu drogowego, wyprzedzaj\u0105 tam, gdzie nie wolno, albo wsiadaj\u0105 za k\u00f3\u0142ko po alkoholu czy bez wa\u017cnego prawa jazdy.<\/p>\n<p>W tym gronie znajduje si\u0119 tak\u017ce Tomasz Karolak. Gwiazdor <a href=\"https:\/\/www.pudelek.pl\/tag\/rodzinka.pl\/\" rel=\"noopener noreferrer nofollow\" target=\"_blank\">&#8222;Rodzinki.pl&#8221;<\/a> co jaki\u015b czas bywa przy\u0142apywany przez paparazzi na parkowaniu w\u00a0niedozwolonym miejscu na Saskiej K\u0119pie, gdzie mieszka, gdy wybiera si\u0119 na kaw\u0119 do pobliskiej kawiarni. Na przestrzeni ostatnich lat <a href=\"https:\/\/www.pudelek.pl\/spragniony-kofeiny-tomasz-karolak-drepcze-po-kawke-parkujac-mercedesa-na-miejscu-dla-osob-niepelnosprawnych-zdjecia-6717872704691072g\" rel=\"noopener noreferrer nofollow\" target=\"_blank\">zmienia\u0142o si\u0119 jedynie auto<\/a>, kt\u00f3rym je\u017adzi\u0142. <\/p>\n<p>Tym razem aktor porusza\u0142 si\u0119 swoim land roverem wartym 400 tysi\u0119cy z\u0142otych. W\u00a0pewnym momencie zapragn\u0105\u0142 zastrzyku kofeiny, wi\u0119c zaparkowa\u0142 na miejscu przeznaczonym wy\u0142\u0105cznie dla kierowc\u00f3w pojazd\u00f3w dostawczych ze specjalnymi uprawnieniami i\u00a0wyskoczy\u0142 na kawk\u0119. Gwiazdor, mimo z\u0142amania owego przepisu, wygodnie zasiad\u0142 w\u00a0\u015brodku i\u00a0delektowa\u0142 si\u0119 zam\u00f3wionym napojem.<\/p>\n<p>Mia\u0142 szcz\u0119\u015bcie, \u017ce w\u00a0pobli\u017cu nie by\u0142o funkcjonariuszy &#8211;\u00a0taki wyst\u0119pek m\u00f3g\u0142by sko\u0144czy\u0107 si\u0119 dla niego mandatem w\u00a0wysoko\u015bci 100 z\u0142otych.<\/p>\n","protected":false},"excerpt":{"rendered":"Regularnie publikujemy zdj\u0119cia gwiazd, kt\u00f3re lekcewa\u017c\u0105 podstawowe zasady ruchu drogowego, wyprzedzaj\u0105 tam, gdzie nie wolno, albo wsiadaj\u0105 za&hellip;\n","protected":false},"author":2,"featured_media":131149,"comment_status":"","ping_status":"","sticky":false,"template":"","format":"standard","meta":{"footnotes":""},"categories":[22],"tags":[122,42,38,40,39,41,123],"class_list":{"0":"post-131148","1":"post","2":"type-post","3":"status-publish","4":"format-standard","5":"has-post-thumbnail","7":"category-rozrywka","8":"tag-entertainment","9":"tag-pl","10":"tag-poland","11":"tag-polish","12":"tag-polska","13":"tag-polski","14":"tag-rozrywka"},"share_on_mastodon":{"url":"https:\/\/pubeurope.com\/@pl\/115656984036861065","error":""},"_links":{"self":[{"href":"https:\/\/www.europesays.com\/pl\/wp-json\/wp\/v2\/posts\/131148","targetHints":{"allow":["GET"]}}],"collection":[{"href":"https:\/\/www.europesays.com\/pl\/wp-json\/wp\/v2\/posts"}],"about":[{"href":"https:\/\/www.europesays.com\/pl\/wp-json\/wp\/v2\/types\/post"}],"author":[{"embeddable":true,"href":"https:\/\/www.europesays.com\/pl\/wp-json\/wp\/v2\/users\/2"}],"replies":[{"embeddable":true,"href":"https:\/\/www.europesays.com\/pl\/wp-json\/wp\/v2\/comments?post=131148"}],"version-history":[{"count":0,"href":"https:\/\/www.europesays.com\/pl\/wp-json\/wp\/v2\/posts\/131148\/revisions"}],"wp:featuredmedia":[{"embeddable":true,"href":"https:\/\/www.europesays.com\/pl\/wp-json\/wp\/v2\/media\/131149"}],"wp:attachment":[{"href":"https:\/\/www.europesays.com\/pl\/wp-json\/wp\/v2\/media?parent=131148"}],"wp:term":[{"taxonomy":"category","embeddable":true,"href":"https:\/\/www.europesays.com\/pl\/wp-json\/wp\/v2\/categories?post=131148"},{"taxonomy":"post_tag","embeddable":true,"href":"https:\/\/www.europesays.com\/pl\/wp-json\/wp\/v2\/tags?post=131148"}],"curies":[{"name":"wp","href":"https:\/\/api.w.org\/{rel}","templated":true}]}}