{"id":131150,"date":"2025-12-03T18:12:10","date_gmt":"2025-12-03T18:12:10","guid":{"rendered":"https:\/\/www.europesays.com\/pl\/131150\/"},"modified":"2025-12-03T18:12:10","modified_gmt":"2025-12-03T18:12:10","slug":"czesc-emerytow-zyska-dodatkowe-pieniadze-wszystko-bez-skladania-wniosku","status":"publish","type":"post","link":"https:\/\/www.europesays.com\/pl\/131150\/","title":{"rendered":"Cz\u0119\u015b\u0107 emeryt\u00f3w zyska dodatkowe pieni\u0105dze. Wszystko bez sk\u0142adania wniosku"},"content":{"rendered":"<ol style=\"counter-reset:list-counter\" class=\"typography ids-typeset-body ids-typeset-body--preset-large list ids-list ids-list--ordered ids-list--size-large ids-list--marker-decimalLeadingZero \">\n<li class=\"ids-list-item\">\n<p>Emerytury czerwcowe wreszcie sprawiedliwe<\/p>\n<\/li>\n<li class=\"ids-list-item\">\n<p>Kto zyska na przeliczeniu emerytur czerwcowych?<\/p>\n<\/li>\n<li class=\"ids-list-item\">\n<p>Emerytury w g\u00f3r\u0119 do ko\u0144ca marca 2026<\/p>\n<\/li>\n<\/ol>\n<p class=\"typography ids-typeset-body ids-typeset-body--preset-large link paragraph ids-paragraph ids-paragraph--default\">Zmiany w systemie emerytalnym zwykle wi\u0105\u017c\u0105 si\u0119 z formalno\u015bciami i d\u0142ugim oczekiwaniem na decyzje urz\u0119d\u00f3w. Tym razem jednak <a href=\"https:\/\/biznes.interia.pl\/emerytury\/news-zacznie-sie-1-stycznia-zus-rozpocznie-przeliczanie-emerytur,nId,22450212\" target=\"_blank\" rel=\"nofollow noopener\">Zak\u0142ad Ubezpiecze\u0144 Spo\u0142ecznych<\/a> wprowadza mechanizm, kt\u00f3ry ma znacz\u0105co u\u0142atwi\u0107 \u017cycie beneficjentom. Przeliczenie emerytur odb\u0119dzie si\u0119 automatycznie, bez konieczno\u015bci sk\u0142adania wniosk\u00f3w, a dodatkowe pieni\u0105dze trafi\u0105 do emeryt\u00f3w w pierwszym kwartale 2026 roku.<\/p>\n<p>Emerytury czerwcowe wreszcie sprawiedliwe<\/p>\n<p class=\"typography ids-typeset-body ids-typeset-body--preset-large link paragraph ids-paragraph ids-paragraph--default\">Od\u00a0<a href=\"https:\/\/biznes.interia.pl\/emerytury\/news-wyrownanie-emerytury-z-zus-mozna-zyskac-nawet-10-tys-zl,nId,22425290\" target=\"_blank\" rel=\"nofollow noopener\">1 stycznia 2026 r.<\/a>\u00a0osoby, kt\u00f3re w latach 2009-2019 przechodzi\u0142y na emerytur\u0119 lub mia\u0142y przeliczon\u0105 emerytur\u0119 w czerwcu, mog\u0105 liczy\u0107 na wy\u017csze \u015bwiadczenia. Nowe przepisy dotycz\u0105 r\u00f3wnie\u017c rent rodzinnych po osobach, kt\u00f3re w tym czasie pobiera\u0142y takie \u015bwiadczenia.<\/p>\n<p class=\"typography ids-typeset-body ids-typeset-body--preset-large link paragraph ids-paragraph ids-paragraph--default\">&#8222;Emeryt lub rencista nie musi sk\u0142ada\u0107 \u017cadnego wniosku&#8221; &#8211; podkre\u015bla ZUS cytowany przez Portal Samorz\u0105dowy. Po przeliczeniu <a href=\"https:\/\/biznes.interia.pl\/emerytury\/news-zus-aktualizuje-limity-emeryci-i-rencisci-w-zimie-moga-zarab,nId,22462462\" target=\"_blank\" rel=\"nofollow noopener\">Zak\u0142ad\u00a0<\/a>wyda now\u0105 decyzj\u0119 z urz\u0119du, a je\u015bli okaza\u0142oby si\u0119, \u017ce kwota \u015bwiadczenia jest ni\u017csza ni\u017c dotychczasowa, nic si\u0119 nie zmieni.<\/p>\n<p class=\"typography ids-typeset-body ids-typeset-body--preset-large link paragraph ids-paragraph ids-paragraph--default\">Problem tkwi\u0142 w dawnych przepisach. Przy ustalaniu emerytury w czerwcu nie przewidywano uwzgl\u0119dniania dodatkowych waloryzacji kwartalnych.\u00a0Brano pod uwag\u0119 tylko waloryzacj\u0119 roczn\u0105. W praktyce oznacza\u0142o to, \u017ce osoby, kt\u00f3re sk\u0142ada\u0142y wnioski w czerwcu, mog\u0142y otrzyma\u0107 \u015bwiadczenie nawet o kilkaset z\u0142otych ni\u017csze ni\u017c ich r\u00f3wie\u015bnicy, kt\u00f3rzy zrobili to w innym miesi\u0105cu.<\/p>\n<p class=\"typography ids-typeset-body ids-typeset-body--preset-large link paragraph ids-paragraph ids-paragraph--default\">&#8222;Wynika\u0142o to z tego, \u017ce w przypadku ustalania wysoko\u015bci emerytury w czerwcu \u00f3wczesne przepisy\u00a0nie przewidywa\u0142y uwzgl\u0119dniania dodatkowych\u00a0<a href=\"https:\/\/biznes.interia.pl\/emerytury\/news-waloryzacja-emerytur-2026-ile-wyniesie-tak-wzrosna-swiadczen,nId,22451757\" target=\"_blank\" rel=\"nofollow noopener\">waloryzacji\u00a0<\/a>kwartalnych, lecz wy\u0142\u0105cznie roczn\u0105&#8221; &#8211; przypomina Portal Samorz\u0105dowy. Na problem zwraca\u0142 uwag\u0119 m.in. Trybuna\u0142 Konstytucyjny, dlatego ustawodawca postanowi\u0142 naprawi\u0107 sytuacj\u0119.<\/p>\n<p>Kto zyska na przeliczeniu emerytur czerwcowych?<\/p>\n<p class=\"typography ids-typeset-body ids-typeset-body--preset-large link paragraph ids-paragraph ids-paragraph--default\">Nowe przepisy obejmuj\u0105 nie tylko emeryt\u00f3w, kt\u00f3rzy przeszli na \u015bwiadczenie w czerwcu, ale tak\u017ce osoby <a href=\"https:\/\/biznes.interia.pl\/finanse\/news-konczy-sie-swiadczenie-rehabilitacyjne-co-dalej,nId,22460787\" target=\"_blank\" rel=\"nofollow noopener\">pobieraj\u0105ce renty<\/a> rodzinne po zmar\u0142ych, kt\u00f3rzy mieli ustalon\u0105 lub przeliczon\u0105 emerytur\u0119 od czerwca w latach 2009-2019. Dotyczy to r\u00f3wnie\u017c tych, kt\u00f3rzy w czerwcu osi\u0105gn\u0119li wiek emerytalny, ale nie zd\u0105\u017cyli z\u0142o\u017cy\u0107 wniosku.<\/p>\n<p class=\"typography ids-typeset-body ids-typeset-body--preset-large link paragraph ids-paragraph ids-paragraph--default\">ZUS obliczy \u015bwiadczenie tak, jakby pierwotnie zosta\u0142o przyznane w innym miesi\u0105cu, a nast\u0119pnie uwzgl\u0119dni wszystkie waloryzacje do chwili obecnej.<\/p>\n<p>Emerytury w g\u00f3r\u0119 do ko\u0144ca marca 2026<\/p>\n<p class=\"typography ids-typeset-body ids-typeset-body--preset-large link paragraph ids-paragraph ids-paragraph--default\">Zak\u0142ad Ubezpiecze\u0144 Spo\u0142ecznych zapewnia, \u017ce wszystkie sprawy zostan\u0105 za\u0142atwione najp\u00f3\u017aniej do 31 marca 2026 r. Nawet je\u015bli kto\u015b wcze\u015bniej z\u0142o\u017cy\u0142 <a href=\"https:\/\/biznes.interia.pl\/gospodarka\/news-jest-wniosek-o-unijne-pieniadze-na-obronnosc-pierwsze-srodki,nId,22461906\" target=\"_blank\" rel=\"nofollow noopener\">wniosek\u00a0<\/a>lub toczy si\u0119 post\u0119powanie s\u0105dowe w tej sprawie, automatyczne przeliczenie zostanie zawieszone do czasu zako\u0144czenia wcze\u015bniejszych procedur.<\/p>\n<p class=\"typography ids-typeset-body ids-typeset-body--preset-large link paragraph ids-paragraph ids-paragraph--default\">&#8222;ZUS ponownie wyliczy tylko wysoko\u015b\u0107 <a href=\"https:\/\/biznes.interia.pl\/emerytury\/news-na-ten-wyrok-czekaly-tysiace-emerytow-tk-znow-odroczyl-spraw,nId,22462692\" target=\"_blank\" rel=\"nofollow noopener\">emerytury\u00a0<\/a>ustalonej od czerwca w latach 2009-2019 na podstawie ustawy o emeryturach i rentach z Funduszu Ubezpiecze\u0144 Spo\u0142ecznych&#8221; &#8211; zaznacza Zak\u0142ad.<\/p>\n<p class=\"typography ids-typeset-body ids-typeset-body--preset-large link paragraph ids-paragraph ids-paragraph--default\">Dla wielu emeryt\u00f3w i rencist\u00f3w oznacza to realn\u0105 popraw\u0119 sytuacji finansowej i to bez konieczno\u015bci wype\u0142niania formularzy czy stania w kolejkach.<\/p>\n<p>&#8222;Wydarzenia&#8221;: Niechlubny rekord na kolei. Chodzi o odwo\u0142ane poci\u0105giPolsat News<\/p>\n","protected":false},"excerpt":{"rendered":"Emerytury czerwcowe wreszcie sprawiedliwe Kto zyska na przeliczeniu emerytur czerwcowych? Emerytury w g\u00f3r\u0119 do ko\u0144ca marca 2026 Zmiany&hellip;\n","protected":false},"author":2,"featured_media":108618,"comment_status":"","ping_status":"","sticky":false,"template":"","format":"standard","meta":{"footnotes":""},"categories":[16],"tags":[113,112,42,38,40,39,41],"class_list":{"0":"post-131150","1":"post","2":"type-post","3":"status-publish","4":"format-standard","5":"has-post-thumbnail","7":"category-biznes","8":"tag-biznes","9":"tag-business","10":"tag-pl","11":"tag-poland","12":"tag-polish","13":"tag-polska","14":"tag-polski"},"share_on_mastodon":{"url":"https:\/\/pubeurope.com\/@pl\/115656991977534098","error":""},"_links":{"self":[{"href":"https:\/\/www.europesays.com\/pl\/wp-json\/wp\/v2\/posts\/131150","targetHints":{"allow":["GET"]}}],"collection":[{"href":"https:\/\/www.europesays.com\/pl\/wp-json\/wp\/v2\/posts"}],"about":[{"href":"https:\/\/www.europesays.com\/pl\/wp-json\/wp\/v2\/types\/post"}],"author":[{"embeddable":true,"href":"https:\/\/www.europesays.com\/pl\/wp-json\/wp\/v2\/users\/2"}],"replies":[{"embeddable":true,"href":"https:\/\/www.europesays.com\/pl\/wp-json\/wp\/v2\/comments?post=131150"}],"version-history":[{"count":0,"href":"https:\/\/www.europesays.com\/pl\/wp-json\/wp\/v2\/posts\/131150\/revisions"}],"wp:featuredmedia":[{"embeddable":true,"href":"https:\/\/www.europesays.com\/pl\/wp-json\/wp\/v2\/media\/108618"}],"wp:attachment":[{"href":"https:\/\/www.europesays.com\/pl\/wp-json\/wp\/v2\/media?parent=131150"}],"wp:term":[{"taxonomy":"category","embeddable":true,"href":"https:\/\/www.europesays.com\/pl\/wp-json\/wp\/v2\/categories?post=131150"},{"taxonomy":"post_tag","embeddable":true,"href":"https:\/\/www.europesays.com\/pl\/wp-json\/wp\/v2\/tags?post=131150"}],"curies":[{"name":"wp","href":"https:\/\/api.w.org\/{rel}","templated":true}]}}