{"id":131151,"date":"2025-12-03T18:13:09","date_gmt":"2025-12-03T18:13:09","guid":{"rendered":"https:\/\/www.europesays.com\/pl\/131151\/"},"modified":"2025-12-03T18:13:09","modified_gmt":"2025-12-03T18:13:09","slug":"ksiaze-william-i-ksiezna-kate-witaja-prezydenta-niemiec-zdjecia","status":"publish","type":"post","link":"https:\/\/www.europesays.com\/pl\/131151\/","title":{"rendered":"Ksi\u0105\u017c\u0119 William i ksi\u0119\u017cna Kate witaj\u0105 prezydenta Niemiec (ZDJ\u0118CIA)"},"content":{"rendered":"<p>W \u015brod\u0119 rozpocz\u0119\u0142a si\u0119 pierwsza od 27 lat wizyta niemieckiej pary prezydenckiej w\u00a0Wielkiej Brytanii. Frank-Walter Steinmeier i\u00a0jego \u017cona, Elke B\u00fcdenbender, wyl\u0105dowali ju\u017c na lotnisku Heathrow i\u00a0tu\u017c po opuszczeniu samolotu spotkali si\u0119 z\u00a0ksi\u0119ciem Williamem oraz ksi\u0119\u017cn\u0105 Kate. Nast\u0119pnie kr\u00f3l Karol III i\u00a0kr\u00f3lowa Camilla przywitali go\u015bci na Datchet Road, sk\u0105d wsp\u00f3lnie przejechali do zamku w\u00a0Windsorze. Tam odby\u0142 si\u0119 pokaz Gwardii Honorowej i\u00a0uroczysto\u015b\u0107 powitalna.<\/p>\n<p>Kr\u00f3lewska para ma tak\u017ce zaprosi\u0107 prezydenta Niemiec na wystaw\u0119 z\u00a0Royal Collection, a\u00a0wieczorem zaplanowano bankiet. Podczas wizyty Frank-Walter Steinmeier i\u00a0Elke B\u00fcdenbender maj\u0105 w\u00a0harmonogramie tak\u017ce szereg oficjalnych spotka\u0144. G\u0142owa pa\u0144stwa ma rozmawia\u0107 mi\u0119dzy innymi z\u00a0premierem Wielkiej Brytanii.<\/p>\n<p>Ksi\u0105\u017c\u0119 William postawi\u0142 tego dnia na klasyczn\u0105 elegancj\u0119 i\u00a0powita\u0142 go\u015bci ubrany w\u00a0czarny garnitur. \u017bona nast\u0119pcy tronu zada\u0142a szyku w\u00a0sukience od Burberry. Pierwsze skrzypce w\u00a0jej stylizacji gra\u0142 niebieski p\u0142aszcz od Alexandra McQueena. Ca\u0142o\u015b\u0107 uzupe\u0142ni\u0142a fascynatorem oraz przyci\u0105gaj\u0105cymi spojrzenia kolczykami, kt\u00f3re niegdy\u015b nale\u017ca\u0142y do ksi\u0119\u017cnej Diany.<\/p>\n<p>Fakt, \u017ce za powitanie go\u015bci odpowiedzialni byli William i\u00a0Kate, jeszcze przed startem wizyty prezydenta Niemiec odbi\u0142 si\u0119 szerokim echem w\u00a0mediach. &#8222;The Independent&#8221; interpretuje to jako stopniowe umacnianie pozycji nast\u0119pcy tronu na arenie mi\u0119dzynarodowej.<\/p>\n<p>Istotn\u0105 rol\u0119 podczas wydarzenia odegraj\u0105 ksi\u0105\u017c\u0119 i\u00a0ksi\u0119\u017cna Walii, kt\u00f3rych pozycja jako kluczowych przedstawicieli monarchii w\u00a0relacjach mi\u0119dzynarodowych stale ro\u015bnie &#8211;\u00a0czytamy. <\/p>\n","protected":false},"excerpt":{"rendered":"W \u015brod\u0119 rozpocz\u0119\u0142a si\u0119 pierwsza od 27 lat wizyta niemieckiej pary prezydenckiej w\u00a0Wielkiej Brytanii. Frank-Walter Steinmeier i\u00a0jego \u017cona,&hellip;\n","protected":false},"author":2,"featured_media":131152,"comment_status":"","ping_status":"","sticky":false,"template":"","format":"standard","meta":{"footnotes":""},"categories":[14],"tags":[32,33,27,34,35,28,31,25,40,41,80,29,30,26,82,83,84],"class_list":{"0":"post-131151","1":"post","2":"type-post","3":"status-publish","4":"format-standard","5":"has-post-thumbnail","7":"category-swiat","8":"tag-breaking-news","9":"tag-breakingnews","10":"tag-headlines","11":"tag-latest-news","12":"tag-latestnews","13":"tag-naglowki","14":"tag-najwazniejsze-artykuly","15":"tag-news","16":"tag-polish","17":"tag-polski","18":"tag-swiat","19":"tag-top-stories","20":"tag-topstories","21":"tag-wiadomosci","22":"tag-world","23":"tag-world-news","24":"tag-worldnews"},"share_on_mastodon":{"url":"https:\/\/pubeurope.com\/@pl\/115656995944445996","error":""},"_links":{"self":[{"href":"https:\/\/www.europesays.com\/pl\/wp-json\/wp\/v2\/posts\/131151","targetHints":{"allow":["GET"]}}],"collection":[{"href":"https:\/\/www.europesays.com\/pl\/wp-json\/wp\/v2\/posts"}],"about":[{"href":"https:\/\/www.europesays.com\/pl\/wp-json\/wp\/v2\/types\/post"}],"author":[{"embeddable":true,"href":"https:\/\/www.europesays.com\/pl\/wp-json\/wp\/v2\/users\/2"}],"replies":[{"embeddable":true,"href":"https:\/\/www.europesays.com\/pl\/wp-json\/wp\/v2\/comments?post=131151"}],"version-history":[{"count":0,"href":"https:\/\/www.europesays.com\/pl\/wp-json\/wp\/v2\/posts\/131151\/revisions"}],"wp:featuredmedia":[{"embeddable":true,"href":"https:\/\/www.europesays.com\/pl\/wp-json\/wp\/v2\/media\/131152"}],"wp:attachment":[{"href":"https:\/\/www.europesays.com\/pl\/wp-json\/wp\/v2\/media?parent=131151"}],"wp:term":[{"taxonomy":"category","embeddable":true,"href":"https:\/\/www.europesays.com\/pl\/wp-json\/wp\/v2\/categories?post=131151"},{"taxonomy":"post_tag","embeddable":true,"href":"https:\/\/www.europesays.com\/pl\/wp-json\/wp\/v2\/tags?post=131151"}],"curies":[{"name":"wp","href":"https:\/\/api.w.org\/{rel}","templated":true}]}}