{"id":131175,"date":"2025-12-03T18:27:09","date_gmt":"2025-12-03T18:27:09","guid":{"rendered":"https:\/\/www.europesays.com\/pl\/131175\/"},"modified":"2025-12-03T18:27:09","modified_gmt":"2025-12-03T18:27:09","slug":"upada-kluczowe-miasto-na-wschodzie-ukrainy-putin-rozpoczyna-operacje-pas-fortec","status":"publish","type":"post","link":"https:\/\/www.europesays.com\/pl\/131175\/","title":{"rendered":"Upada kluczowe miasto na wschodzie Ukrainy. Putin rozpoczyna operacj\u0119 &#8222;pas fortec&#8221;"},"content":{"rendered":"<p>Wojska Putina uwa\u017caj\u0105, \u017ce 14 miesi\u0119cy po rozpocz\u0119ciu obl\u0119\u017cenia i cztery miesi\u0105ce po rozpocz\u0119ciu walk ulicznych i domowych przej\u0119\u0142y ca\u0142kowit\u0105 kontrol\u0119 nad miastem, kt\u00f3re niegdy\u015b liczy\u0142o 65 tys. mieszka\u0144c\u00f3w.<\/p>\n<p>\u2014 Nasze jednostki prowadz\u0105 r\u00f3wnie\u017c aktywne operacje maj\u0105ce na celu likwidacj\u0119 kieszeni [newralgiczny teren j\u0105 przypominaj\u0105cy] wroga. Dzia\u0142ania maj\u0105ce na celu przywr\u00f3cenie logistyki s\u0105 prowadzone zar\u00f3wno w rejonie Pokrowska, jak i Myrnohradu. Pr\u00f3by wroga skoncentrowania grup piechoty szturmowej i posuni\u0119cia si\u0119 naprz\u00f3d wok\u00f3\u0142 osad s\u0105 blokowane \u2014 t\u0142umaczy \u0141ychowij. Rzecznik nie przedstawia jednak dowod\u00f3w na cz\u0119\u015bciow\u0105 kontrol\u0119 miasta przez Ukrain\u0119.<\/p>\n<p>Jest to zatem prawdopodobnie dobra mina do z\u0142ej gry. Sytuacja w regionie z dnia na dzie\u0144, a w zasadzie z godziny na godzin\u0119 staje si\u0119 dla Ukrainy coraz trudniejsza. Zaj\u0119cie Pokrowska znacznie przybli\u017cy\u0142oby W\u0142adimira Putina do osi\u0105gni\u0119cia celu, jakim jest zaj\u0119cie ca\u0142ego Donbasu. I to mimo \u017ce post\u0119py Rosji nie by\u0142y w tym roku a\u017c tak spektakularne, a okupione olbrzymimi stratami.<\/p>\n<p class=\"ods-c-paragraph \">Propagandowe zdj\u0119cia rosyjskiej armii pokazuj\u0105 \u017co\u0142nierzy Putina w centrum wyludnionego miasta, kt\u00f3rzy ogl\u0105daj\u0105 zniszczone budynki administracyjne i wieszaj\u0105 flag\u0119 agresora na centralnym placu.<\/p>\n<p><img decoding=\"async\" src=\"https:\/\/www.europesays.com\/pl\/wp-content\/uploads\/2025\/12\/aKPk9lBaHR0cHM6Ly9vY2RuLmV1L3B1bHNjbXMvTURBXy80ZGVjZWI5ZTVjMmYwOTk2MDUyM2U1NjYxYTAyOWIzOC5qcGeRlQLNB.jpeg\" height=\"575\" width=\"940\" alt=\"Zdj\u0119cie pochodz\u0105ce z filmu udost\u0119pnionego przez s\u0142u\u017cby prasowe rosyjskiego Ministerstwa Obrony, opublikowanego 2 grudnia 2025 r., przedstawia rosyjskich \u017co\u0142nierzy instaluj\u0105cych rosyjsk\u0105 flag\u0119 narodow\u0105 w centrum Krasnoarmejsku (Pokrowsku) w obwodzie donieckim w Ukrainie.\" loading=\"lazy\" class=\"ods-c-image__img ods-c-image__img--viewport-width\"\/><\/p>\n<p>Zdj\u0119cie pochodz\u0105ce z filmu udost\u0119pnionego przez s\u0142u\u017cby prasowe rosyjskiego Ministerstwa Obrony, opublikowanego 2 grudnia 2025 r., przedstawia rosyjskich \u017co\u0142nierzy instaluj\u0105cych rosyjsk\u0105 flag\u0119 narodow\u0105 w centrum Krasnoarmejsku (Pokrowsku) w obwodzie donieckim w Ukrainie.EPA\/RUSSIAN DEFENCE MINISTRY PRESS SERVICE\/HANDOUT \/ PAP<\/p>\n<p class=\"ods-c-paragraph \">Zdaniem Kremla rosyjscy \u017co\u0142nierze przej\u0119li kontrol\u0119 nad ca\u0142kowicie zniszczonym centrum Pokrowska. Wed\u0142ug szacunk\u00f3w ekspert\u00f3w trwaj\u0105ca ponad rok bitwa o Pokrowsk kosztowa\u0142a ponad 10 tys. ofiar \u015bmiertelnych po stronie rosyjskiej i ponad 2000 po stronie ukrai\u0144skiej.<\/p>\n<p class=\"ods-c-paragraph \">Je\u015bli faktycznie Pokrowsk upad\u0142, utrata \u015bredniej wielko\u015bci miasta, kt\u00f3re w mi\u0119dzyczasie zosta\u0142o og\u0142oszone &#8222;fortec\u0105&#8221;, to dla Ukrainy kolejna bolesna pora\u017cka w wojnie propagandowej z Rosj\u0105. Przypadek ten dowodzi, \u017ce armia ukrai\u0144ska nie jest obecnie w stanie powstrzyma\u0107 rosyjskiego natarcia, a jedynie je spowolni\u0107.<\/p>\n<p class=\"ods-c-paragraph \">Strategicznie jednak dawny w\u0119ze\u0142 komunikacyjny nie mia\u0142 ju\u017c znaczenia dla Kijowa, poniewa\u017c wszystkie drogi i linie kolejowe prowadz\u0105ce do i z Pokrowska zosta\u0142y zniszczone lub zablokowane przez drony albo prowadz\u0105 na terytorium okupowane przez Rosj\u0119.<\/p>\n<p class=\"ods-c-paragraph \">Dla Rosji zdobycie zrujnowanego miasta jest natomiast sukcesem taktycznym. Kremlowi nie chodzi bowiem o funkcjonaln\u0105 infrastruktur\u0119, ale jedynie o posiadanie umocnionych struktur w pobli\u017cu linii frontu, w kt\u00f3rych mo\u017cna przechowywa\u0107 amunicj\u0119 i stacjonowa\u0107 oddzia\u0142y oraz z kt\u00f3rych mo\u017cna prowadzi\u0107 dzia\u0142ania z u\u017cyciem ci\u0119\u017ckiej broni, takiej jak czo\u0142gi lub dzia\u0142a artyleryjskie.<\/p>\n<p class=\"ods-c-paragraph \">Zniszczone miasto mog\u0142oby w ten spos\u00f3b s\u0142u\u017cy\u0107 jako punkt wyj\u015bcia do dalszego rosyjskiego natarcia na zach\u00f3d, w kierunku \u015brodkowej Ukrainy, regionu Dniepropietrowska.<\/p>\n<p class=\"ods-c-paragraph \">Ca\u0142kowita kontrola nad Pokrowskiem umo\u017cliwia Moskwie r\u00f3wnie\u017c odci\u0119cie ukrai\u0144skich szlak\u00f3w logistycznych do s\u0105siedniego miasta Myrnohrad [dawniej zamieszka\u0142ego przez 47-51 tys. mieszka\u0144c\u00f3w), kt\u00f3re nadal jest cz\u0119\u015bciowo utrzymywane. R\u00f3wnie\u017c tutaj wojska Putina powinny wkr\u00f3tce uzyska\u0107 ca\u0142kowit\u0105 kontrol\u0119.<\/p>\n<p class=\"ods-c-paragraph \">Wszystko wskazuje te\u017c na to, \u017ce rosyjskie wojska b\u0119d\u0105 mog\u0142y skupi\u0107 si\u0119 na bitwie o Konstantyn\u00f3wk\u0119 na p\u00f3\u0142nocnym wschodzie i reszt\u0119 tak zwanego &#8222;pasa twierdz&#8221; \u2014 Dru\u017ckiwk\u0119, Kramatorsk [regionalne centrum administracyjne, jeden z wa\u017cniejszych ukrai\u0144skich o\u015brodk\u00f3w przemys\u0142u maszynowego] i S\u0142owia\u0144sk [o\u015brodek wydobycia soli kamiennej, przemys\u0142u chemicznego, maszynowego, materia\u0142\u00f3w budowlanych i spo\u017cywczego]. Dwa ostatnie miasta znajduj\u0105 si\u0119 w odleg\u0142o\u015bci ponad 50 km, a decyduj\u0105ca bitwa o nie jeszcze si\u0119 nie rozpocz\u0119\u0142a.<\/p>\n","protected":false},"excerpt":{"rendered":"Wojska Putina uwa\u017caj\u0105, \u017ce 14 miesi\u0119cy po rozpocz\u0119ciu obl\u0119\u017cenia i cztery miesi\u0105ce po rozpocz\u0119ciu walk ulicznych i domowych&hellip;\n","protected":false},"author":2,"featured_media":131176,"comment_status":"","ping_status":"","sticky":false,"template":"","format":"standard","meta":{"footnotes":""},"categories":[14],"tags":[56,32,33,27,76,34,35,28,31,48,25,46,911,40,41,87,47,80,29,30,415,26,82,83,84],"class_list":{"0":"post-131175","1":"post","2":"type-post","3":"status-publish","4":"format-standard","5":"has-post-thumbnail","7":"category-swiat","8":"tag-article_premium","9":"tag-breaking-news","10":"tag-breakingnews","11":"tag-headlines","12":"tag-inwazja_rosji_na_ukraine","13":"tag-latest-news","14":"tag-latestnews","15":"tag-naglowki","16":"tag-najwazniejsze-artykuly","17":"tag-nat_styl","18":"tag-news","19":"tag-omp","20":"tag-pokrowsk","21":"tag-polish","22":"tag-polski","23":"tag-rosja","24":"tag-screening_general","25":"tag-swiat","26":"tag-top-stories","27":"tag-topstories","28":"tag-ukraina","29":"tag-wiadomosci","30":"tag-world","31":"tag-world-news","32":"tag-worldnews"},"share_on_mastodon":{"url":"https:\/\/pubeurope.com\/@pl\/115657051439536644","error":""},"_links":{"self":[{"href":"https:\/\/www.europesays.com\/pl\/wp-json\/wp\/v2\/posts\/131175","targetHints":{"allow":["GET"]}}],"collection":[{"href":"https:\/\/www.europesays.com\/pl\/wp-json\/wp\/v2\/posts"}],"about":[{"href":"https:\/\/www.europesays.com\/pl\/wp-json\/wp\/v2\/types\/post"}],"author":[{"embeddable":true,"href":"https:\/\/www.europesays.com\/pl\/wp-json\/wp\/v2\/users\/2"}],"replies":[{"embeddable":true,"href":"https:\/\/www.europesays.com\/pl\/wp-json\/wp\/v2\/comments?post=131175"}],"version-history":[{"count":0,"href":"https:\/\/www.europesays.com\/pl\/wp-json\/wp\/v2\/posts\/131175\/revisions"}],"wp:featuredmedia":[{"embeddable":true,"href":"https:\/\/www.europesays.com\/pl\/wp-json\/wp\/v2\/media\/131176"}],"wp:attachment":[{"href":"https:\/\/www.europesays.com\/pl\/wp-json\/wp\/v2\/media?parent=131175"}],"wp:term":[{"taxonomy":"category","embeddable":true,"href":"https:\/\/www.europesays.com\/pl\/wp-json\/wp\/v2\/categories?post=131175"},{"taxonomy":"post_tag","embeddable":true,"href":"https:\/\/www.europesays.com\/pl\/wp-json\/wp\/v2\/tags?post=131175"}],"curies":[{"name":"wp","href":"https:\/\/api.w.org\/{rel}","templated":true}]}}