{"id":131181,"date":"2025-12-03T18:30:08","date_gmt":"2025-12-03T18:30:08","guid":{"rendered":"https:\/\/www.europesays.com\/pl\/131181\/"},"modified":"2025-12-03T18:30:08","modified_gmt":"2025-12-03T18:30:08","slug":"to-katastrofa-pzpn-oto-wynik-glosowania-w-sprawie-euro-2029-przeglad-sportowy-onet","status":"publish","type":"post","link":"https:\/\/www.europesays.com\/pl\/131181\/","title":{"rendered":"To katastrofa PZPN! Oto wynik g\u0142osowania w sprawie Euro 2029 &#8211; Przegl\u0105d Sportowy Onet"},"content":{"rendered":"<ol>\n<li><a href=\"https:\/\/news.google.com\/rss\/articles\/CBMiywFBVV95cUxNOHpFZ05fbGtzc21GOG53SVdsLVAtNmphN3RiazVLS1VBdENRdWFIWlhyaFQ1cjBuTGZPdThoeHVuQU52QnlSVmlPdmtKdV9vcU5hTzhvQnBNZ2NfWDNlZV9PMUF0Q1RCSzNVTDY1MG05N1NyclJIbFdDcllCMzJ3ZlN4akREaExBR3ZZSklkZmRJU3hjZGJtN3g5d1FZQkIxTnBYbUlSaW1fZENfTzNNcnZORFk1c0ZZaGxfaEkyYmctbW1BZzhGQVRRbw?oc=5\" target=\"_blank\" rel=\"nofollow noopener\">To katastrofa PZPN! Oto wynik g\u0142osowania w sprawie Euro 2029<\/a>&nbsp;&nbsp;Przegl\u0105d Sportowy Onet<\/li>\n<li><a href=\"https:\/\/news.google.com\/rss\/articles\/CBMipgFBVV95cUxNVC1RdXhkMkI4bnFqZU5FN3c0ZTZfa3FNY2lwLU5haWt1b185NU5BeWc1cU55ZU5oU3pCMU9hSEdxMWRYZ2x0T1M2Vnk4MExleDNTVWpUMHVJS04teTQzckFKcldaYk9VamNNUFJWRm5Vd0FfbzZrem9qb3hsZDNBcllrUXc4bTB4Q2JKLTdyazRFQjRBMmxGM2Q2OVk0VHhsUi15V09B?oc=5\" target=\"_blank\" rel=\"nofollow noopener\">Cezary Kulesza komentuje decyzj\u0119 UEFA. &#8222;Nie poddajemy si\u0119&#8221;<\/a>&nbsp;&nbsp;SportoweFakty<\/li>\n<li><a href=\"https:\/\/news.google.com\/rss\/articles\/CBMiyAFBVV95cUxOZWxNc0VoOGs0MzRUZ0U5dnppZXFVTjNYSWV4b3RRcHAyU0xJcVhhYVIyVkNBOWRmcE5Qc2VXTE5NYlEwMjVmVlpVVWhoTkFtSzk3RFVSSm1IUFVjZC03Sk9PdFpyRzdMUl9ORlV6QnRuMUFWLWdDY2lXbVpjRnUweWQyaFpkZG1GdmZTOWYwdngwcUtnWTktVUliY0hQM2kwX1NxdG9jLUlIX3BiSWJES0ZTc2tTYktnVFlSMzd2d2lQOWtRZm1sWdIBzgFBVV95cUxPaXJCTzFWdWQ1NHFZMFJtSzF6alJnM1B4ZnhMemtpYl9YOXV3Zy1Oa2h4aElsMkFjd1BrZFFYZ2hoUHNuQ0RTLXcwTUJnS1JTdWI3U0YzMHppMGdSMDhNTWZQZ3pQNV9iaThyODFzam14dmpfcWxZSWMtWC12X0dWd3dINXE2eFZPWTFNRHprd1BQSWhncEgtNmlFdHAyRHpORFRwS3ozTDNjSHltWGpVMWo4MTYxeldTWjlnX0xIeUNicWpXazVndUdRbDB3UQ?oc=5\" target=\"_blank\" rel=\"nofollow noopener\">Euro 2029 kobiet w pi\u0142ce no\u017cnej: og\u0142oszenie gospodarza [ZAPIS]<\/a>&nbsp;&nbsp;sport.tvp.pl<\/li>\n<li><a href=\"https:\/\/news.google.com\/rss\/articles\/CBMi1gFBVV95cUxQMWFnanoxUkxwVWxIaC13bUhmczUzOXpiWUxyZGZLQlBrd0o1VjZSaUZFb0c2aW5nVjIxUDhpVXlZS3h0YUlyZUhHcGZRYmdVMXBtNjBQcm16bG9tZ2NfclNWcVpXdDVVUGJkLUx2YTJDZWxqREhFSFJUT3hDeDFMOHVSSzlmZ080QW5GTHRGZndQVmtFNTRiUVpzVEJfQW9aamlqQUI0eEF5STEzZVp0eFBfUXFXZWtZV1drTnRQZ3Q5WEIzc1hadl9jd1NETEI2RnhLVUVR?oc=5\" target=\"_blank\" rel=\"nofollow noopener\">Wystarczy\u0142o jedno s\u0142owo. Tak Zbigniew Boniek podsumowa\u0142 decyzj\u0119 UEFA<\/a>&nbsp;&nbsp;Przegl\u0105d Sportowy Onet<\/li>\n<li><a href=\"https:\/\/news.google.com\/rss\/articles\/CBMitgFBVV95cUxPUm1rM0VVbU5jTUMwSDd6RUdaSzJxdGVhQl9qM2JibkgyOHl4b0VpcWhOc19md3ZzTUJQZ2gxSUtHVXdOekYzRTZrcTNhV3BHWnV6WEF6eVk4NFFTdTB6aUFnVGtnWkVxb2NRckRzTDh6T1duX3BBdTlYUDkwLWVpNnZEbWgzejdUNmZ2NVQ2cTl3NDFudmlKYzVsOVFkN2lkYzVCM2hTTnhJa0RDalJPNHJpSWtRUQ?oc=5\" target=\"_blank\" rel=\"nofollow noopener\">Wszystko jasne. UEFA og\u0142osi\u0142a, kto zorganizuje EURO 2029. Polska by\u0142a na li\u015bcie<\/a>&nbsp;&nbsp;Sport w INTERIA.PL<\/li>\n<\/ol>\n","protected":false},"excerpt":{"rendered":"To katastrofa PZPN! Oto wynik g\u0142osowania w sprawie Euro 2029&nbsp;&nbsp;Przegl\u0105d Sportowy Onet Cezary Kulesza komentuje decyzj\u0119 UEFA. &#8222;Nie&hellip;\n","protected":false},"author":2,"featured_media":131182,"comment_status":"","ping_status":"","sticky":false,"template":"","format":"standard","meta":{"footnotes":""},"categories":[24],"tags":[11051,67,746,4003,42,38,40,39,41,136,128,47,127,135,126,130,4378],"class_list":{"0":"post-131181","1":"post","2":"type-post","3":"status-publish","4":"format-standard","5":"has-post-thumbnail","7":"category-sport","8":"tag-cezary_kulesza","9":"tag-intextvideo_splayer","10":"tag-lysy","11":"tag-pilka_nozna_kobiet","12":"tag-pl","13":"tag-poland","14":"tag-polish","15":"tag-polska","16":"tag-polski","17":"tag-ps_detal_new","18":"tag-psv2","19":"tag-screening_general","20":"tag-sport","21":"tag-sport_sport","22":"tag-sports","23":"tag-wiadomosci_sportowe","24":"tag-zbigniew_boniek"},"share_on_mastodon":{"url":"","error":""},"_links":{"self":[{"href":"https:\/\/www.europesays.com\/pl\/wp-json\/wp\/v2\/posts\/131181","targetHints":{"allow":["GET"]}}],"collection":[{"href":"https:\/\/www.europesays.com\/pl\/wp-json\/wp\/v2\/posts"}],"about":[{"href":"https:\/\/www.europesays.com\/pl\/wp-json\/wp\/v2\/types\/post"}],"author":[{"embeddable":true,"href":"https:\/\/www.europesays.com\/pl\/wp-json\/wp\/v2\/users\/2"}],"replies":[{"embeddable":true,"href":"https:\/\/www.europesays.com\/pl\/wp-json\/wp\/v2\/comments?post=131181"}],"version-history":[{"count":0,"href":"https:\/\/www.europesays.com\/pl\/wp-json\/wp\/v2\/posts\/131181\/revisions"}],"wp:featuredmedia":[{"embeddable":true,"href":"https:\/\/www.europesays.com\/pl\/wp-json\/wp\/v2\/media\/131182"}],"wp:attachment":[{"href":"https:\/\/www.europesays.com\/pl\/wp-json\/wp\/v2\/media?parent=131181"}],"wp:term":[{"taxonomy":"category","embeddable":true,"href":"https:\/\/www.europesays.com\/pl\/wp-json\/wp\/v2\/categories?post=131181"},{"taxonomy":"post_tag","embeddable":true,"href":"https:\/\/www.europesays.com\/pl\/wp-json\/wp\/v2\/tags?post=131181"}],"curies":[{"name":"wp","href":"https:\/\/api.w.org\/{rel}","templated":true}]}}