{"id":131212,"date":"2025-12-03T18:48:14","date_gmt":"2025-12-03T18:48:14","guid":{"rendered":"https:\/\/www.europesays.com\/pl\/131212\/"},"modified":"2025-12-03T18:48:14","modified_gmt":"2025-12-03T18:48:14","slug":"julia-mendel-pracowala-dla-wolodymyra-zelenskiego-teraz-boi-sie-o-zycie","status":"publish","type":"post","link":"https:\/\/www.europesays.com\/pl\/131212\/","title":{"rendered":"Julia Mendel pracowa\u0142a dla Wo\u0142odymyra Ze\u0142enskiego. Teraz boi si\u0119 o \u017cycie"},"content":{"rendered":"<p class=\"ods-c-paragraph \"><a href=\"https:\/\/wiadomosci.onet.pl\/swiat\/trzesienie-ziemi-w-ukrainskiej-polityce-andrij-jermak-podal-sie-do-dymisji\/13j17pw\" id=\"2fda83b9-f61c-4fd6-a91f-0261ebbef524\" rel=\"nofollow noopener\" target=\"_blank\">Prezydent Ukrainy poinformowa\u0142 w ostatni pi\u0105tek 28 listopada<\/a>, \u017ce szef jego biura Andrij Jermak, kt\u00f3ry obj\u0119ty jest \u015bledztwem w sprawie afery korupcyjnej na szczytach w\u0142adzy, poda\u0142 si\u0119 do dymisji. 54-latek by\u0142 bliskim wsp\u00f3\u0142pracownikiem Wo\u0142odymyra Ze\u0142enskiego i od lat jego najbli\u017cszym doradc\u0105. Politycy przez d\u0142ugi czas si\u0119 przyja\u017anili. Dochodzeniem zajmuje si\u0119 Narodowe Biuro Antykorupcyjne <a href=\"https:\/\/wiadomosci.onet.pl\/ukraina\" id=\"ee12bec0-1ad5-4b48-92fc-0e65d60b189c\" rel=\"nofollow noopener\" target=\"_blank\">Ukrainy<\/a> (NABU) w zwi\u0105zku ze \u015bledztwem w sprawie korupcji pod kryptonimem &#8222;Midas&#8221;. Afera wybuch\u0142a na pocz\u0105tku listopada br., a w aktach \u015bledztwa Jermak figuruje pod pseudonimem Ali Baba.<\/p>\n<p>Dalszy ci\u0105g artyku\u0142u pod materia\u0142em wideo<\/p>\n<p> Czego dok\u0142adnie boi si\u0119 Julia Mendel? <\/p>\n<p> Jakie dzia\u0142ania Jermak podejmuje wobec przeciwnik\u00f3w? <\/p>\n<p> Jakie s\u0105 ambicje Andrija Jermaka? <\/p>\n<p> Kto zajmuje si\u0119 \u015bledztwem w sprawie Jermaka? <\/p>\n<blockquote class=\"ods-o-quota\">\n<p class=\"ods-o-quota__paragraph\">W tej chwili, kiedy to m\u00f3wi\u0119, ca\u0142y czas si\u0119 boj\u0119. Codziennie modl\u0119 si\u0119 i dzi\u0119kuj\u0119 Bogu, \u017ce \u017cyj\u0119, poniewa\u017c Andrij Jermak jest bardzo niebezpieczn\u0105 osob\u0105. To bardzo niebezpieczna osoba&#8230; Ci, kt\u00f3rzy go znaj\u0105, doskonale o tym wiedz\u0105<\/p>\n<\/blockquote>\n<p class=\"ods-c-paragraph \">\u2014 m\u00f3wi\u0142a w rozmowie z Radiem Swoboda by\u0142a rzeczniczka prezydenta Ukrainy <a href=\"https:\/\/wiadomosci.onet.pl\/wolodymyr-zelenski\" id=\"aba635d1-bbff-4a2b-9b41-83ae70ae6c26\" rel=\"nofollow noopener\" target=\"_blank\">Wo\u0142odymyra Ze\u0142enskiego<\/a> Julia Mendel.<\/p>\n<p>By\u0142a rzeczniczka prezydenta Ukrainy Wo\u0142odymyra Ze\u0142enskiego boi si\u0119 o \u017cycie. Podaje pow\u00f3d   <\/p>\n<p class=\"ods-c-paragraph \">Na pytanie o to, czego dok\u0142adnie si\u0119 boi, odpowiedzia\u0142a, \u017ce by\u0142y szef biura prezydenta Ukrainy &#8222;ma wiele mo\u017cliwo\u015bci&#8221;. Jako jedn\u0105 z nich wymieni\u0142a publiczne oczernianie i podobne dzia\u0142ania przeciwko tym wszystkim, kt\u00f3rzy si\u0119 mu sprzeciwiaj\u0105. Podkre\u015bli\u0142a, \u017ce Andrij Jermak ma du\u017cy wp\u0142yw na dzia\u0142ania organ\u00f3w \u015bcigania i cz\u0119sto &#8222;wszczyna post\u0119powania karne bez powa\u017cnego powodu&#8221;.<\/p>\n<blockquote class=\"ods-o-quota\">\n<p class=\"ods-o-quota__paragraph\">Widzia\u0142am r\u00f3\u017cnych urz\u0119dnik\u00f3w. Powiem wam, \u017ce jedna urz\u0119dniczka, kiedy odchodzi\u0142a, pali\u0142a papierosa, r\u0119ce jej dr\u017ca\u0142y, patrzy\u0142a na mnie i m\u00f3wi\u0142a: &#8222;Julio, tak si\u0119 nie post\u0119puje z lud\u017ami&#8221;. I uwierzcie mi, tak wielu odchodzi. Tak du\u017co ludzkich los\u00f3w zosta\u0142o zniszczonych przez Andrija Jermaka<\/p>\n<\/blockquote>\n<p class=\"ods-c-paragraph \">\u2014 opisywa\u0142a Julia Mendel.<\/p>\n<p class=\"ods-c-paragraph \">Z jej relacji wynika, \u017ce w 2019 r. Andrij Jermak, podczas swojego pobytu w USA, mia\u0142 pyta\u0107 jednego z ameryka\u0144skich strateg\u00f3w politycznych, jak zosta\u0107 prezydentem. Jak dodaje, &#8222;jego ambicje s\u0105 bardzo du\u017ce&#8221;. Co wi\u0119cej, Mendel twierdzi, \u017ce Jermak celowo mia\u0142 wprowadza\u0107 prezydenta Ukrainy w b\u0142\u0105d m.in. poprzez przekr\u0119canie przekazywanych mu informacji. Jej zdaniem mia\u0142 r\u00f3wnie\u017c przekonywa\u0107 Wo\u0142odymyra Ze\u0142enskiego, \u017ce nie dojdzie do pe\u0142nej inwazji Rosji na Ukrain\u0119.<\/p>\n","protected":false},"excerpt":{"rendered":"Prezydent Ukrainy poinformowa\u0142 w ostatni pi\u0105tek 28 listopada, \u017ce szef jego biura Andrij Jermak, kt\u00f3ry obj\u0119ty jest \u015bledztwem&hellip;\n","protected":false},"author":2,"featured_media":131213,"comment_status":"","ping_status":"","sticky":false,"template":"","format":"standard","meta":{"footnotes":""},"categories":[14],"tags":[13732,32,33,27,27397,34,35,28,31,48,25,46,40,41,87,16822,47,80,29,30,415,26,309,82,83,84],"class_list":{"0":"post-131212","1":"post","2":"type-post","3":"status-publish","4":"format-standard","5":"has-post-thumbnail","7":"category-swiat","8":"tag-andrij_jermak","9":"tag-breaking-news","10":"tag-breakingnews","11":"tag-headlines","12":"tag-julia_mendel","13":"tag-latest-news","14":"tag-latestnews","15":"tag-naglowki","16":"tag-najwazniejsze-artykuly","17":"tag-nat_styl","18":"tag-news","19":"tag-omp","20":"tag-polish","21":"tag-polski","22":"tag-rosja","23":"tag-rzecznik","24":"tag-screening_general","25":"tag-swiat","26":"tag-top-stories","27":"tag-topstories","28":"tag-ukraina","29":"tag-wiadomosci","30":"tag-wolodymyr_zelenski","31":"tag-world","32":"tag-world-news","33":"tag-worldnews"},"share_on_mastodon":{"url":"https:\/\/pubeurope.com\/@pl\/115657133592157597","error":""},"_links":{"self":[{"href":"https:\/\/www.europesays.com\/pl\/wp-json\/wp\/v2\/posts\/131212","targetHints":{"allow":["GET"]}}],"collection":[{"href":"https:\/\/www.europesays.com\/pl\/wp-json\/wp\/v2\/posts"}],"about":[{"href":"https:\/\/www.europesays.com\/pl\/wp-json\/wp\/v2\/types\/post"}],"author":[{"embeddable":true,"href":"https:\/\/www.europesays.com\/pl\/wp-json\/wp\/v2\/users\/2"}],"replies":[{"embeddable":true,"href":"https:\/\/www.europesays.com\/pl\/wp-json\/wp\/v2\/comments?post=131212"}],"version-history":[{"count":0,"href":"https:\/\/www.europesays.com\/pl\/wp-json\/wp\/v2\/posts\/131212\/revisions"}],"wp:featuredmedia":[{"embeddable":true,"href":"https:\/\/www.europesays.com\/pl\/wp-json\/wp\/v2\/media\/131213"}],"wp:attachment":[{"href":"https:\/\/www.europesays.com\/pl\/wp-json\/wp\/v2\/media?parent=131212"}],"wp:term":[{"taxonomy":"category","embeddable":true,"href":"https:\/\/www.europesays.com\/pl\/wp-json\/wp\/v2\/categories?post=131212"},{"taxonomy":"post_tag","embeddable":true,"href":"https:\/\/www.europesays.com\/pl\/wp-json\/wp\/v2\/tags?post=131212"}],"curies":[{"name":"wp","href":"https:\/\/api.w.org\/{rel}","templated":true}]}}