{"id":131240,"date":"2025-12-03T19:03:10","date_gmt":"2025-12-03T19:03:10","guid":{"rendered":"https:\/\/www.europesays.com\/pl\/131240\/"},"modified":"2025-12-03T19:03:10","modified_gmt":"2025-12-03T19:03:10","slug":"wypadek-dwoch-tramwajow-w-krakowie-sa-ranni","status":"publish","type":"post","link":"https:\/\/www.europesays.com\/pl\/131240\/","title":{"rendered":"Wypadek dw\u00f3ch tramwaj\u00f3w w Krakowie. S\u0105 ranni"},"content":{"rendered":"<p class=\"ods-c-paragraph \">Wi\u0119cej informacji wkr\u00f3tce.<\/p>\n<p> Gdzie w Krakowie dosz\u0142o do zderzenia tramwaj\u00f3w? <\/p>\n<p> Ilu rannych jest w wyniku tego incydentu? <\/p>\n<p> Jakie linie tramwajowe zosta\u0142y przekierowane? <\/p>\n<p> Kto zosta\u0142 powa\u017cnie ranny w zderzeniu tramwaj\u00f3w? <\/p>\n<p class=\"ods-c-paragraph \">Jak informuj\u0105 \u015bwiadkowie zdarzenia, do zderzenia tramwaj\u00f3w linii nr 5 oraz 52 dosz\u0142o niedaleko Ronda Kocmyrzowskiego w Nowej Hucie.<\/p>\n<p class=\"ods-c-paragraph \">Z informacji przekazanych przez krakowskie Miejskie Przedsi\u0119biorstwo Komunikacyjne wynika, \u017ce tramwaje linii 1, 5, 9, 14, 52 zosta\u0142y przekierowane na trasy objazdowe.<\/p>\n<p class=\"ods-c-paragraph \">Z kolei z informacji przekazanych przez platform\u0119 internetow\u0105 Urz\u0119du Miasta Krakowa wynika, \u017ce w zdarzeniu ucierpia\u0142o 35 os\u00f3b \u2014 powa\u017cnie ranny zosta\u0142 jeden motorniczy. L\u017cej rannych jest 34 pasa\u017cer\u00f3w. Cz\u0119\u015b\u0107 z rannych os\u00f3b \u2014 11 \u2014 trafi\u0142a do szpitala. W najci\u0119\u017cszym stanie znajduje si\u0119 motorniczy jednego z tramwaj\u00f3w.<\/p>\n<p class=\"ods-c-paragraph \">Rzecznik prasowy ma\u0142opolskiego komendanta wojew\u00f3dzkiego PSP poinformowa\u0142, \u017ce w rejonie wypadku wyst\u0119puj\u0105 du\u017ce utrudnienia w ruchu. Zaleci\u0142, by kierowcy w miar\u0119 mo\u017cliwo\u015bci omijali miejsce zdarzenia.<\/p>\n<p class=\"ods-c-paragraph \">Przyczyny zderzenia tramwaj\u00f3w nie s\u0105 jeszcze znane. \u2014 Zabezpieczamy materia\u0142 dowodowy, na podstawie kt\u00f3rego b\u0119dziemy odtwarza\u0107 przebieg wypadku. Na jakiekolwiek wnioski na tym etapie jest zbyt wcze\u015bnie \u2014 poinformowa\u0142a w rozmowie z TVN 24 asp. Anna Zbroja-Zag\u00f3rska, z biura prasowego Komendy Wojew\u00f3dzkiej Policji w Krakowie.<\/p>\n","protected":false},"excerpt":{"rendered":"Wi\u0119cej informacji wkr\u00f3tce. Gdzie w Krakowie dosz\u0142o do zderzenia tramwaj\u00f3w? Ilu rannych jest w wyniku tego incydentu? Jakie&hellip;\n","protected":false},"author":2,"featured_media":97591,"comment_status":"","ping_status":"","sticky":false,"template":"","format":"standard","meta":{"footnotes":""},"categories":[12],"tags":[32,33,36,37,27,49,1304,34,35,28,31,48,25,46,42,38,40,39,41,47,29,30,10539,26],"class_list":{"0":"post-131240","1":"post","2":"type-post","3":"status-publish","4":"format-standard","5":"has-post-thumbnail","7":"category-polska","8":"tag-breaking-news","9":"tag-breakingnews","10":"tag-featured-news","11":"tag-featurednews","12":"tag-headlines","13":"tag-kraj","14":"tag-krakow","15":"tag-latest-news","16":"tag-latestnews","17":"tag-naglowki","18":"tag-najwazniejsze-artykuly","19":"tag-nat_styl","20":"tag-news","21":"tag-omp","22":"tag-pl","23":"tag-poland","24":"tag-polish","25":"tag-polska","26":"tag-polski","27":"tag-screening_general","28":"tag-top-stories","29":"tag-topstories","30":"tag-tramwaje","31":"tag-wiadomosci"},"share_on_mastodon":{"url":"https:\/\/pubeurope.com\/@pl\/115657192585018587","error":""},"_links":{"self":[{"href":"https:\/\/www.europesays.com\/pl\/wp-json\/wp\/v2\/posts\/131240","targetHints":{"allow":["GET"]}}],"collection":[{"href":"https:\/\/www.europesays.com\/pl\/wp-json\/wp\/v2\/posts"}],"about":[{"href":"https:\/\/www.europesays.com\/pl\/wp-json\/wp\/v2\/types\/post"}],"author":[{"embeddable":true,"href":"https:\/\/www.europesays.com\/pl\/wp-json\/wp\/v2\/users\/2"}],"replies":[{"embeddable":true,"href":"https:\/\/www.europesays.com\/pl\/wp-json\/wp\/v2\/comments?post=131240"}],"version-history":[{"count":0,"href":"https:\/\/www.europesays.com\/pl\/wp-json\/wp\/v2\/posts\/131240\/revisions"}],"wp:featuredmedia":[{"embeddable":true,"href":"https:\/\/www.europesays.com\/pl\/wp-json\/wp\/v2\/media\/97591"}],"wp:attachment":[{"href":"https:\/\/www.europesays.com\/pl\/wp-json\/wp\/v2\/media?parent=131240"}],"wp:term":[{"taxonomy":"category","embeddable":true,"href":"https:\/\/www.europesays.com\/pl\/wp-json\/wp\/v2\/categories?post=131240"},{"taxonomy":"post_tag","embeddable":true,"href":"https:\/\/www.europesays.com\/pl\/wp-json\/wp\/v2\/tags?post=131240"}],"curies":[{"name":"wp","href":"https:\/\/api.w.org\/{rel}","templated":true}]}}