{"id":131323,"date":"2025-12-03T19:54:14","date_gmt":"2025-12-03T19:54:14","guid":{"rendered":"https:\/\/www.europesays.com\/pl\/131323\/"},"modified":"2025-12-03T19:54:14","modified_gmt":"2025-12-03T19:54:14","slug":"wiadomo-kiedy-poznamy-terminarze-pge-ekstraligi-i-2-ekstraligi-wazny-komunikat-przeglad-sportowy-onet","status":"publish","type":"post","link":"https:\/\/www.europesays.com\/pl\/131323\/","title":{"rendered":"Wiadomo kiedy poznamy terminarze PGE Ekstraligi i 2. Ekstraligi. Wa\u017cny komunikat &#8211; Przegl\u0105d Sportowy Onet"},"content":{"rendered":"<ol>\n<li><a href=\"https:\/\/news.google.com\/rss\/articles\/CBMixAFBVV95cUxQQVQ2MDVWei04TmJLdTA1Y1pRWmhqdGw4SnBONFBGOXc4NWV3MHl3Q1lZaUpUMTU1a1FPY3ZhNm9oclJfdWRmdTMwU3VLWHRPdm5LOVVXZ19MMkhwdzVxa1hmbDBFNzFrRHJKQzZRcGFVcW8zZjRQYV9PaEczZHJMTWR2TGhiV1BfX1l5Mmc4bEp6ci1yX0hBVTNzREdLdXlpQi1FYU40a3YzSVBZSGI3SkZ3Y0Z3VXNudld2VVo2XzJkYk5O?oc=5\" target=\"_blank\" rel=\"nofollow noopener\">Wiadomo kiedy poznamy terminarze PGE Ekstraligi i 2. Ekstraligi. Wa\u017cny komunikat<\/a>&nbsp;&nbsp;Przegl\u0105d Sportowy Onet<\/li>\n<li><a href=\"https:\/\/news.google.com\/rss\/articles\/CBMivAFBVV95cUxNaldGMy1udUMzNkdNbE1OZDFUaHF0ZktpVUtmODJfRVdiNDdJdWtpd3hQOTZMNmIxSkJaMFhkQXpqaGtuOTJEOWhEeFNza1czcWVLdjU3aEtTSFZvRElKb3JWb0JGWlQ2YjlSSGhqMnRCbFNDTm83a3RIdS04UmhScDZ2S3ZJYmlmZ0R6MFUydHI0SlI4V0tzVWR6ajZzcUZ3OTBVUHJpQWNwX1dPZU1Rc01Bajk4Y29SNHctdg?oc=5\" target=\"_blank\" rel=\"nofollow noopener\">Kluby siedz\u0105 jak na szpilkach. S\u0105dna data, wtedy wszystko b\u0119dzie jasne<\/a>&nbsp;&nbsp;Sport w INTERIA.PL<\/li>\n<li><a href=\"https:\/\/news.google.com\/rss\/articles\/CBMiZ0FVX3lxTFBCRDBFUHlHbHo5UFVBd2lPWl9LQnRxQlg1Yl9KRE1ZN1JZRjNnOE9oNUt1U0REZm9VZlRidVNTQ2JYVmw2UjRfdWhGUXRJMFVlOVowM0ptRFdqLUJkTWdpWE52aDlsSDg?oc=5\" target=\"_blank\" rel=\"nofollow noopener\">\u017bu\u017cel. Wtedy poznamy terminarz! Ekstraliga poda\u0142a daty<\/a>&nbsp;&nbsp;PoBandzie<\/li>\n<li><a href=\"https:\/\/news.google.com\/rss\/articles\/CBMimwFBVV95cUxNVi0wcTBnbE95NWloODZtblZhX1pwZDI2TmU5NWlwSXlCSnZKcE9SSWR4cDR5R1FnVG1zV3pDX0hyQ2FVaHZ1OVBELU5LOGkzaFhLWUFnXzA5eDBqOXlQZEpXeWRCZ2UxM2NBcFBpX1hRVlNRZ2phcy1xSkV6alA2SDR4enVtYVAwTmZVYVliM3BtRTBIUTlEd1Jwbw?oc=5\" target=\"_blank\" rel=\"nofollow noopener\">\u017bu\u017cel. On ju\u017c wie. Wskaza\u0142, kto spadnie z PGE Ekstraligi<\/a>&nbsp;&nbsp;SportoweFakty<\/li>\n<li><a href=\"https:\/\/news.google.com\/rss\/articles\/CBMiZ0FVX3lxTE9xVUdZVE9QdmE4SW5ZeW83UXN5cDFPaDFLdVp2LUMtV2x3bWk4ZnJiOFY1LUk0OGI0VEtpUWxnX3pCZ2d5WmFiczNwZWxiWUdYS1NLV1FoeFlxMDJYU0R5cWY3RnNJVmM?oc=5\" target=\"_blank\" rel=\"nofollow noopener\">Szok po og\u0142oszeniu sk\u0142ad\u00f3w dru\u017cyn PGE Ekstraligi. \u017bu\u017clowcy tym razem dotrzymali s\u0142owa<\/a>&nbsp;&nbsp;otoTorun.pl<\/li>\n<\/ol>\n","protected":false},"excerpt":{"rendered":"Wiadomo kiedy poznamy terminarze PGE Ekstraligi i 2. Ekstraligi. Wa\u017cny komunikat&nbsp;&nbsp;Przegl\u0105d Sportowy Onet Kluby siedz\u0105 jak na szpilkach.&hellip;\n","protected":false},"author":2,"featured_media":131324,"comment_status":"","ping_status":"","sticky":false,"template":"","format":"standard","meta":{"footnotes":""},"categories":[24],"tags":[173,67,1297,175,42,38,40,39,41,136,128,47,127,135,126,14156,174],"class_list":{"0":"post-131323","1":"post","2":"type-post","3":"status-publish","4":"format-standard","5":"has-post-thumbnail","7":"category-sport","8":"tag-ekstraliga","9":"tag-intextvideo_splayer","10":"tag-metalkas_2-_ekstraliga","11":"tag-pge_ekstraliga","12":"tag-pl","13":"tag-poland","14":"tag-polish","15":"tag-polska","16":"tag-polski","17":"tag-ps_detal_new","18":"tag-psv2","19":"tag-screening_general","20":"tag-sport","21":"tag-sport_sport","22":"tag-sports","23":"tag-zbigniew_fialkowski","24":"tag-zuzel"},"share_on_mastodon":{"url":"https:\/\/pubeurope.com\/@pl\/115657393076479404","error":""},"_links":{"self":[{"href":"https:\/\/www.europesays.com\/pl\/wp-json\/wp\/v2\/posts\/131323","targetHints":{"allow":["GET"]}}],"collection":[{"href":"https:\/\/www.europesays.com\/pl\/wp-json\/wp\/v2\/posts"}],"about":[{"href":"https:\/\/www.europesays.com\/pl\/wp-json\/wp\/v2\/types\/post"}],"author":[{"embeddable":true,"href":"https:\/\/www.europesays.com\/pl\/wp-json\/wp\/v2\/users\/2"}],"replies":[{"embeddable":true,"href":"https:\/\/www.europesays.com\/pl\/wp-json\/wp\/v2\/comments?post=131323"}],"version-history":[{"count":0,"href":"https:\/\/www.europesays.com\/pl\/wp-json\/wp\/v2\/posts\/131323\/revisions"}],"wp:featuredmedia":[{"embeddable":true,"href":"https:\/\/www.europesays.com\/pl\/wp-json\/wp\/v2\/media\/131324"}],"wp:attachment":[{"href":"https:\/\/www.europesays.com\/pl\/wp-json\/wp\/v2\/media?parent=131323"}],"wp:term":[{"taxonomy":"category","embeddable":true,"href":"https:\/\/www.europesays.com\/pl\/wp-json\/wp\/v2\/categories?post=131323"},{"taxonomy":"post_tag","embeddable":true,"href":"https:\/\/www.europesays.com\/pl\/wp-json\/wp\/v2\/tags?post=131323"}],"curies":[{"name":"wp","href":"https:\/\/api.w.org\/{rel}","templated":true}]}}