{"id":131347,"date":"2025-12-03T20:16:13","date_gmt":"2025-12-03T20:16:13","guid":{"rendered":"https:\/\/www.europesays.com\/pl\/131347\/"},"modified":"2025-12-03T20:16:13","modified_gmt":"2025-12-03T20:16:13","slug":"joanna-krupa-odniosla-sie-do-plotek-o-zwiazku-powiem-to-sama","status":"publish","type":"post","link":"https:\/\/www.europesays.com\/pl\/131347\/","title":{"rendered":"Joanna Krupa odnios\u0142a si\u0119 do plotek o zwi\u0105zku. &#8222;Powiem to sama&#8221;"},"content":{"rendered":"<p><a href=\"https:\/\/film.interia.pl\/gwiazda-joanna-krupa,pId,17426\" target=\"_blank\" rel=\"noreferrer noopener nofollow\">Joanna Krupa<\/a>\u00a0jest jedn\u0105 z najpopularniejszych postaci polskiego show-biznesu. Jurorka programu\u00a0<a href=\"https:\/\/www.pomponik.pl\/gwiazdy-i-produkcje-top-model,gsbi,72\" target=\"_blank\" rel=\"noreferrer noopener nofollow\">&#8222;Top Model&#8221;<\/a>, kt\u00f3ra sama zaczyna\u0142a karier\u0119 od modelingu, jest obecnie znana jako prawdziwa ikona stylu.<\/p>\n<p>    &#13;<br \/>\n        &#13;<\/p>\n<p>Modelka nie ukrywa, \u017ce losy zwierz\u0105t s\u0105 dla niej bardzo wa\u017cne. Gdy wi\u0119c us\u0142ysza\u0142a o podpisaniu przez Karola Nawrockiego ustawy zakazuj\u0105cej hodowli zwierz\u0105t futerkowych, postanowi\u0142a pogratulowa\u0107 mu poprzez wpis w mediach spo\u0142eczno\u015bciowych.<\/p>\n<p>&#8222;Polska zapisa\u0142a si\u0119 w historii. Jestem ogromnie dumna, \u017ce prezydent podpisa\u0142 ustaw\u0119 o zakazie hodowli zwierz\u0105t na futro. To walka, kt\u00f3r\u0105 wielu z nas prowadzi\u0142o od lat. Dzi\u0119kuj\u0119 ka\u017cdemu aktywi\u015bcie, ka\u017cdej organizacji i wszystkim, kt\u00f3rzy nigdy nie odpu\u015bcili. To zwyci\u0119stwo empatii, odwagi i lepszego \u015bwiata dla zwierz\u0105t&#8221; &#8211; czytamy.<\/p>\n<p>W zamieszczonym wpisie gwiazda postanowi\u0142a tak\u017ce odnie\u015b\u0107 si\u0119 plotek na jej temat, kt\u00f3re od kilku tygodniu kr\u0105\u017c\u0105 po sieci. Dotycz\u0105 one domniemanej relacji z politykiem Dominikiem Tarczy\u0144skim. Wypowied\u017a modelki nie pozostawia ju\u017c jednak \u017cadnych w\u0105tpliwo\u015bci w temacie \u0142\u0105cz\u0105cych ich wi\u0119zi.<\/p>\n<p>&#8222;A skoro internet huczy od plotek&#8230; Powiem to sama: Jestem singielk\u0105. Spotykam si\u0119, poznaj\u0119 nowych ludzi, ale nie jestem w \u017cadnym zwi\u0105zku. Skupiam si\u0119 na mojej c\u00f3rce, pracy i projektach, kt\u00f3re kocham&#8221; &#8211; napisa\u0142a.<\/p>\n<p>Podczas jednego z wywiad\u00f3w dla Plejady Krupa przyzna\u0142a, \u017ce nie przejmuje si\u0119\u00a0pog\u0142oskami\u00a0kr\u0105\u017c\u0105cymi na jej temat. Jest w bran\u017cy na tyle d\u0142ugo, \u017ce s\u0142owa obcych nie maj\u0105 ju\u017c na ni\u0105 \u017cadnego wp\u0142ywu:<\/p>\n<p>&#8222;Nigdy si\u0119 nie przejmowa\u0142am plotkami. Nigdy si\u0119 nie przejmowa\u0142am, co kto\u015b pisze na m\u00f3j temat. Jak co\u015b nie wychodzi z moich ust, to jest to tylko plotka i w og\u00f3le si\u0119 tym nie przejmuj\u0119. Jestem w bran\u017cy ponad 20 lat. Machn\u0119 r\u0119k\u0105 i jak mam co\u015b do powiedzenia, to powiem, jak nie, to nie ma tematu&#8221;.<\/p>\n<p>Zobacz te\u017c:<\/p>\n<p><a href=\"https:\/\/swiatseriali.interia.pl\/newsy\/seriale\/amazon-prime-video-seriale-1456\/news-nieznane-oblicze-polskiej-artystki-nowy-serial-odkryje-jej-s,nId,8046482#utm_source=paste&amp;utm_medium=paste&amp;utm_campaign=chrome\" rel=\"nofollow noopener\" target=\"_blank\">Nieznane oblicze polskiej artystki. Nowy serial odkryje jej sekrety<\/a><\/p>\n<p>&#13;<br \/>\n    &#13;<br \/>\n            Wideo&#13;<\/p>\n<p>        &#13;<br \/>\n&#13;<br \/>\n    &#13;<br \/>\n        &#13;<br \/>\n                &#13;<\/p>\n<p>&#13;<br \/>\n                                        Warsaw SerialCon: Barbara Wypych o SerialConie oraz &#8222;Matkach pingwin\u00f3w&#8221;&#13;<br \/>\n                                        INTERIA.PL&#13;\n                    <\/p>\n<p>&#13;<\/p>\n","protected":false},"excerpt":{"rendered":"Joanna Krupa\u00a0jest jedn\u0105 z najpopularniejszych postaci polskiego show-biznesu. Jurorka programu\u00a0&#8222;Top Model&#8221;, kt\u00f3ra sama zaczyna\u0142a karier\u0119 od modelingu, jest&hellip;\n","protected":false},"author":2,"featured_media":131348,"comment_status":"","ping_status":"","sticky":false,"template":"","format":"standard","meta":{"footnotes":""},"categories":[22],"tags":[122,42,38,40,39,41,123],"class_list":{"0":"post-131347","1":"post","2":"type-post","3":"status-publish","4":"format-standard","5":"has-post-thumbnail","7":"category-rozrywka","8":"tag-entertainment","9":"tag-pl","10":"tag-poland","11":"tag-polish","12":"tag-polska","13":"tag-polski","14":"tag-rozrywka"},"share_on_mastodon":{"url":"https:\/\/pubeurope.com\/@pl\/115657479475326555","error":""},"_links":{"self":[{"href":"https:\/\/www.europesays.com\/pl\/wp-json\/wp\/v2\/posts\/131347","targetHints":{"allow":["GET"]}}],"collection":[{"href":"https:\/\/www.europesays.com\/pl\/wp-json\/wp\/v2\/posts"}],"about":[{"href":"https:\/\/www.europesays.com\/pl\/wp-json\/wp\/v2\/types\/post"}],"author":[{"embeddable":true,"href":"https:\/\/www.europesays.com\/pl\/wp-json\/wp\/v2\/users\/2"}],"replies":[{"embeddable":true,"href":"https:\/\/www.europesays.com\/pl\/wp-json\/wp\/v2\/comments?post=131347"}],"version-history":[{"count":0,"href":"https:\/\/www.europesays.com\/pl\/wp-json\/wp\/v2\/posts\/131347\/revisions"}],"wp:featuredmedia":[{"embeddable":true,"href":"https:\/\/www.europesays.com\/pl\/wp-json\/wp\/v2\/media\/131348"}],"wp:attachment":[{"href":"https:\/\/www.europesays.com\/pl\/wp-json\/wp\/v2\/media?parent=131347"}],"wp:term":[{"taxonomy":"category","embeddable":true,"href":"https:\/\/www.europesays.com\/pl\/wp-json\/wp\/v2\/categories?post=131347"},{"taxonomy":"post_tag","embeddable":true,"href":"https:\/\/www.europesays.com\/pl\/wp-json\/wp\/v2\/tags?post=131347"}],"curies":[{"name":"wp","href":"https:\/\/api.w.org\/{rel}","templated":true}]}}